{"id":140058,"date":"2025-05-22T17:34:50","date_gmt":"2025-05-22T15:34:50","guid":{"rendered":"https:\/\/www.burgosdeporte.com\/?p=140058"},"modified":"2025-05-23T17:25:18","modified_gmt":"2025-05-23T15:25:18","slug":"lorena-wiebes-toma-ventaja-tras-imponerse-al-sprint-en-poza-de-la-sal","status":"publish","type":"post","link":"https:\/\/www.burgosdeporte.com\/?p=140058","title":{"rendered":"Lorena Wiebes toma ventaja tras ganar al sprint en Poza de la Sal"},"content":{"rendered":"\n<h1 class=\"wp-block-heading\"><strong>La neerlandesa del SD Worx se llev\u00f3 la victoria en la primera etapa de la Vuelta a Burgos F\u00e9minas 2025. La actual campeona de Europa estrena el maillot morado de l\u00edder, confirmando su dominio en llegadas masivas.<\/strong><\/h1>\n\n\n\n<p class=\"has-text-align-right\"><em>Fotos: Ricardo Ord\u00f3\u00f1ez\/Diputaci\u00f3n Burgos.<\/em><\/p>\n\n\n<div class=\"wp-block-image\">\n<figure class=\"aligncenter size-full\"><img loading=\"lazy\" decoding=\"async\" width=\"300\" height=\"250\" src=\"https:\/\/www.burgosdeporte.com\/wp-content\/uploads\/2025\/05\/2.BUDeporte_NissanQQ_Mayo25-1.gif\" alt=\"\" class=\"wp-image-139959\"\/><\/figure>\n<\/div>\n\n\n<p>La Vuelta a Burgos F\u00e9minas 2025 comenz\u00f3 hoy con una etapa en homenaje a F\u00e9lix Rodr\u00edguez de la Fuente, c\u00e9lebre naturalista nacido en Poza de la Sal, lugar donde tambi\u00e9n finaliz\u00f3 la jornada. <\/p>\n\n\n\n<p>El tel\u00f3n se levant\u00f3 frente a uno de los monumentos g\u00f3ticos m\u00e1s majestuosos, la Catedral de Burgos, Patrimonio de la Humanidad y en sus inmediaciones, con un ambiente espectacular se dio la salida de esta primera jornada, con un pelot\u00f3n multicolor preparado para afrontar 125 exigentes kil\u00f3metros.<\/p>\n\n\n\n<figure class=\"wp-block-image size-full\"><img loading=\"lazy\" decoding=\"async\" width=\"1000\" height=\"594\" src=\"https:\/\/www.burgosdeporte.com\/wp-content\/uploads\/2025\/05\/fem-primera-etapa-1.jpg\" alt=\"\" class=\"wp-image-140067\" srcset=\"https:\/\/www.burgosdeporte.com\/wp-content\/uploads\/2025\/05\/fem-primera-etapa-1.jpg 1000w, https:\/\/www.burgosdeporte.com\/wp-content\/uploads\/2025\/05\/fem-primera-etapa-1-300x178.jpg 300w, https:\/\/www.burgosdeporte.com\/wp-content\/uploads\/2025\/05\/fem-primera-etapa-1-768x456.jpg 768w, https:\/\/www.burgosdeporte.com\/wp-content\/uploads\/2025\/05\/fem-primera-etapa-1-150x89.jpg 150w, https:\/\/www.burgosdeporte.com\/wp-content\/uploads\/2025\/05\/fem-primera-etapa-1-696x413.jpg 696w\" sizes=\"auto, (max-width: 1000px) 100vw, 1000px\" \/><figcaption class=\"wp-element-caption\">Foto: Ricardo Ord\u00f3\u00f1ez\/Diputaci\u00f3n Burgos. <\/figcaption><\/figure>\n\n\n\n<p>Nada m\u00e1s dejar atr\u00e1s la ciudad, la jornada se anim\u00f3 pronto con una escapada protagonizada por Morgane Coston (Cofidis) y la espa\u00f1ola Idoia Eraso Lasa (Laboral Kutxa), que se lanzaron a la aventura y llegaron a tener una ventaja de un minuto. En el Alto de Las Rebolledas, Coston fue la m\u00e1s fuerte, seguida por su compa\u00f1era de fuga. M\u00e1s adelante, mientras el pelot\u00f3n se adentraba en Huermeces, la francesa Oceane Mahe intent\u00f3 unirse a la cabeza sin \u00e9xito. En el Alto de la Ermita de Las Mercedes, Coston volvi\u00f3 a coronar en cabeza, reforzando su liderato en la clasificaci\u00f3n de la monta\u00f1a.<\/p>\n\n\n\n<figure class=\"wp-block-image size-full\"><img loading=\"lazy\" decoding=\"async\" width=\"1000\" height=\"598\" src=\"https:\/\/www.burgosdeporte.com\/wp-content\/uploads\/2025\/05\/fem-primera-etapa-4.jpg\" alt=\"\" class=\"wp-image-140064\" srcset=\"https:\/\/www.burgosdeporte.com\/wp-content\/uploads\/2025\/05\/fem-primera-etapa-4.jpg 1000w, https:\/\/www.burgosdeporte.com\/wp-content\/uploads\/2025\/05\/fem-primera-etapa-4-300x179.jpg 300w, https:\/\/www.burgosdeporte.com\/wp-content\/uploads\/2025\/05\/fem-primera-etapa-4-768x459.jpg 768w, https:\/\/www.burgosdeporte.com\/wp-content\/uploads\/2025\/05\/fem-primera-etapa-4-150x90.jpg 150w, https:\/\/www.burgosdeporte.com\/wp-content\/uploads\/2025\/05\/fem-primera-etapa-4-696x416.jpg 696w\" sizes=\"auto, (max-width: 1000px) 100vw, 1000px\" \/><figcaption class=\"wp-element-caption\">Foto: Ricardo Ord\u00f3\u00f1ez\/Diputaci\u00f3n Burgos. <\/figcaption><\/figure>\n\n\n\n<p>La carrera se rompi\u00f3 definitivamente en el descenso hacia Valdenoceda, donde el pelot\u00f3n termin\u00f3 por neutralizar la fuga. Fue entonces cuando las grandes figuras aparecieron: Lotte Kopecky, Lorena Wiebes y Elisa Longo Borghini formaron un grupo peligroso que sac\u00f3 medio minuto de renta. El contraataque no tard\u00f3. Equipos como Lidl Trek y Movistar reaccionaron y empujaron con fuerza para reducir diferencias. Marlen Reusser lanz\u00f3 un ataque valiente desde el pelot\u00f3n a 25 km de meta, buscando reengancharse a la cabeza. En paralelo, el pelot\u00f3n se fue recomponiendo en un trazado que combinaba tramos t\u00e9cnicos con espectaculares vistas hacia la Bureba y con el aire como principal protagonista.<\/p>\n\n\n\n<figure class=\"wp-block-image size-full\"><img loading=\"lazy\" decoding=\"async\" width=\"1000\" height=\"586\" src=\"https:\/\/www.burgosdeporte.com\/wp-content\/uploads\/2025\/05\/fem-primera-etapa-6.jpg\" alt=\"\" class=\"wp-image-140062\" srcset=\"https:\/\/www.burgosdeporte.com\/wp-content\/uploads\/2025\/05\/fem-primera-etapa-6.jpg 1000w, https:\/\/www.burgosdeporte.com\/wp-content\/uploads\/2025\/05\/fem-primera-etapa-6-300x176.jpg 300w, https:\/\/www.burgosdeporte.com\/wp-content\/uploads\/2025\/05\/fem-primera-etapa-6-768x450.jpg 768w, https:\/\/www.burgosdeporte.com\/wp-content\/uploads\/2025\/05\/fem-primera-etapa-6-150x88.jpg 150w, https:\/\/www.burgosdeporte.com\/wp-content\/uploads\/2025\/05\/fem-primera-etapa-6-696x408.jpg 696w\" sizes=\"auto, (max-width: 1000px) 100vw, 1000px\" \/><figcaption class=\"wp-element-caption\">Foto: Ricardo Ord\u00f3\u00f1ez\/Diputaci\u00f3n Burgos. <\/figcaption><\/figure>\n\n\n\n<p>En el Alto de La Varga, la joven Celia Gery (TST) coron\u00f3 en primer lugar, mientras el pelot\u00f3n se tensaba al m\u00e1ximo. En la bajada, los grupos se fueron fusionando en un continuo de ataques y contraataques que manten\u00eda el suspense hasta el final. La corredora espa\u00f1ola Mireia Benito lo intent\u00f3 una y otra vez con valent\u00eda, pero solo Celia Gery y Steffi H\u00e4berlin (SD Worx) lograron abrir un hueco real, llegando a tener hasta un minuto de ventaja.<\/p>\n\n\n\n<figure class=\"wp-block-image size-full\"><img loading=\"lazy\" decoding=\"async\" width=\"1000\" height=\"663\" src=\"https:\/\/www.burgosdeporte.com\/wp-content\/uploads\/2025\/05\/fem-primera-etapa-7.jpg\" alt=\"\" class=\"wp-image-140061\" srcset=\"https:\/\/www.burgosdeporte.com\/wp-content\/uploads\/2025\/05\/fem-primera-etapa-7.jpg 1000w, https:\/\/www.burgosdeporte.com\/wp-content\/uploads\/2025\/05\/fem-primera-etapa-7-300x199.jpg 300w, https:\/\/www.burgosdeporte.com\/wp-content\/uploads\/2025\/05\/fem-primera-etapa-7-768x509.jpg 768w, https:\/\/www.burgosdeporte.com\/wp-content\/uploads\/2025\/05\/fem-primera-etapa-7-150x99.jpg 150w, https:\/\/www.burgosdeporte.com\/wp-content\/uploads\/2025\/05\/fem-primera-etapa-7-696x461.jpg 696w\" sizes=\"auto, (max-width: 1000px) 100vw, 1000px\" \/><figcaption class=\"wp-element-caption\">Foto: Ricardo Ord\u00f3\u00f1ez\/Diputaci\u00f3n Burgos. <\/figcaption><\/figure>\n\n\n\n<p>Pero la carretera empezaba a picar hacia arriba, y en los \u00faltimos 1,3 km, cuando el paisaje ya anunciaba la llegada al hist\u00f3rico pueblo natal de F\u00e9lix Rodr\u00edguez de la Fuente, el grupo perseguidor las atrap\u00f3. En la recta final de llegada a Poza de la Sal, entre casas blasonadas y la vieja salina, Kopecky y Chabbey marcaron el ritmo, y a solo 200 metros del final, se desat\u00f3 el sprint. Lorena Wiebes, actual campeona de Europa, ejecut\u00f3 su aceleraci\u00f3n perfecta tras el esfuerzo de su compa\u00f1era Kopecky y se impuso por delante de Elisa Balsamo (Lidl Trek), con Kopecky cerrando el podio.<\/p>\n\n\n\n<figure class=\"wp-block-image size-full\"><img loading=\"lazy\" decoding=\"async\" width=\"1000\" height=\"660\" src=\"https:\/\/www.burgosdeporte.com\/wp-content\/uploads\/2025\/05\/fem-primera-etapa-5.jpg\" alt=\"\" class=\"wp-image-140063\" srcset=\"https:\/\/www.burgosdeporte.com\/wp-content\/uploads\/2025\/05\/fem-primera-etapa-5.jpg 1000w, https:\/\/www.burgosdeporte.com\/wp-content\/uploads\/2025\/05\/fem-primera-etapa-5-300x198.jpg 300w, https:\/\/www.burgosdeporte.com\/wp-content\/uploads\/2025\/05\/fem-primera-etapa-5-768x507.jpg 768w, https:\/\/www.burgosdeporte.com\/wp-content\/uploads\/2025\/05\/fem-primera-etapa-5-150x99.jpg 150w, https:\/\/www.burgosdeporte.com\/wp-content\/uploads\/2025\/05\/fem-primera-etapa-5-696x459.jpg 696w\" sizes=\"auto, (max-width: 1000px) 100vw, 1000px\" \/><figcaption class=\"wp-element-caption\">Foto: Ricardo Ord\u00f3\u00f1ez\/Diputaci\u00f3n Burgos. <\/figcaption><\/figure>\n\n\n\n<p>Con esta victoria, Wiebes supera la simb\u00f3lica cifra de 100 triunfos profesionales, se viste de l\u00edder y da un golpe de autoridad en la primera etapa de esta edici\u00f3n.<\/p>\n\n\n\n<p><strong>FEL\u00cdX RODR\u00cdGUEZ DE LA FUENTE: BURGOS &#8211; POZA DE LA SAL <br>PRIMERA ETAPA <\/strong>&#8211; <strong>CLASIFICACI\u00d3N<\/strong><br>125.0 km. Media: 37.034 km\/h<br>1\u00ba 16 WIEBES, Lorena SDW 3:22:31<br>2\u00ba 21 BALSAMO, Elisa LTK m.t.<br>3\u00ba 11 KOPECKY, Lotte SDW m.t.<br>4\u00ba 61 LONGO BORGHINI, Elisa UAD m.t.<br>5\u00ba 36 SKALNIAK-SOJKA, Agnieszka CSZ m.t.<br>6\u00ba 91 KOCH, Franziska TPP m.t.<br>7\u00ba 1 CHABBEY, Elise TFS m.t.<br>8\u00ba 6 WOLLASTON, Ally Mar\u00e9e TFS m.t.<br>9\u00ba 55 REUSSER, Marlen MOV a 5<br>10\u00ba 111 AALERUD, Katrine UXM a 5<\/p>\n\n\n\n<p><strong>CLASIFICACIONES COMPLETAS<a href=\"https:\/\/www.vueltaburgos.com\/feminas\/wp-content\/uploads\/2025\/05\/Clasificacion_Etapa1.pdf\" target=\"_blank\" rel=\"noopener\"> AQUI<\/a><\/strong><\/p>\n\n\n\n<p><strong>SEGUNDA ETAPA ENTRE VILLALBA DE DUERO Y ROA<\/strong><\/p>\n\n\n\n<p>Este viernes la Vuelta a Burgos afrontar\u00e1 su segunda jornada con una etapa de 122 kil\u00f3metros entre Villalba de Duero y Roa, una ruta que discurrir\u00e1 por los vi\u00f1edos de la Ribera y que rinde homenaje a otro ilustre nombre de la historia burgalesa: Juan Mart\u00edn \u00abEl Empecinado\u00bb, h\u00e9roe de la Guerra de la Independencia y s\u00edmbolo de resistencia. <\/p>\n\n\n\n<figure class=\"wp-block-image size-full\"><img loading=\"lazy\" decoding=\"async\" width=\"1000\" height=\"400\" src=\"https:\/\/www.burgosdeporte.com\/wp-content\/uploads\/2025\/05\/perfil-segunda-etapa-vfemenina.jpg\" alt=\"\" class=\"wp-image-140068\" srcset=\"https:\/\/www.burgosdeporte.com\/wp-content\/uploads\/2025\/05\/perfil-segunda-etapa-vfemenina.jpg 1000w, https:\/\/www.burgosdeporte.com\/wp-content\/uploads\/2025\/05\/perfil-segunda-etapa-vfemenina-300x120.jpg 300w, https:\/\/www.burgosdeporte.com\/wp-content\/uploads\/2025\/05\/perfil-segunda-etapa-vfemenina-768x307.jpg 768w, https:\/\/www.burgosdeporte.com\/wp-content\/uploads\/2025\/05\/perfil-segunda-etapa-vfemenina-150x60.jpg 150w, https:\/\/www.burgosdeporte.com\/wp-content\/uploads\/2025\/05\/perfil-segunda-etapa-vfemenina-696x278.jpg 696w\" sizes=\"auto, (max-width: 1000px) 100vw, 1000px\" \/><figcaption class=\"wp-element-caption\">Perfil de la segunda etapa. <\/figcaption><\/figure>\n\n\n\n<p>Ser\u00e1 una etapa pr\u00e1cticamente llana que, adem\u00e1s de su carga hist\u00f3rica, presenta un perfil ideal para que las corredoras m\u00e1s combativas busquen romper el control del pelot\u00f3n en un terreno expuesto&nbsp;al&nbsp;viento.<\/p>\n","protected":false},"excerpt":{"rendered":"<p>La neerlandesa del SD Worx se llev\u00f3 la victoria en la primera etapa de la Vuelta a Burgos F\u00e9minas 2025. La actual campeona de Europa estrena el maillot morado de l\u00edder, confirmando su dominio en llegadas masivas. Fotos: Ricardo Ord\u00f3\u00f1ez\/Diputaci\u00f3n Burgos. La Vuelta a Burgos F\u00e9minas 2025 comenz\u00f3 hoy con una etapa en homenaje a [&hellip;]<\/p>\n","protected":false},"author":10,"featured_media":140059,"comment_status":"closed","ping_status":"closed","sticky":false,"template":"","format":"standard","meta":{"_monsterinsights_skip_tracking":false,"_monsterinsights_sitenote_active":false,"_monsterinsights_sitenote_note":"","_monsterinsights_sitenote_category":0,"footnotes":""},"categories":[63],"tags":[1553,423,266,458],"class_list":{"0":"post-140058","1":"post","2":"type-post","3":"status-publish","4":"format-standard","5":"has-post-thumbnail","7":"category-ciclismo","8":"tag-actualidad-2","9":"tag-diputacionburgos","10":"tag-idjburgos","11":"tag-vueltaaburgosfemenina"},"views":152,"_links":{"self":[{"href":"https:\/\/www.burgosdeporte.com\/index.php?rest_route=\/wp\/v2\/posts\/140058","targetHints":{"allow":["GET"]}}],"collection":[{"href":"https:\/\/www.burgosdeporte.com\/index.php?rest_route=\/wp\/v2\/posts"}],"about":[{"href":"https:\/\/www.burgosdeporte.com\/index.php?rest_route=\/wp\/v2\/types\/post"}],"author":[{"embeddable":true,"href":"https:\/\/www.burgosdeporte.com\/index.php?rest_route=\/wp\/v2\/users\/10"}],"replies":[{"embeddable":true,"href":"https:\/\/www.burgosdeporte.com\/index.php?rest_route=%2Fwp%2Fv2%2Fcomments&post=140058"}],"version-history":[{"count":3,"href":"https:\/\/www.burgosdeporte.com\/index.php?rest_route=\/wp\/v2\/posts\/140058\/revisions"}],"predecessor-version":[{"id":140072,"href":"https:\/\/www.burgosdeporte.com\/index.php?rest_route=\/wp\/v2\/posts\/140058\/revisions\/140072"}],"wp:featuredmedia":[{"embeddable":true,"href":"https:\/\/www.burgosdeporte.com\/index.php?rest_route=\/wp\/v2\/media\/140059"}],"wp:attachment":[{"href":"https:\/\/www.burgosdeporte.com\/index.php?rest_route=%2Fwp%2Fv2%2Fmedia&parent=140058"}],"wp:term":[{"taxonomy":"category","embeddable":true,"href":"https:\/\/www.burgosdeporte.com\/index.php?rest_route=%2Fwp%2Fv2%2Fcategories&post=140058"},{"taxonomy":"post_tag","embeddable":true,"href":"https:\/\/www.burgosdeporte.com\/index.php?rest_route=%2Fwp%2Fv2%2Ftags&post=140058"}],"curies":[{"name":"wp","href":"https:\/\/api.w.org\/{rel}","templated":true}]}}