{"id":140040,"date":"2025-05-22T00:18:09","date_gmt":"2025-05-21T22:18:09","guid":{"rendered":"https:\/\/www.burgosdeporte.com\/?p=140040"},"modified":"2025-05-22T17:52:23","modified_gmt":"2025-05-22T15:52:23","slug":"este-jueves-comienza-la-x-edicion-de-la-vuelta-a-burgos-femenina","status":"publish","type":"post","link":"https:\/\/www.burgosdeporte.com\/?p=140040","title":{"rendered":"Este jueves comienza la X edici\u00f3n de la Vuelta a Burgos Femenina"},"content":{"rendered":"\n<h2 class=\"wp-block-heading\">La primera etapa saldr\u00e1 de la Catedral de Burgos con llegada en Poza de la Sal, en homenaje a F\u00e9lix Rodr\u00edguez de la Fuente, recorriendo 125 kil\u00f3metros, con tres puertas de monta\u00f1a de tercera categor\u00eda y un final explosivo en lo que se conoce el balc\u00f3n de la Bureba.<\/h2>\n\n\n<div class=\"wp-block-image\">\n<figure class=\"aligncenter size-full\"><img loading=\"lazy\" decoding=\"async\" width=\"300\" height=\"226\" src=\"https:\/\/www.burgosdeporte.com\/wp-content\/uploads\/2023\/09\/FCastilla_2019.gif\" alt=\"\" class=\"wp-image-107980\"\/><\/figure>\n<\/div>\n\n\n<p>Lleg\u00f3 el momento. Este jueves comienza la Vuelta a Burgos Femenina 2025 que alcanza su  d\u00e9cima edici\u00f3n y que contar\u00e1 con las principales figuras del ciclismo femenino tanto a nivel nacional como internacional.<\/p>\n\n\n\n<p>La Vuelta a Burgos Femenina, que se disputar\u00e1\u00a0del 22 al 25 de mayo\u00a0sobre un total de cuatro etapas, desde este jueves hasta el domingo. La Diputaci\u00f3n de Burgos, entidad organizadora de la prueba a trav\u00e9s del Instituto provincial para el Deporte y Juventud (IDJ), ha dise\u00f1ado para la etapa inaugural de la d\u00e9cima edici\u00f3n un recorrido que permitir\u00e1 movimientos en todas las clasificaciones ya que, adem\u00e1s de\u00a0la ascensi\u00f3n de tres puertos puntuables para la General de la Monta\u00f1a, habr\u00e1 que tener en cuenta el final explosivo de Poza de la Sal.<\/p>\n\n\n\n<p>Tras el protocolario corte de cinta a los pies de la Catedral de Burgos y frente al Arco de Santa Mar\u00eda, el pelot\u00f3n dejar\u00e1 la capital burgalesa con salida real a las 12,37  en direcci\u00f3n Sotragero, Villanueva de Ubierna y Celadilla de Sotobr\u00edn para afrontar, en el kil\u00f3metro 10 de etapa, la ascensi\u00f3n del\u00a0Alto de las Rebolledas\u00a0(3\u00aa Categor\u00eda).<\/p>\n\n\n\n<p>La segunda de las tres dificultades monta\u00f1osas del d\u00eda llegar\u00e1 en el kil\u00f3metro 37 de etapa con la subida del\u00a0Alto de la Ermita de las Mercedes\u00a0(3\u00aa Categor\u00eda) y el paso por Las Rebolledas, Mansilla de Burgos, Mi\u00f1\u00f3n, Santib\u00e1\u00f1ez Zarzaguda, Hu\u00e9rmeces y Montorio.<\/p>\n\n\n\n<figure class=\"wp-block-image size-full\"><img loading=\"lazy\" decoding=\"async\" width=\"1000\" height=\"325\" src=\"https:\/\/www.burgosdeporte.com\/wp-content\/uploads\/2025\/05\/primera-etapa-femenina.jpg\" alt=\"\" class=\"wp-image-140043\" srcset=\"https:\/\/www.burgosdeporte.com\/wp-content\/uploads\/2025\/05\/primera-etapa-femenina.jpg 1000w, https:\/\/www.burgosdeporte.com\/wp-content\/uploads\/2025\/05\/primera-etapa-femenina-300x98.jpg 300w, https:\/\/www.burgosdeporte.com\/wp-content\/uploads\/2025\/05\/primera-etapa-femenina-768x250.jpg 768w, https:\/\/www.burgosdeporte.com\/wp-content\/uploads\/2025\/05\/primera-etapa-femenina-150x49.jpg 150w, https:\/\/www.burgosdeporte.com\/wp-content\/uploads\/2025\/05\/primera-etapa-femenina-696x226.jpg 696w\" sizes=\"auto, (max-width: 1000px) 100vw, 1000px\" \/><figcaption class=\"wp-element-caption\">Perfil de la primera etapa 2025 <\/figcaption><\/figure>\n\n\n\n<p>La carrera tomar\u00e1 direcci\u00f3n Santander en Quintanilla Sobresierra para dirigirse a Sedano y descender el puerto de la Mazorra por Valdenoceda, Quintana de Valdivielso, Santa Olalla de Valdivielso y Condado, para afrontar la \u00faltima dificultad monta\u00f1osa: el\u00a0Alto La Varga\u00a0(3\u00aa Categor\u00eda), a 24 kil\u00f3metros de meta.<\/p>\n\n\n\n<p>Ya con la carrera lanzada, las corredoras disputar\u00e1n en O\u00f1a el Sprint Intermedio antes de afrontar los \u00faltimos diez kil\u00f3metros de etapa que por Termin\u00f3n, Castellanos y Salas de Bureba situar\u00e1n a las ciclistas en las inmediaciones del conocido como balc\u00f3n de La Bureba, la localidad de\u00a0Poza de la Sal, en donde estar\u00e1 ubicada la primera l\u00ednea meta. La llegada est\u00e1 prevista a las 15,45 h. <\/p>\n\n\n\n<p><\/p>\n","protected":false},"excerpt":{"rendered":"<p>La primera etapa saldr\u00e1 de la Catedral de Burgos con llegada en Poza de la Sal, en homenaje a F\u00e9lix Rodr\u00edguez de la Fuente, recorriendo 125 kil\u00f3metros, con tres puertas de monta\u00f1a de tercera categor\u00eda y un final explosivo en lo que se conoce el balc\u00f3n de la Bureba. Lleg\u00f3 el momento. Este jueves comienza [&hellip;]<\/p>\n","protected":false},"author":10,"featured_media":140045,"comment_status":"closed","ping_status":"closed","sticky":false,"template":"","format":"standard","meta":{"_monsterinsights_skip_tracking":false,"_monsterinsights_sitenote_active":false,"_monsterinsights_sitenote_note":"","_monsterinsights_sitenote_category":0,"footnotes":""},"categories":[63],"tags":[1553,266,458],"class_list":{"0":"post-140040","1":"post","2":"type-post","3":"status-publish","4":"format-standard","5":"has-post-thumbnail","7":"category-ciclismo","8":"tag-actualidad-2","9":"tag-idjburgos","10":"tag-vueltaaburgosfemenina"},"views":151,"_links":{"self":[{"href":"https:\/\/www.burgosdeporte.com\/index.php?rest_route=\/wp\/v2\/posts\/140040","targetHints":{"allow":["GET"]}}],"collection":[{"href":"https:\/\/www.burgosdeporte.com\/index.php?rest_route=\/wp\/v2\/posts"}],"about":[{"href":"https:\/\/www.burgosdeporte.com\/index.php?rest_route=\/wp\/v2\/types\/post"}],"author":[{"embeddable":true,"href":"https:\/\/www.burgosdeporte.com\/index.php?rest_route=\/wp\/v2\/users\/10"}],"replies":[{"embeddable":true,"href":"https:\/\/www.burgosdeporte.com\/index.php?rest_route=%2Fwp%2Fv2%2Fcomments&post=140040"}],"version-history":[{"count":1,"href":"https:\/\/www.burgosdeporte.com\/index.php?rest_route=\/wp\/v2\/posts\/140040\/revisions"}],"predecessor-version":[{"id":140044,"href":"https:\/\/www.burgosdeporte.com\/index.php?rest_route=\/wp\/v2\/posts\/140040\/revisions\/140044"}],"wp:featuredmedia":[{"embeddable":true,"href":"https:\/\/www.burgosdeporte.com\/index.php?rest_route=\/wp\/v2\/media\/140045"}],"wp:attachment":[{"href":"https:\/\/www.burgosdeporte.com\/index.php?rest_route=%2Fwp%2Fv2%2Fmedia&parent=140040"}],"wp:term":[{"taxonomy":"category","embeddable":true,"href":"https:\/\/www.burgosdeporte.com\/index.php?rest_route=%2Fwp%2Fv2%2Fcategories&post=140040"},{"taxonomy":"post_tag","embeddable":true,"href":"https:\/\/www.burgosdeporte.com\/index.php?rest_route=%2Fwp%2Fv2%2Ftags&post=140040"}],"curies":[{"name":"wp","href":"https:\/\/api.w.org\/{rel}","templated":true}]}}