{"id":140003,"date":"2025-05-21T13:50:08","date_gmt":"2025-05-21T11:50:08","guid":{"rendered":"https:\/\/www.burgosdeporte.com\/?p=140003"},"modified":"2025-05-22T13:49:08","modified_gmt":"2025-05-22T11:49:08","slug":"el-gran-premio-beiras-e-serra-da-estrela-proximo-objetivo-del-burgos-burpellet-bh","status":"publish","type":"post","link":"https:\/\/www.burgosdeporte.com\/?p=140003","title":{"rendered":"El Gran Premio Beiras e Serra da Estrela, pr\u00f3ximo objetivo del Burgos Burpellet BH"},"content":{"rendered":"\n<p><strong><em>El equipo morado ya acarici\u00f3 la victoria en la carrera portuguesa en 2023, cuando sus corredores vistieron el maillot amarillo de l\u00edder en tres de las cuatro etapas<\/em><\/strong><\/p>\n\n\n\n<p class=\"has-text-align-right\">(<em>Fotograf\u00eda: Miguel Ena \/ Sprint Cycling Agency<\/em>)<\/p>\n\n\n<div class=\"wp-block-image\">\n<figure class=\"aligncenter size-full\"><a href=\"https:\/\/www.tandemgyd.com\/\" target=\"_blank\" rel=\" noreferrer noopener\"><img loading=\"lazy\" decoding=\"async\" width=\"200\" height=\"183\" src=\"https:\/\/www.burgosdeporte.com\/wp-content\/uploads\/2023\/09\/Logo_Tandem.jpg\" alt=\"\" class=\"wp-image-107992\" srcset=\"https:\/\/www.burgosdeporte.com\/wp-content\/uploads\/2023\/09\/Logo_Tandem.jpg 200w, https:\/\/www.burgosdeporte.com\/wp-content\/uploads\/2023\/09\/Logo_Tandem-150x137.jpg 150w\" sizes=\"auto, (max-width: 200px) 100vw, 200px\" \/><\/a><\/figure>\n<\/div>\n\n\n<p>El Burgos Burpellet BH afronta este fin de semana su primera carrera de la temporada en Portugal, pa\u00eds en el que los morados han sumado varios \u00e9xitos en el pasado. Entre el viernes 23 y el domingo 25 de mayo, competir\u00e1n en el Gran Premio Internacional Beiras e Serra da Estrela, carrera de tres etapas que asciende a la categor\u00eda 2.1 UCI. Ser\u00e1 una prueba para escaladores con el decisivo ascenso a Torre en su \u00faltima jornada, cima que conquist\u00f3 hace menos de un a\u00f1o Sergio Chumil en la Volta a Portugal.<br><br>En la \u00faltima participaci\u00f3n de los burgaleses en 2023, Pelayo S\u00e1nchez se qued\u00f3 a las puertas del triunfo en la general, acabando tercero. El propio ciclista asturiano Pelayo y Eric Fag\u00fandez vistieron el maillot amarillo de l\u00edder en tres de las cuatro etapas, tras haber ganado la contrarreloj por equipos inicial. En esta edici\u00f3n, la carrera no tendr\u00e1 prueba contra el crono, por lo que los escaladores se jugar\u00e1n el triunfo final en la etapa reina del domingo.<br><br>La carrera arrancar\u00e1 el viernes en Almeida con una larga etapa de 191 kil\u00f3metros. Ser\u00e1 la jornada menos monta\u00f1osa, aunque incluir\u00e1 dos ascensos puntuables en la segunda mitad del recorrido. El primer triunfo se pondr\u00e1 en juego en la llegada a Penamacor, un final en ascenso para corredores explosivos.<\/p>\n\n\n\n<p>La segunda etapa llevar\u00e1 a los corredores desde Figueira de Castelo Rodrigo hasta Celorico da Beira. Una jornada de 188 kil\u00f3metros con otro final en ligero ascenso para velocistas que pasen bien la monta\u00f1a. El ascenso a Prados y un terreno posterior plagado de repechos podr\u00edan seleccionar el pelot\u00f3n.<\/p>\n\n\n\n<p>Aunque la jornada m\u00e1s dura ser\u00e1 la del domingo, con 180 kil\u00f3metros de recorrido entre Pinhel y Seia y dos grandes puertos de monta\u00f1a: Penhas Douradas y Torre. Este \u00faltimo ascenso de primera categor\u00eda, con sus 25 kil\u00f3metros de ascenso, se corona a 2000 metros de altitud, siendo el lugar m\u00e1s alto del Portugal continental. Sin embargo, la meta no estar\u00e1 ubicada en esta prestigiosa cima. Los corredores afrontar\u00e1n un largo descenso de 30 kil\u00f3metros hasta la l\u00ednea de llegada en Seia.<\/p>\n\n\n\n<p>El Burgos Burpellet BH acudir\u00e1 al Gran Premio Internacional Beiras e Serra da Estrela con un potente equipo de escaladores, comandado por hombres como Jos\u00e9 Manuel D\u00edaz, Mario Aparicio o Sergio Chumil. Junto a ellos estar\u00e1n otros tres corredores que destacan en el terreno monta\u00f1oso como Jos\u00e9 Luis Faura, Sinuh\u00e9 Fern\u00e1ndez y David Degado. De cara a las posibles llegadas al sprint, completa el equipo el c\u00e1ntabro Antonio Angulo.<\/p>\n","protected":false},"excerpt":{"rendered":"<p>El equipo morado ya acarici\u00f3 la victoria en la carrera portuguesa en 2023, cuando sus corredores vistieron el maillot amarillo de l\u00edder en tres de las cuatro etapas (Fotograf\u00eda: Miguel Ena \/ Sprint Cycling Agency) El Burgos Burpellet BH afronta este fin de semana su primera carrera de la temporada en Portugal, pa\u00eds en el [&hellip;]<\/p>\n","protected":false},"author":10,"featured_media":140004,"comment_status":"closed","ping_status":"closed","sticky":false,"template":"","format":"standard","meta":{"_monsterinsights_skip_tracking":false,"_monsterinsights_sitenote_active":false,"_monsterinsights_sitenote_note":"","_monsterinsights_sitenote_category":0,"footnotes":""},"categories":[63],"tags":[1553,11,64],"class_list":{"0":"post-140003","1":"post","2":"type-post","3":"status-publish","4":"format-standard","5":"has-post-thumbnail","7":"category-ciclismo","8":"tag-actualidad-2","9":"tag-burgosbh","10":"tag-ciclismo"},"views":124,"_links":{"self":[{"href":"https:\/\/www.burgosdeporte.com\/index.php?rest_route=\/wp\/v2\/posts\/140003","targetHints":{"allow":["GET"]}}],"collection":[{"href":"https:\/\/www.burgosdeporte.com\/index.php?rest_route=\/wp\/v2\/posts"}],"about":[{"href":"https:\/\/www.burgosdeporte.com\/index.php?rest_route=\/wp\/v2\/types\/post"}],"author":[{"embeddable":true,"href":"https:\/\/www.burgosdeporte.com\/index.php?rest_route=\/wp\/v2\/users\/10"}],"replies":[{"embeddable":true,"href":"https:\/\/www.burgosdeporte.com\/index.php?rest_route=%2Fwp%2Fv2%2Fcomments&post=140003"}],"version-history":[{"count":1,"href":"https:\/\/www.burgosdeporte.com\/index.php?rest_route=\/wp\/v2\/posts\/140003\/revisions"}],"predecessor-version":[{"id":140005,"href":"https:\/\/www.burgosdeporte.com\/index.php?rest_route=\/wp\/v2\/posts\/140003\/revisions\/140005"}],"wp:featuredmedia":[{"embeddable":true,"href":"https:\/\/www.burgosdeporte.com\/index.php?rest_route=\/wp\/v2\/media\/140004"}],"wp:attachment":[{"href":"https:\/\/www.burgosdeporte.com\/index.php?rest_route=%2Fwp%2Fv2%2Fmedia&parent=140003"}],"wp:term":[{"taxonomy":"category","embeddable":true,"href":"https:\/\/www.burgosdeporte.com\/index.php?rest_route=%2Fwp%2Fv2%2Fcategories&post=140003"},{"taxonomy":"post_tag","embeddable":true,"href":"https:\/\/www.burgosdeporte.com\/index.php?rest_route=%2Fwp%2Fv2%2Ftags&post=140003"}],"curies":[{"name":"wp","href":"https:\/\/api.w.org\/{rel}","templated":true}]}}