{"id":139948,"date":"2025-05-20T14:55:30","date_gmt":"2025-05-20T12:55:30","guid":{"rendered":"https:\/\/www.burgosdeporte.com\/?p=139948"},"modified":"2025-05-21T01:21:27","modified_gmt":"2025-05-20T23:21:27","slug":"con-mal-sabor-de-boca","status":"publish","type":"post","link":"https:\/\/www.burgosdeporte.com\/?p=139948","title":{"rendered":"Con mal sabor de boca"},"content":{"rendered":"\n<h2 class=\"wp-block-heading\">Comentario de opini\u00f3n de Jairo Velasco sobre la actualidad del Burgos CF. <\/h2>\n\n\n\n<p>Quiz\u00e1s seamos demasiado exigentes, el objetivo est\u00e1 cumplido y una vez que llega ese punto es dif\u00edcil encontrar motivaciones que hagan seguir remando hacia alg\u00fan destino concreto, y m\u00e1s lejos de nuestro Plant\u00edo, donde la afici\u00f3n se encarga de poner ese punto de exigencia que puede faltar en este momento.&nbsp;<\/p>\n\n\n\n<p>As\u00ed llegamos a Eibar. Plaza hist\u00f3ricamente complicada en general, y tambi\u00e9n en particular, ya que en todas nuestras visitas a tierras armeras, \u00fanicamente el gol de Fer Ni\u00f1o de la temporada pasada hab\u00eda significado irnos de all\u00ed con una victoria. Jornada de uni\u00f3n entre aficiones y de festejo por no seguir sufriendo en un a\u00f1o que para los dos equipos no ha estado ni cerque de lo que las expectativas pronosticaban.<\/p>\n\n\n\n<p>Pero para todo seguidor, pese a que la importancia del partido sea mayor o menor, la victoria de su equipo siempre es raz\u00f3n de felicidad, y cualquiera que se desplazara hasta tierras vascas o pusiera la televisi\u00f3n en su casa, era para ver a su Burgos ganar y seguir plantando mimbres de crecimiento de cara al curso venidero.&nbsp;<\/p>\n\n\n\n<p>Con ese plan salieron los once burgaleses, dominantes en actitud y posesi\u00f3n, sorprendiendo en la primera media hora a un conjunto local que no consegu\u00eda pasar de medio campo con el bal\u00f3n en sus pies. Escasos balones rifados y aperturas a bandas desde un centro del campo en el que hasta Atienza se atrev\u00eda a dejar su labor de \u201cstopper\u201d y sumarse a la creaci\u00f3n.<\/p>\n\n\n\n<p>A partir de su gol todo cambi\u00f3. Ese claro atropello de Grego Sierra desdibuj\u00f3 las claras ideas que hasta ese momento hab\u00edan mostrado todos los jugadores, acumulando errores y precipitaciones in\u00e9ditas hasta ese momento y que imped\u00edan generar acciones que inquietaran a un equipo eibarr\u00e9s que se encargar\u00eda de aprovechar el regalo sin proponer nada m\u00e1s hasta el pitido final.&nbsp;<\/p>\n\n\n\n<p>Volvemos a poner el foco en las acciones a bal\u00f3n parado, uno de los debes de Ramis desde su llegada; Infructuosas en ataque y un dolor de muelas en defensa, no conseguimos solventar los problemas en ninguna de las dos parcelas del campo. Falta de contundencia y concentraci\u00f3n, heredada de la etapa Bolo, que nos est\u00e1 costando puntos y parece agravarse con cada jornada que transcurre.&nbsp;<\/p>\n\n\n\n<p>Para completar la tarde, la expulsi\u00f3n de Grego Sierra nos pone en un brete a la hora de afrontar el encuentro contra el Levante. Sin recambio evidente para ninguno de nuestros dos centrales se abre un casting entre prensa y aficionados para tratar de elucubrar qui\u00e9n ser\u00e1 el sustituto del murciano: Milicic parte como la opci\u00f3n m\u00e1s l\u00f3gica, pero su incomparecencia hasta el momento hace que Flor\u00edan y Arroyo parezcan tener m\u00e1s papeletas para completar el centro de la zaga.<\/p>\n\n\n\n<p>Partido especial en el que nuestro querido exentrenador, Juli\u00e1n Calero, por esas cosas que tiene el destino, puede conseguir ascender al conjunto valenciano en un Plant\u00edo que a\u00fan sigue acord\u00e1ndose de \u00e9l. Como tambi\u00e9n atraen negativos recuerdos del pasado en algunas cabezas al mencionar al conjunto granota por la compra de nuestra plaza en aquel descenso administrativo a principios de siglo.&nbsp;<\/p>\n\n\n\n<p>Despedida ante nuestra afici\u00f3n para algunos de los que han defendido el blanco y el negro de nuestra camiseta y la corona de nuestro escudo durante esta y pasadas temporadas. Unos se deben ir con honores, otros, deben ser a\u00fan explicados por una propiedad que sigue encenagados en mensajes que ya muy pocos se creen.&nbsp;&nbsp;<\/p>\n","protected":false},"excerpt":{"rendered":"<p>Comentario de opini\u00f3n de Jairo Velasco sobre la actualidad del Burgos CF. Quiz\u00e1s seamos demasiado exigentes, el objetivo est\u00e1 cumplido y una vez que llega ese punto es dif\u00edcil encontrar motivaciones que hagan seguir remando hacia alg\u00fan destino concreto, y m\u00e1s lejos de nuestro Plant\u00edo, donde la afici\u00f3n se encarga de poner ese punto de [&hellip;]<\/p>\n","protected":false},"author":15,"featured_media":139951,"comment_status":"closed","ping_status":"closed","sticky":false,"template":"","format":"standard","meta":{"_monsterinsights_skip_tracking":false,"_monsterinsights_sitenote_active":false,"_monsterinsights_sitenote_note":"","_monsterinsights_sitenote_category":0,"footnotes":""},"categories":[4,14],"tags":[1553,29,834,13],"class_list":{"0":"post-139948","1":"post","2":"type-post","3":"status-publish","4":"format-standard","5":"has-post-thumbnail","7":"category-futbol","8":"category-opinion","9":"tag-actualidad-2","10":"tag-burgoscf","11":"tag-jairovelasco","12":"tag-opinion"},"views":237,"_links":{"self":[{"href":"https:\/\/www.burgosdeporte.com\/index.php?rest_route=\/wp\/v2\/posts\/139948","targetHints":{"allow":["GET"]}}],"collection":[{"href":"https:\/\/www.burgosdeporte.com\/index.php?rest_route=\/wp\/v2\/posts"}],"about":[{"href":"https:\/\/www.burgosdeporte.com\/index.php?rest_route=\/wp\/v2\/types\/post"}],"author":[{"embeddable":true,"href":"https:\/\/www.burgosdeporte.com\/index.php?rest_route=\/wp\/v2\/users\/15"}],"replies":[{"embeddable":true,"href":"https:\/\/www.burgosdeporte.com\/index.php?rest_route=%2Fwp%2Fv2%2Fcomments&post=139948"}],"version-history":[{"count":1,"href":"https:\/\/www.burgosdeporte.com\/index.php?rest_route=\/wp\/v2\/posts\/139948\/revisions"}],"predecessor-version":[{"id":139950,"href":"https:\/\/www.burgosdeporte.com\/index.php?rest_route=\/wp\/v2\/posts\/139948\/revisions\/139950"}],"wp:featuredmedia":[{"embeddable":true,"href":"https:\/\/www.burgosdeporte.com\/index.php?rest_route=\/wp\/v2\/media\/139951"}],"wp:attachment":[{"href":"https:\/\/www.burgosdeporte.com\/index.php?rest_route=%2Fwp%2Fv2%2Fmedia&parent=139948"}],"wp:term":[{"taxonomy":"category","embeddable":true,"href":"https:\/\/www.burgosdeporte.com\/index.php?rest_route=%2Fwp%2Fv2%2Fcategories&post=139948"},{"taxonomy":"post_tag","embeddable":true,"href":"https:\/\/www.burgosdeporte.com\/index.php?rest_route=%2Fwp%2Fv2%2Ftags&post=139948"}],"curies":[{"name":"wp","href":"https:\/\/api.w.org\/{rel}","templated":true}]}}