{"id":139916,"date":"2025-05-19T13:11:25","date_gmt":"2025-05-19T11:11:25","guid":{"rendered":"https:\/\/www.burgosdeporte.com\/?p=139916"},"modified":"2025-05-20T14:59:35","modified_gmt":"2025-05-20T12:59:35","slug":"la-vuelta-a-burgos-feminas-contara-con-las-estrellas-del-ciclismo-femenino","status":"publish","type":"post","link":"https:\/\/www.burgosdeporte.com\/?p=139916","title":{"rendered":"La Vuelta a Burgos F\u00e9minas contar\u00e1 con las estrellas del ciclismo femenino"},"content":{"rendered":"\n<p><strong><em>Lidl-Trek, Canyon, Liv Alula Jayco y UAE Team ADQ han presentado el listado de pre-inscritos que participar\u00e1n en esta X edici\u00f3n de la Vuelta a Burgos F\u00e9minas<\/em><\/strong><\/p>\n\n\n<div class=\"wp-block-image\">\n<figure class=\"aligncenter size-full\"><a href=\"https:\/\/idj.burgos.es\/\" target=\"_blank\" rel=\" noreferrer noopener\"><img loading=\"lazy\" decoding=\"async\" width=\"600\" height=\"90\" src=\"https:\/\/www.burgosdeporte.com\/wp-content\/uploads\/2023\/10\/diputacion2.fw_.png\" alt=\"\" class=\"wp-image-108420\" srcset=\"https:\/\/www.burgosdeporte.com\/wp-content\/uploads\/2023\/10\/diputacion2.fw_.png 600w, https:\/\/www.burgosdeporte.com\/wp-content\/uploads\/2023\/10\/diputacion2.fw_-300x45.png 300w, https:\/\/www.burgosdeporte.com\/wp-content\/uploads\/2023\/10\/diputacion2.fw_-150x23.png 150w\" sizes=\"auto, (max-width: 600px) 100vw, 600px\" \/><\/a><\/figure>\n<\/div>\n\n\n<p>Del 22 al 25 de mayo, la provincia de Burgos volver\u00e1 a ser escenario de uno de los eventos deportivos m\u00e1s importantes del calendario internacional: la Vuelta a Burgos F\u00e9minas, prueba de categor\u00eda UCI Women\u2019s WorldTour, la m\u00e1xima del ciclismo mundial. Organizada por la Diputaci\u00f3n de Burgos, a trav\u00e9s del Instituto Provincial para el Deporte y Juventud (IDJ), la carrera reunir\u00e1 a las mejores ciclistas del mundo en un recorrido espectacular que pondr\u00e1 en valor los paisajes, pueblos y carreteras de nuestra provincia.<\/p>\n\n\n\n<p>Han presentado las preinscripciones cuatro de los equipos m\u00e1s potentes del pelot\u00f3n internacional: Lidl-Trek, Canyon-Sram Racing, Liv-Alula-Jayco y UAE Team ADQ, todos ellos inscritos en la \u00e9lite del ciclismo como UCI Women\u2019s WorldTeams.<\/p>\n\n\n\n<p>El conjunto estadounidense Lidl-Trek trae a una de las grandes favoritas: la italiana Elisa Balsamo, campeona del mundo en 2021 y ganadora de etapas en las grandes vueltas femeninas. Estuvo presente en la edici\u00f3n de 2024, pero sufri\u00f3 una ca\u00edda en la primera etapa que la oblig\u00f3 a abandonar la carrera.<\/p>\n\n\n\n<p>La acompa\u00f1an corredoras de contrastado nivel como la australiana Amanda Spratt, con m\u00faltiples podios en el Giro y el Tour, y la joven escaladora Gaia Realini, que ya ha demostrado su enorme talento en la monta\u00f1a. Completan el bloque Clara Copponi (Francia) y Lauretta Hanson (Australia), especialistas en etapas r\u00e1pidas.<\/p>\n\n\n\n<p>Desde Alemania llega el Canyon-Sram Racing, con una alineaci\u00f3n ambiciosa donde destacan nombres como Cecilie Uttrup Ludwig (Dinamarca), ganadora de etapa en el Tour de France Femmes y siempre combativa, y Ricarda Bauernfeind (Alemania), una de las revelaciones del ciclismo femenino europeo.<\/p>\n\n\n\n<p>Junto a ellas, la prometedora brit\u00e1nica Zoe B\u00e4ckstedt, campeona mundial j\u00fanior en varias disciplinas, y Antonia Niedermaier, joven alemana que ya ha brillado en carreras por etapas. Tambi\u00e9n formar\u00e1n parte del equipo Anastasia Kolesava (Bielorrusia) y<\/p>\n\n\n\n<p>Agnieszka Skalniak-Sojka (Polonia), especialista en contrarreloj. &nbsp; &nbsp;<\/p>\n\n\n\n<p>El equipo australiano Liv-Alula-Jayco se presenta con un bloque joven y combativo. Ruby Rosemann-Gannon, una de las grandes promesas del ciclismo australiano, ser\u00e1 la punta de lanza del equipo. Junto a ella, Silke Smulders (Pa\u00edses Bajos), Amber Van der Hulst (Pa\u00edses Bajos), Ella Wylie (Nueva Zelanda), Anna Trevisi (Italia) y Amber Pate (Australia) buscar\u00e1n protagonismo en las distintas etapas de la ronda burgalesa.<\/p>\n\n\n\n<p>Desde Emiratos \u00c1rabes Unidos, el UAE Team ADQ aterriza en Burgos con un nombre propio: Elisa Longo Borghini, una de las ciclistas m\u00e1s laureadas del pelot\u00f3n, con victorias en cl\u00e1sicas monumento como la Par\u00eds-Roubaix, Strade Bianche o el Tour de Flandes.<\/p>\n\n\n\n<p>Estar\u00e1 acompa\u00f1ada por su compatriota Erica Magnaldi, destacada escaladora; Karlijn Swinkels que tuvo una destacada actuaci\u00f3n en la edici\u00f3n de 2024, finalizando en el 3\u00ba puesto de la clasificaci\u00f3n general y Sofie Van Rooijen (Pa\u00edses Bajos), Elynor Backstedt (Gran Breta\u00f1a) y Maeva Squiban (Francia), completan un bloque muy s\u00f3lido.<\/p>\n\n\n\n<p>La Vuelta a Burgos F\u00e9minas 2025 promete emociones fuertes, con cuatro etapas que recorrer\u00e1n enclaves de gran belleza y singularidad en nuestra provincia. La cita no solo es un espect\u00e1culo deportivo de primer nivel, sino tambi\u00e9n una oportunidad para proyectar la imagen de Burgos como tierra de deporte, naturaleza y cultura.<\/p>\n\n\n\n<p>Desde la Diputaci\u00f3n de Burgos, invitan a toda la ciudadan\u00eda a salir a las carreteras, disfrutar del mejor ciclismo femenino del mundo y dar una calurosa bienvenida a las grandes estrellas que competir\u00e1n en nuestras tierras.<\/p>\n","protected":false},"excerpt":{"rendered":"<p>Lidl-Trek, Canyon, Liv Alula Jayco y UAE Team ADQ han presentado el listado de pre-inscritos que participar\u00e1n en esta X edici\u00f3n de la Vuelta a Burgos F\u00e9minas Del 22 al 25 de mayo, la provincia de Burgos volver\u00e1 a ser escenario de uno de los eventos deportivos m\u00e1s importantes del calendario internacional: la Vuelta a [&hellip;]<\/p>\n","protected":false},"author":10,"featured_media":139917,"comment_status":"closed","ping_status":"closed","sticky":false,"template":"","format":"standard","meta":{"_monsterinsights_skip_tracking":false,"_monsterinsights_sitenote_active":false,"_monsterinsights_sitenote_note":"","_monsterinsights_sitenote_category":0,"footnotes":""},"categories":[63],"tags":[1553,64,531],"class_list":{"0":"post-139916","1":"post","2":"type-post","3":"status-publish","4":"format-standard","5":"has-post-thumbnail","7":"category-ciclismo","8":"tag-actualidad-2","9":"tag-ciclismo","10":"tag-vueltaaburgosfeminas"},"views":168,"_links":{"self":[{"href":"https:\/\/www.burgosdeporte.com\/index.php?rest_route=\/wp\/v2\/posts\/139916","targetHints":{"allow":["GET"]}}],"collection":[{"href":"https:\/\/www.burgosdeporte.com\/index.php?rest_route=\/wp\/v2\/posts"}],"about":[{"href":"https:\/\/www.burgosdeporte.com\/index.php?rest_route=\/wp\/v2\/types\/post"}],"author":[{"embeddable":true,"href":"https:\/\/www.burgosdeporte.com\/index.php?rest_route=\/wp\/v2\/users\/10"}],"replies":[{"embeddable":true,"href":"https:\/\/www.burgosdeporte.com\/index.php?rest_route=%2Fwp%2Fv2%2Fcomments&post=139916"}],"version-history":[{"count":1,"href":"https:\/\/www.burgosdeporte.com\/index.php?rest_route=\/wp\/v2\/posts\/139916\/revisions"}],"predecessor-version":[{"id":139918,"href":"https:\/\/www.burgosdeporte.com\/index.php?rest_route=\/wp\/v2\/posts\/139916\/revisions\/139918"}],"wp:featuredmedia":[{"embeddable":true,"href":"https:\/\/www.burgosdeporte.com\/index.php?rest_route=\/wp\/v2\/media\/139917"}],"wp:attachment":[{"href":"https:\/\/www.burgosdeporte.com\/index.php?rest_route=%2Fwp%2Fv2%2Fmedia&parent=139916"}],"wp:term":[{"taxonomy":"category","embeddable":true,"href":"https:\/\/www.burgosdeporte.com\/index.php?rest_route=%2Fwp%2Fv2%2Fcategories&post=139916"},{"taxonomy":"post_tag","embeddable":true,"href":"https:\/\/www.burgosdeporte.com\/index.php?rest_route=%2Fwp%2Fv2%2Ftags&post=139916"}],"curies":[{"name":"wp","href":"https:\/\/api.w.org\/{rel}","templated":true}]}}