{"id":139720,"date":"2025-05-15T13:13:34","date_gmt":"2025-05-15T11:13:34","guid":{"rendered":"https:\/\/www.burgosdeporte.com\/?p=139720"},"modified":"2025-05-16T13:48:56","modified_gmt":"2025-05-16T11:48:56","slug":"la-suiza-marlen-reusser-primera-favorita-al-maillot-morado-en-la-x-vuelta-feminas","status":"publish","type":"post","link":"https:\/\/www.burgosdeporte.com\/?p=139720","title":{"rendered":"La suiza Marlen Reusser, primera favorita al maillot morado en la X Vuelta F\u00e9minas"},"content":{"rendered":"\n<p><strong><em>Movistar, Roland y EF Education Oatly han presentado el listado de pre-inscritos que participar\u00e1n en esta edici\u00f3n de la Vuelta a Burgos<\/em><\/strong><\/p>\n\n\n<div class=\"wp-block-image\">\n<figure class=\"aligncenter size-full\"><a href=\"https:\/\/www.tandemgyd.com\/\" target=\"_blank\" rel=\" noreferrer noopener\"><img loading=\"lazy\" decoding=\"async\" width=\"200\" height=\"183\" src=\"https:\/\/www.burgosdeporte.com\/wp-content\/uploads\/2023\/09\/Logo_Tandem.jpg\" alt=\"\" class=\"wp-image-107992\" srcset=\"https:\/\/www.burgosdeporte.com\/wp-content\/uploads\/2023\/09\/Logo_Tandem.jpg 200w, https:\/\/www.burgosdeporte.com\/wp-content\/uploads\/2023\/09\/Logo_Tandem-150x137.jpg 150w\" sizes=\"auto, (max-width: 200px) 100vw, 200px\" \/><\/a><\/figure>\n<\/div>\n\n\n<p>Del 22 al 25 de mayo, la provincia de Burgos volver\u00e1 a vibrar con el mejor ciclismo femenino gracias a una nueva edici\u00f3n de la Vuelta a Burgos F\u00e9minas, prueba perteneciente al prestigioso calendario UCI Women&#8217;s WorldTour.<\/p>\n\n\n\n<p>Este jueves se han dado a conocer las corredoras que integrar\u00e1n tres de los equipos que competir\u00e1n este a\u00f1o: Movistar Team, Roland (ambos UCI Women\u2019s WorldTeams) y EF Education Oatly (ProTeams). Entre ellas, nombres destacados del pelot\u00f3n internacional que prometen ofrecer un gran espect\u00e1culo sobre las carreteras burgalesas.<\/p>\n\n\n\n<p><strong>Movistar Team: talento internacional con acento burgal\u00e9s<\/strong><\/p>\n\n\n\n<p>El equipo espa\u00f1ol Movistar, de categor\u00eda UCI Women\u2019s WorldTeams y uno de los referentes del ciclismo femenino mundial, llega a Burgos con una alineaci\u00f3n de primer nivel. Encabeza el conjunto la suiza Marlen Reusser, flamante segunda clasificada en La Vuelta Femenina 2025 y una de las ciclistas m\u00e1s s\u00f3lidas del panorama internacional.<\/p>\n\n\n\n<p>Junto a ella estar\u00e1n la francesa Aude Biannic, la serbia Jelena Eric, la colombiana Paula Andrea Pati\u00f1o, la brit\u00e1nica Claire Anne Steels, y una corredora muy especial para la afici\u00f3n local: Sara Mart\u00edn, burgalesa natural de Aranda de Duero, que correr\u00e1 en casa arropada por el cari\u00f1o de su tierra.<\/p>\n\n\n\n<p><strong>Roland: experiencia y juventud desde Suiza<\/strong><\/p>\n\n\n\n<p>El equipo suizo Roland llega con un bloque compacto y vers\u00e1til. Participar\u00e1n la sueca Petra Stiasny, la rusa Tamara Dronova, la italiana Giulia Giuliani, la francesa Morgane Coston, la neerlandesa Sylvie Swinkels y la irlandesa Mia Griffin. En especial, Tamara Dronova, m\u00faltiple campeona nacional de Rusia en ruta y contrarreloj, ser\u00e1 una ciclista a tener muy en cuenta por su potencia y capacidad para sorprender en etapas exigentes.<\/p>\n\n\n\n<p><strong>EF Education Oatly: un equipo con hambre de protagonismo<\/strong><\/p>\n\n\n\n<p>Por parte del equipo estadounidense EF Education Oatly, tambi\u00e9n de destacada trayectoria internacional, competir\u00e1n la italiana Letizia Borghesi, la estadounidense Veronica Ewers, la canadiense Alison Jackson, la luxemburguesa Nina Berton, y las neerlandesas Nina Kessler y Babette Van der Wolf. Sobresale especialmente Alison Jackson, ganadora de la Par\u00eds-Roubaix 2023, una de las pruebas m\u00e1s prestigiosas y duras del ciclismo femenino, que aportar\u00e1 experiencia y esp\u00edritu combativo.<\/p>\n\n\n\n<p>La Vuelta a Burgos F\u00e9minas 2025 promete ser una edici\u00f3n inolvidable, con etapas que recorrer\u00e1n paisajes emblem\u00e1ticos de la provincia y corredoras de primer nivel luchando por vestir el maillot morado. Desde el Instituto Provincial para el Deporte y Juventud (IDJ) animamos a todos los burgaleses y visitantes a disfrutar de esta gran fiesta del deporte, salir a animar a las ciclistas y ser parte activa de una cita que cada a\u00f1o gana en prestigio e impacto.<\/p>\n","protected":false},"excerpt":{"rendered":"<p>Movistar, Roland y EF Education Oatly han presentado el listado de pre-inscritos que participar\u00e1n en esta edici\u00f3n de la Vuelta a Burgos Del 22 al 25 de mayo, la provincia de Burgos volver\u00e1 a vibrar con el mejor ciclismo femenino gracias a una nueva edici\u00f3n de la Vuelta a Burgos F\u00e9minas, prueba perteneciente al prestigioso [&hellip;]<\/p>\n","protected":false},"author":10,"featured_media":139721,"comment_status":"closed","ping_status":"closed","sticky":false,"template":"","format":"standard","meta":{"_monsterinsights_skip_tracking":false,"_monsterinsights_sitenote_active":false,"_monsterinsights_sitenote_note":"","_monsterinsights_sitenote_category":0,"footnotes":""},"categories":[63],"tags":[1553,64,531],"class_list":{"0":"post-139720","1":"post","2":"type-post","3":"status-publish","4":"format-standard","5":"has-post-thumbnail","7":"category-ciclismo","8":"tag-actualidad-2","9":"tag-ciclismo","10":"tag-vueltaaburgosfeminas"},"views":169,"_links":{"self":[{"href":"https:\/\/www.burgosdeporte.com\/index.php?rest_route=\/wp\/v2\/posts\/139720","targetHints":{"allow":["GET"]}}],"collection":[{"href":"https:\/\/www.burgosdeporte.com\/index.php?rest_route=\/wp\/v2\/posts"}],"about":[{"href":"https:\/\/www.burgosdeporte.com\/index.php?rest_route=\/wp\/v2\/types\/post"}],"author":[{"embeddable":true,"href":"https:\/\/www.burgosdeporte.com\/index.php?rest_route=\/wp\/v2\/users\/10"}],"replies":[{"embeddable":true,"href":"https:\/\/www.burgosdeporte.com\/index.php?rest_route=%2Fwp%2Fv2%2Fcomments&post=139720"}],"version-history":[{"count":1,"href":"https:\/\/www.burgosdeporte.com\/index.php?rest_route=\/wp\/v2\/posts\/139720\/revisions"}],"predecessor-version":[{"id":139722,"href":"https:\/\/www.burgosdeporte.com\/index.php?rest_route=\/wp\/v2\/posts\/139720\/revisions\/139722"}],"wp:featuredmedia":[{"embeddable":true,"href":"https:\/\/www.burgosdeporte.com\/index.php?rest_route=\/wp\/v2\/media\/139721"}],"wp:attachment":[{"href":"https:\/\/www.burgosdeporte.com\/index.php?rest_route=%2Fwp%2Fv2%2Fmedia&parent=139720"}],"wp:term":[{"taxonomy":"category","embeddable":true,"href":"https:\/\/www.burgosdeporte.com\/index.php?rest_route=%2Fwp%2Fv2%2Fcategories&post=139720"},{"taxonomy":"post_tag","embeddable":true,"href":"https:\/\/www.burgosdeporte.com\/index.php?rest_route=%2Fwp%2Fv2%2Ftags&post=139720"}],"curies":[{"name":"wp","href":"https:\/\/api.w.org\/{rel}","templated":true}]}}