{"id":139673,"date":"2025-05-14T12:32:17","date_gmt":"2025-05-14T10:32:17","guid":{"rendered":"https:\/\/www.burgosdeporte.com\/?p=139673"},"modified":"2025-05-15T13:16:03","modified_gmt":"2025-05-15T11:16:03","slug":"jose-manuel-diaz-renueva-con-el-burgos-burpellet-bh-hasta-2027","status":"publish","type":"post","link":"https:\/\/www.burgosdeporte.com\/?p=139673","title":{"rendered":"Jos\u00e9 Manuel D\u00edaz renueva con el Burgos Burpellet BH hasta 2027"},"content":{"rendered":"\n<p><strong><em>El jienense renueva con el equipo morado por dos temporadas m\u00e1s despu\u00e9s acariciar la victoria este a\u00f1o en las cl\u00e1sicas francesas y rendir a gran nivel en las vueltas por etapas espa\u00f1olas<\/em><\/strong><\/p>\n\n\n<div class=\"wp-block-image\">\n<figure class=\"aligncenter size-full\"><a href=\"https:\/\/www.hotelciudaddeburgos.com\/\" target=\"_blank\" rel=\" noreferrer noopener\"><img loading=\"lazy\" decoding=\"async\" width=\"300\" height=\"90\" src=\"https:\/\/www.burgosdeporte.com\/wp-content\/uploads\/2023\/10\/HCB.fw_.png\" alt=\"\" class=\"wp-image-108433\" srcset=\"https:\/\/www.burgosdeporte.com\/wp-content\/uploads\/2023\/10\/HCB.fw_.png 300w, https:\/\/www.burgosdeporte.com\/wp-content\/uploads\/2023\/10\/HCB.fw_-150x45.png 150w\" sizes=\"auto, (max-width: 300px) 100vw, 300px\" \/><\/a><\/figure>\n<\/div>\n\n\n<p>El Burgos Burpellet BH seguir\u00e1 contando con uno de sus grandes l\u00edderes durante las dos pr\u00f3ximas temporadas. Jos\u00e9 Manuel D\u00edaz ha ampliado su contrato hasta finales de 2027 y cumplir\u00e1 su quinta y sexta campa\u00f1a en el equipo burgal\u00e9s. El jienense de 30 a\u00f1os lleg\u00f3 a Burgos a mediados de 2022 y, desde entonces, se ha convertido en un pilar indispensable en las carreras monta\u00f1osas y vueltas por etapas. En 2023 logr\u00f3 su primer triunfo como morado en el Gran Permio Torres Vedras y el pasado mes de abril estuvo cerca de repetir en las cl\u00e1sicas del Franco Condado. Adem\u00e1s, se convirti\u00f3 en el primer campe\u00f3n de Espa\u00f1a de gravel de la historia al vencer en Santo Domingo de Silos. De esta manera, el Burgos Burpellet BH cuenta ya con once corredores con contrato para la temporada 2026.<\/p>\n\n\n\n<p>D\u00edaz Gallego reconoce que se encuentra muy c\u00f3modo en un equipo que es como una familia para \u00e9l y donde ha forjado una gran relaci\u00f3n con ciclistas y miembros del staff. De hecho, es todo un referente para los ciclistas m\u00e1s j\u00f3venes, a quienes traslada a diario lo aprendido en estos nueve a\u00f1os como profesional. El ciclista de Ja\u00e9n lleg\u00f3 al equipo morado en junio de 2022 y pronto demostr\u00f3 su gran nivel, haci\u00e9ndose un hueco en el equipo que disput\u00f3 La Vuelta. Tanto ese a\u00f1o como el siguiente, se mostr\u00f3 muy combativo en las fugas de la gran ronda espa\u00f1ola.<\/p>\n\n\n\n<p>Durante el resto de la temporada, tuvo el rol de l\u00edder en las principales vueltas por etapas del calendario, incluidas las citas del UCI WorldTour de Catalu\u00f1a y Pa\u00eds Vasco. Su primer \u00e9xito como morado lleg\u00f3 en verano de 2023, cuando gan\u00f3 al sprint la segunda etapa del Gran Premio Torres Vedras en Portugal. La pasada campa\u00f1a, subi\u00f3 al podio en el Tour de Doubs, se qued\u00f3 a las puertas de la victoria en la Vuelta a Asturias y logr\u00f3 valiosos top-10 en la Mercan&#8217;Tour Classic, la Cl\u00e0ssica Terres de l&#8217;Ebre, el Tour de Hainan o el Tour de Langkawi.<\/p>\n\n\n\n<figure class=\"wp-block-image size-large\"><img loading=\"lazy\" decoding=\"async\" width=\"1024\" height=\"683\" src=\"https:\/\/www.burgosdeporte.com\/wp-content\/uploads\/2025\/05\/Jose-Manuel-Diaz-Burgos-BH-Vuelta-al-Pais-Vasco-1024x683.jpg\" alt=\"\" class=\"wp-image-139674\" srcset=\"https:\/\/www.burgosdeporte.com\/wp-content\/uploads\/2025\/05\/Jose-Manuel-Diaz-Burgos-BH-Vuelta-al-Pais-Vasco-1024x683.jpg 1024w, https:\/\/www.burgosdeporte.com\/wp-content\/uploads\/2025\/05\/Jose-Manuel-Diaz-Burgos-BH-Vuelta-al-Pais-Vasco-300x200.jpg 300w, https:\/\/www.burgosdeporte.com\/wp-content\/uploads\/2025\/05\/Jose-Manuel-Diaz-Burgos-BH-Vuelta-al-Pais-Vasco-768x512.jpg 768w, https:\/\/www.burgosdeporte.com\/wp-content\/uploads\/2025\/05\/Jose-Manuel-Diaz-Burgos-BH-Vuelta-al-Pais-Vasco-150x100.jpg 150w, https:\/\/www.burgosdeporte.com\/wp-content\/uploads\/2025\/05\/Jose-Manuel-Diaz-Burgos-BH-Vuelta-al-Pais-Vasco-696x464.jpg 696w, https:\/\/www.burgosdeporte.com\/wp-content\/uploads\/2025\/05\/Jose-Manuel-Diaz-Burgos-BH-Vuelta-al-Pais-Vasco-1068x712.jpg 1068w, https:\/\/www.burgosdeporte.com\/wp-content\/uploads\/2025\/05\/Jose-Manuel-Diaz-Burgos-BH-Vuelta-al-Pais-Vasco.jpg 1200w\" sizes=\"auto, (max-width: 1024px) 100vw, 1024px\" \/><\/figure>\n\n\n\n<p>Aunque su mejor recuerdo fue la victoria en el primer Campeonato de Espa\u00f1a de gravel de la historia. En la cita disputada en Santo Domingo de Silos (Burgos), bati\u00f3 a Alejandro Valverde en un bonito mano a mano final. Ya en este 2025, Jos\u00e9 Manuel comenz\u00f3 con buen pie logrando destacadas actuaciones en las generales de la Vuelta a Andaluc\u00eda, la Volta a Catalunya o la Vuelta al Pa\u00eds Vasco. Un gran estado de forma que se confirm\u00f3 en las cl\u00e1sicas del Franco Condado, terminando segundo en la Classic Gran Besan\u00e7on Doubs y tercero en el Tour du Doubs.<\/p>\n\n\n\n<p>Jos\u00e9 Manuel D\u00edaz: \u00abMuy contento de seguir vinculado dos a\u00f1os m\u00e1s al Burgos Burpellet BH. Era algo que quer\u00edamos tanto yo como el equipo. Estoy agradecido de que la renovaci\u00f3n se haga en estas fechas, ya que da tranquilidad para seguir rindiendo todo el a\u00f1o. A pesar de tener ya 30 a\u00f1os, que puede ser una edad mayor para mucha gente, yo me sigo sintiendo cada d\u00eda mejor. Cada a\u00f1o doy un pasito m\u00e1s adelante y estoy en mis mejores n\u00fameros. Veo que mi funci\u00f3n dentro del equipo se va asentando. Adem\u00e1s de dar resultados, he cogido el rol de asesorar a j\u00f3venes, ayudarlos y verlos crecer. Les doy consejos y ellos los aplican y eso te llena de gratitud. Tambi\u00e9n ayudo al equipo a crecer lo m\u00e1ximo posible, transmitiendo cosas que creo que se pueden mejorar y creo que se valora mucho eso. El equipo se ha convertido en una familia para m\u00ed y ellos me ven como m\u00e1s que un corredor y me hacen sentir como en casa. Al final, no tengo presi\u00f3n de ning\u00fan tipo. Soy un ciclista responsable y profesional y ellos me dan tranquilidad, lo que me hace rendir al 100%. Esperemos seguir as\u00ed y que los a\u00f1os que voy a continuar en el equipo siga rindiendo de la misma manera y ayudando a los j\u00f3venes y al equipo en todo lo posible\u00bb.<\/p>\n\n\n\n<p>Damien Garcia (director deportivo): \u00abJos\u00e9 Manuel es un pilar y un l\u00edder del Burgos Burpellet BH. Estamos muy contentos de contar con \u00e9l para los dos pr\u00f3ximos a\u00f1os. Es una renovaci\u00f3n importante para nosotros. Desde que lleg\u00f3 ha mejorado mucho, siguiendo la l\u00ednea de todo el equipo. Creemos que nos va a aportar otros \u00e9xitos en el futuro. Es tambi\u00e9n un ciclista importante de cara a ayudar a los j\u00f3venes y un corredor muy s\u00f3lido y completo, con el que podemos contar en todo momento. Es un gran profesional y estamos muy alegres de seguir trabajando con \u00e9l y mirar hacia el futuro\u00bb.<\/p>\n","protected":false},"excerpt":{"rendered":"<p>El jienense renueva con el equipo morado por dos temporadas m\u00e1s despu\u00e9s acariciar la victoria este a\u00f1o en las cl\u00e1sicas francesas y rendir a gran nivel en las vueltas por etapas espa\u00f1olas El Burgos Burpellet BH seguir\u00e1 contando con uno de sus grandes l\u00edderes durante las dos pr\u00f3ximas temporadas. Jos\u00e9 Manuel D\u00edaz ha ampliado su [&hellip;]<\/p>\n","protected":false},"author":10,"featured_media":139675,"comment_status":"closed","ping_status":"closed","sticky":false,"template":"","format":"standard","meta":{"_monsterinsights_skip_tracking":false,"_monsterinsights_sitenote_active":false,"_monsterinsights_sitenote_note":"","_monsterinsights_sitenote_category":0,"footnotes":""},"categories":[63],"tags":[1553,11,64,463],"class_list":{"0":"post-139673","1":"post","2":"type-post","3":"status-publish","4":"format-standard","5":"has-post-thumbnail","7":"category-ciclismo","8":"tag-actualidad-2","9":"tag-burgosbh","10":"tag-ciclismo","11":"tag-josemanueldiaz"},"views":160,"_links":{"self":[{"href":"https:\/\/www.burgosdeporte.com\/index.php?rest_route=\/wp\/v2\/posts\/139673","targetHints":{"allow":["GET"]}}],"collection":[{"href":"https:\/\/www.burgosdeporte.com\/index.php?rest_route=\/wp\/v2\/posts"}],"about":[{"href":"https:\/\/www.burgosdeporte.com\/index.php?rest_route=\/wp\/v2\/types\/post"}],"author":[{"embeddable":true,"href":"https:\/\/www.burgosdeporte.com\/index.php?rest_route=\/wp\/v2\/users\/10"}],"replies":[{"embeddable":true,"href":"https:\/\/www.burgosdeporte.com\/index.php?rest_route=%2Fwp%2Fv2%2Fcomments&post=139673"}],"version-history":[{"count":2,"href":"https:\/\/www.burgosdeporte.com\/index.php?rest_route=\/wp\/v2\/posts\/139673\/revisions"}],"predecessor-version":[{"id":139677,"href":"https:\/\/www.burgosdeporte.com\/index.php?rest_route=\/wp\/v2\/posts\/139673\/revisions\/139677"}],"wp:featuredmedia":[{"embeddable":true,"href":"https:\/\/www.burgosdeporte.com\/index.php?rest_route=\/wp\/v2\/media\/139675"}],"wp:attachment":[{"href":"https:\/\/www.burgosdeporte.com\/index.php?rest_route=%2Fwp%2Fv2%2Fmedia&parent=139673"}],"wp:term":[{"taxonomy":"category","embeddable":true,"href":"https:\/\/www.burgosdeporte.com\/index.php?rest_route=%2Fwp%2Fv2%2Fcategories&post=139673"},{"taxonomy":"post_tag","embeddable":true,"href":"https:\/\/www.burgosdeporte.com\/index.php?rest_route=%2Fwp%2Fv2%2Ftags&post=139673"}],"curies":[{"name":"wp","href":"https:\/\/api.w.org\/{rel}","templated":true}]}}