{"id":139670,"date":"2025-05-14T12:27:20","date_gmt":"2025-05-14T10:27:20","guid":{"rendered":"https:\/\/www.burgosdeporte.com\/?p=139670"},"modified":"2025-05-15T12:51:11","modified_gmt":"2025-05-15T10:51:11","slug":"el-burgales-peio-garmilla-pone-sintonia-a-la-x-vuelta-a-burgos-feminas","status":"publish","type":"post","link":"https:\/\/www.burgosdeporte.com\/?p=139670","title":{"rendered":"El burgal\u00e9s Peio Garmilla pone sinton\u00eda a la X Vuelta a Burgos F\u00e9minas"},"content":{"rendered":"\n<p><strong><em>La Diputaci\u00f3n de Burgos vuelve a apostar por los j\u00f3venes compositores burgaleses para la sinton\u00eda oficial de la prueba<\/em><\/strong><\/p>\n\n\n<div class=\"wp-block-image\">\n<figure class=\"aligncenter size-full\"><a href=\"https:\/\/www.tandemgyd.com\/\" target=\"_blank\" rel=\" noreferrer noopener\"><img loading=\"lazy\" decoding=\"async\" width=\"200\" height=\"183\" src=\"https:\/\/www.burgosdeporte.com\/wp-content\/uploads\/2023\/09\/Logo_Tandem.jpg\" alt=\"\" class=\"wp-image-107992\" srcset=\"https:\/\/www.burgosdeporte.com\/wp-content\/uploads\/2023\/09\/Logo_Tandem.jpg 200w, https:\/\/www.burgosdeporte.com\/wp-content\/uploads\/2023\/09\/Logo_Tandem-150x137.jpg 150w\" sizes=\"auto, (max-width: 200px) 100vw, 200px\" \/><\/a><\/figure>\n<\/div>\n\n\n<p>Peio Garmilla pondr\u00e1 letra y m\u00fasica a la X Vuelta a Burgos F\u00e9minas con \u201cTu sonrisa\u201d. El tema, se convierte as\u00ed en al sinton\u00eda oficial de la ronda burgalesa que se celebrar\u00e1, sobre cuatro etapas en l\u00ednea, del 22 al 25 de mayo.<\/p>\n\n\n\n<p>De esta forma, la Diputaci\u00f3n de Burgos, entidad organizadora de la prueba, a trav\u00e9s del Instituto Provincial para el Deporte y Juventud (IDJ) vuelve a vincular la Vuelta a Burgos con el <em>Ciclo de M\u00fasica Viva<\/em> que se lleva a cabo en la provincia y que pretende, a trav\u00e9s de varias actuaciones, apoyar y dar a conocer a los artistas emergentes de la provincia burgalesa.<\/p>\n\n\n\n<p>Peio Garmilla es un joven compositor burgal\u00e9s nacido en el a\u00f1o 2000, natural del Valle de Valdivielso. Su infancia estuvo marcada por la m\u00fasica y las canciones que sonaban en la emisora rural Radio Valdivielso.<\/p>\n\n\n\n<p>A los 18 a\u00f1os decidi\u00f3 estudiar la carrera de Comunicaci\u00f3n Audiovisual en la Universidad del Pa\u00eds Vasco y aprendi\u00f3 a tocar la guitarra, etapa en la que descubri\u00f3 su pasi\u00f3n por escribir canciones. Fue justo antes de la pandemia cuando compuso sus primeras obras y, desde entonces, la inspiraci\u00f3n le acompa\u00f1a.<\/p>\n\n\n\n<p>\u201cTu sonrisa\u201d es una composici\u00f3n en\u00e9rgica que muestra la capacidad sanadora de una mirada, un gesto, una sonrisa. La felicidad como meta, como el mayor de los premios que se pueden alcanzar.<\/p>\n\n\n\n<p>La sinton\u00eda se puede escuchar en el siguiente enlace: <a href=\"https:\/\/youtu.be\/y943v2P26Gk?si=qEf_t4-J0BV3l0KQ\" target=\"_blank\" rel=\"noreferrer noopener\">https:\/\/youtu.be\/y943v2P26Gk?si=qEf_t4-J0BV3l0KQ<\/a>.<\/p>\n\n\n\n<p>Este ser\u00e1 el v\u00eddeo promocional de la X Vuelta a Burgos F\u00e9minas 2025: <a href=\"https:\/\/youtu.be\/PkstE9lc5pc?si=czunx1QZ2BN1RP0f\" target=\"_blank\" rel=\"noreferrer noopener\">https:\/\/youtu.be\/PkstE9lc5pc?si=czunx1QZ2BN1RP0f<\/a>.<\/p>\n\n\n\n<p><\/p>\n","protected":false},"excerpt":{"rendered":"<p>La Diputaci\u00f3n de Burgos vuelve a apostar por los j\u00f3venes compositores burgaleses para la sinton\u00eda oficial de la prueba Peio Garmilla pondr\u00e1 letra y m\u00fasica a la X Vuelta a Burgos F\u00e9minas con \u201cTu sonrisa\u201d. El tema, se convierte as\u00ed en al sinton\u00eda oficial de la ronda burgalesa que se celebrar\u00e1, sobre cuatro etapas en [&hellip;]<\/p>\n","protected":false},"author":10,"featured_media":139671,"comment_status":"closed","ping_status":"closed","sticky":false,"template":"","format":"standard","meta":{"_monsterinsights_skip_tracking":false,"_monsterinsights_sitenote_active":false,"_monsterinsights_sitenote_note":"","_monsterinsights_sitenote_category":0,"footnotes":""},"categories":[63],"tags":[1553,64,531],"class_list":{"0":"post-139670","1":"post","2":"type-post","3":"status-publish","4":"format-standard","5":"has-post-thumbnail","7":"category-ciclismo","8":"tag-actualidad-2","9":"tag-ciclismo","10":"tag-vueltaaburgosfeminas"},"views":182,"_links":{"self":[{"href":"https:\/\/www.burgosdeporte.com\/index.php?rest_route=\/wp\/v2\/posts\/139670","targetHints":{"allow":["GET"]}}],"collection":[{"href":"https:\/\/www.burgosdeporte.com\/index.php?rest_route=\/wp\/v2\/posts"}],"about":[{"href":"https:\/\/www.burgosdeporte.com\/index.php?rest_route=\/wp\/v2\/types\/post"}],"author":[{"embeddable":true,"href":"https:\/\/www.burgosdeporte.com\/index.php?rest_route=\/wp\/v2\/users\/10"}],"replies":[{"embeddable":true,"href":"https:\/\/www.burgosdeporte.com\/index.php?rest_route=%2Fwp%2Fv2%2Fcomments&post=139670"}],"version-history":[{"count":1,"href":"https:\/\/www.burgosdeporte.com\/index.php?rest_route=\/wp\/v2\/posts\/139670\/revisions"}],"predecessor-version":[{"id":139672,"href":"https:\/\/www.burgosdeporte.com\/index.php?rest_route=\/wp\/v2\/posts\/139670\/revisions\/139672"}],"wp:featuredmedia":[{"embeddable":true,"href":"https:\/\/www.burgosdeporte.com\/index.php?rest_route=\/wp\/v2\/media\/139671"}],"wp:attachment":[{"href":"https:\/\/www.burgosdeporte.com\/index.php?rest_route=%2Fwp%2Fv2%2Fmedia&parent=139670"}],"wp:term":[{"taxonomy":"category","embeddable":true,"href":"https:\/\/www.burgosdeporte.com\/index.php?rest_route=%2Fwp%2Fv2%2Fcategories&post=139670"},{"taxonomy":"post_tag","embeddable":true,"href":"https:\/\/www.burgosdeporte.com\/index.php?rest_route=%2Fwp%2Fv2%2Ftags&post=139670"}],"curies":[{"name":"wp","href":"https:\/\/api.w.org\/{rel}","templated":true}]}}