{"id":139614,"date":"2025-05-12T23:56:45","date_gmt":"2025-05-12T21:56:45","guid":{"rendered":"https:\/\/www.burgosdeporte.com\/?p=139614"},"modified":"2025-05-13T20:00:16","modified_gmt":"2025-05-13T18:00:16","slug":"puesta-a-punto-de-la-vuelta-a-burgos-femenina-del-22-al-25-de-mayo","status":"publish","type":"post","link":"https:\/\/www.burgosdeporte.com\/?p=139614","title":{"rendered":"Puesta a punto de la Vuelta a Burgos Femenina del 22 al 25 de mayo"},"content":{"rendered":"\n<h2 class=\"wp-block-heading\">La Diputaci\u00f3n de Burgos ha presentado la X Vuelta a Burgos Femenina, que contar\u00e1 con un elenco de 21 equipos, 13 de ellos World Tour.<\/h2>\n\n\n\n<p class=\"has-text-align-right\"><em>Fotos: Ricardo Ord\u00f3\u00f1ez<\/em><\/p>\n\n\n<div class=\"wp-block-image\">\n<figure class=\"aligncenter size-full\"><img loading=\"lazy\" decoding=\"async\" width=\"234\" height=\"90\" src=\"https:\/\/www.burgosdeporte.com\/wp-content\/uploads\/2023\/10\/DiputacionBurgos2023.jpg\" alt=\"\" class=\"wp-image-108380\" srcset=\"https:\/\/www.burgosdeporte.com\/wp-content\/uploads\/2023\/10\/DiputacionBurgos2023.jpg 234w, https:\/\/www.burgosdeporte.com\/wp-content\/uploads\/2023\/10\/DiputacionBurgos2023-150x58.jpg 150w\" sizes=\"auto, (max-width: 234px) 100vw, 234px\" \/><\/figure>\n<\/div>\n\n\n<p>Todo a punto para una de las citas m\u00e1s esperadas del calendario internacional UCI Women\u2019s World Tour que comenzar\u00e1\u00a0el pr\u00f3ximo 22 de mayo y se extender\u00e1 hasta el 25 de este mes. Contar\u00e1 con la participaci\u00f3n de las mejores ciclistas del mundo y promete espect\u00e1culo en cada una de sus cuatro etapas con la participaci\u00f3n de 21 equipos.<\/p>\n\n\n\n<figure class=\"wp-block-image size-full\"><img loading=\"lazy\" decoding=\"async\" width=\"1000\" height=\"531\" src=\"https:\/\/www.burgosdeporte.com\/wp-content\/uploads\/2025\/05\/presentacion-vuelta-f-2025.jpg\" alt=\"\" class=\"wp-image-139622\" srcset=\"https:\/\/www.burgosdeporte.com\/wp-content\/uploads\/2025\/05\/presentacion-vuelta-f-2025.jpg 1000w, https:\/\/www.burgosdeporte.com\/wp-content\/uploads\/2025\/05\/presentacion-vuelta-f-2025-300x159.jpg 300w, https:\/\/www.burgosdeporte.com\/wp-content\/uploads\/2025\/05\/presentacion-vuelta-f-2025-768x408.jpg 768w, https:\/\/www.burgosdeporte.com\/wp-content\/uploads\/2025\/05\/presentacion-vuelta-f-2025-150x80.jpg 150w, https:\/\/www.burgosdeporte.com\/wp-content\/uploads\/2025\/05\/presentacion-vuelta-f-2025-696x370.jpg 696w\" sizes=\"auto, (max-width: 1000px) 100vw, 1000px\" \/><figcaption class=\"wp-element-caption\">Presentaci\u00f3n del acto en los salones de la Fundaci\u00f3n Caja Rural Burgos.- Foto: Ricardo Ord\u00f3\u00f1ez<\/figcaption><\/figure>\n\n\n\n<p>El evento ha sido presentado en los salones de la Fundaci\u00f3n Caja Rural Burgos, por la Diputaci\u00f3n de Burgos, como entidad organizadora, a trav\u00e9s del Instituto para el Deporte y la Juventud. <\/p>\n\n\n\n<figure class=\"wp-block-image size-full\"><img loading=\"lazy\" decoding=\"async\" width=\"1000\" height=\"602\" src=\"https:\/\/www.burgosdeporte.com\/wp-content\/uploads\/2025\/05\/vuenta-f-2.jpg\" alt=\"\" class=\"wp-image-139618\" srcset=\"https:\/\/www.burgosdeporte.com\/wp-content\/uploads\/2025\/05\/vuenta-f-2.jpg 1000w, https:\/\/www.burgosdeporte.com\/wp-content\/uploads\/2025\/05\/vuenta-f-2-300x181.jpg 300w, https:\/\/www.burgosdeporte.com\/wp-content\/uploads\/2025\/05\/vuenta-f-2-768x462.jpg 768w, https:\/\/www.burgosdeporte.com\/wp-content\/uploads\/2025\/05\/vuenta-f-2-150x90.jpg 150w, https:\/\/www.burgosdeporte.com\/wp-content\/uploads\/2025\/05\/vuenta-f-2-696x419.jpg 696w\" sizes=\"auto, (max-width: 1000px) 100vw, 1000px\" \/><figcaption class=\"wp-element-caption\">El presidente de la Diputaci\u00f3n de Burgos, Borja Su\u00e1rez, entrevistado durante la presentaci\u00f3n.- Foto: Ricardo Ord\u00f3\u00f1ez. <\/figcaption><\/figure>\n\n\n\n<p>El presidente de la Diputaci\u00f3n de Burgos Borja Su\u00e1rez, ha destacado durante la presentaci\u00f3n, el crecimiento de la carrera y su consolidaci\u00f3n como referente en el ciclismo femenino que supone \u00abun compromiso por la igualdad\u00bb con una aportaci\u00f3n de 450.000 euros.<\/p>\n\n\n\n<figure class=\"wp-block-image size-full\"><img loading=\"lazy\" decoding=\"async\" width=\"1000\" height=\"735\" src=\"https:\/\/www.burgosdeporte.com\/wp-content\/uploads\/2025\/05\/directora-vuelta-sonia-.jpg\" alt=\"\" class=\"wp-image-139623\" srcset=\"https:\/\/www.burgosdeporte.com\/wp-content\/uploads\/2025\/05\/directora-vuelta-sonia-.jpg 1000w, https:\/\/www.burgosdeporte.com\/wp-content\/uploads\/2025\/05\/directora-vuelta-sonia--300x221.jpg 300w, https:\/\/www.burgosdeporte.com\/wp-content\/uploads\/2025\/05\/directora-vuelta-sonia--768x564.jpg 768w, https:\/\/www.burgosdeporte.com\/wp-content\/uploads\/2025\/05\/directora-vuelta-sonia--150x110.jpg 150w, https:\/\/www.burgosdeporte.com\/wp-content\/uploads\/2025\/05\/directora-vuelta-sonia--696x512.jpg 696w\" sizes=\"auto, (max-width: 1000px) 100vw, 1000px\" \/><figcaption class=\"wp-element-caption\">Un momento de la intervenci\u00f3n de la directora de la Vuelta, Sonia Mart\u00ednez..- Foto:   Ricardo Ord\u00f3\u00f1ez<\/figcaption><\/figure>\n\n\n\n<p>La Vuelta a Burgos Femenina 2025 va a mantener su habitual formato de cuatro jornadas, combinando etapas llanas, de media monta\u00f1a y un final en alto que ser\u00e1 decisivo para la clasificaci\u00f3n general \u00aben la que se puedan lucir todas las corredoras\u00bb, seg\u00fan ha destacado , Sonia Mart\u00ednez, directora de la Vuelta. <\/p>\n\n\n\n<p>Este a\u00f1o la organizaci\u00f3n ha apostado por recorridos variados que favorecer\u00e1n tanto a las velocistas como a las escaladoras, con paisajes emblem\u00e1ticos de la provincia burgalesa que har\u00e1n muy atractivo su seguimiento. <\/p>\n\n\n\n<figure class=\"wp-block-image size-full\"><img loading=\"lazy\" decoding=\"async\" width=\"1000\" height=\"645\" src=\"https:\/\/www.burgosdeporte.com\/wp-content\/uploads\/2025\/05\/vuelta-f-3.jpg\" alt=\"\" class=\"wp-image-139617\" srcset=\"https:\/\/www.burgosdeporte.com\/wp-content\/uploads\/2025\/05\/vuelta-f-3.jpg 1000w, https:\/\/www.burgosdeporte.com\/wp-content\/uploads\/2025\/05\/vuelta-f-3-300x194.jpg 300w, https:\/\/www.burgosdeporte.com\/wp-content\/uploads\/2025\/05\/vuelta-f-3-768x495.jpg 768w, https:\/\/www.burgosdeporte.com\/wp-content\/uploads\/2025\/05\/vuelta-f-3-150x97.jpg 150w, https:\/\/www.burgosdeporte.com\/wp-content\/uploads\/2025\/05\/vuelta-f-3-696x449.jpg 696w\" sizes=\"auto, (max-width: 1000px) 100vw, 1000px\" \/><figcaption class=\"wp-element-caption\">La alcaldesa de Burgos, Cristina Ayala, no falt\u00f3 a la cita.- Foto: Ricardo Ord\u00f3\u00f1ez<\/figcaption><\/figure>\n\n\n\n<p><strong>Participaci\u00f3n<\/strong><\/p>\n\n\n\n<p>Con una participaci\u00f3n de 21 equipos de primer nivel, de los cuales 13 son Worldtour, 5 Proteam y 3 continentales, 165 corredoras que ser\u00e1n confirmadas una vez finalice la Vuelta al Pa\u00eds Vasco, buscar\u00e1n hacerse con el maillot morado de la victoria.<\/p>\n\n\n\n<figure class=\"wp-block-image size-full\"><img loading=\"lazy\" decoding=\"async\" width=\"1000\" height=\"540\" src=\"https:\/\/www.burgosdeporte.com\/wp-content\/uploads\/2025\/05\/vuela-f-equipos-w.jpg\" alt=\"\" class=\"wp-image-139616\" srcset=\"https:\/\/www.burgosdeporte.com\/wp-content\/uploads\/2025\/05\/vuela-f-equipos-w.jpg 1000w, https:\/\/www.burgosdeporte.com\/wp-content\/uploads\/2025\/05\/vuela-f-equipos-w-300x162.jpg 300w, https:\/\/www.burgosdeporte.com\/wp-content\/uploads\/2025\/05\/vuela-f-equipos-w-768x415.jpg 768w, https:\/\/www.burgosdeporte.com\/wp-content\/uploads\/2025\/05\/vuela-f-equipos-w-150x81.jpg 150w, https:\/\/www.burgosdeporte.com\/wp-content\/uploads\/2025\/05\/vuela-f-equipos-w-696x376.jpg 696w\" sizes=\"auto, (max-width: 1000px) 100vw, 1000px\" \/><figcaption class=\"wp-element-caption\">De los 21 equipos participantes, 8 son de categor\u00eda WorldTour<\/figcaption><\/figure>\n\n\n\n<figure class=\"wp-block-image size-full\"><img loading=\"lazy\" decoding=\"async\" width=\"1000\" height=\"529\" src=\"https:\/\/www.burgosdeporte.com\/wp-content\/uploads\/2025\/05\/vuelta-f-mas-equipos.jpg\" alt=\"\" class=\"wp-image-139615\" srcset=\"https:\/\/www.burgosdeporte.com\/wp-content\/uploads\/2025\/05\/vuelta-f-mas-equipos.jpg 1000w, https:\/\/www.burgosdeporte.com\/wp-content\/uploads\/2025\/05\/vuelta-f-mas-equipos-300x159.jpg 300w, https:\/\/www.burgosdeporte.com\/wp-content\/uploads\/2025\/05\/vuelta-f-mas-equipos-768x406.jpg 768w, https:\/\/www.burgosdeporte.com\/wp-content\/uploads\/2025\/05\/vuelta-f-mas-equipos-150x79.jpg 150w, https:\/\/www.burgosdeporte.com\/wp-content\/uploads\/2025\/05\/vuelta-f-mas-equipos-696x368.jpg 696w\" sizes=\"auto, (max-width: 1000px) 100vw, 1000px\" \/><figcaption class=\"wp-element-caption\">La ronda burgalesa tambi\u00e9n contar\u00e1 con  5 equipos Proteam y 3 continentales, <\/figcaption><\/figure>\n\n\n\n<p><strong>Etapas<\/strong><\/p>\n\n\n\n<p>La primera etapa ser\u00e1 el jueves 22 de mayo con salida en la Catedral de Burgos y llegada en Poza de la Sal, en homenaje a F\u00e9lix Rodr\u00edguez de la Fuente, recorriendo 125 kil\u00f3metros, con tres puertas de monta\u00f1a de tercera categor\u00eda y un final explosivo en lo que se conoce el balc\u00f3n de la Bureba.<\/p>\n\n\n\n<p>La segunda etapa, otro homenaje a un personaje hist\u00f3rico Juan Mart\u00edn el Empecinado, ser\u00e1 el viernes con salida en Villalba de Duero y llegada en Roa, una etapa para las velocistas del pelot\u00f3n con un puerto de monta\u00f1a a 7 kil\u00f3metros de meta.<\/p>\n\n\n\n<p>La tercera etapa determinante para hacer el grupo que pueda optar al mayor morado saldr\u00e1 del Valle de Valdebezana concretamente de la localidad de Soncillo y llegada en Pic\u00f3n blanco por primera vez en la edici\u00f3n femenina con 7,8 kil\u00f3metros de su vida y pendientes de 9 por ciento.<\/p>\n\n\n\n<p>Y la \u00faltima el domingo ser\u00e1 una contrarreloj individual de 9,4 kil\u00f3metros con salida en Villasana de Mena y llegada en Lezana de Mena.<\/p>\n\n\n\n<p>En definitiva, cuneta atr\u00e1s para volver a vivir una nueva edici\u00f3n de la ronda femenina burgalesa que promete momentos de emoci\u00f3n y mucha calidad en los equipos participantes. <\/p>\n\n\n\n<p><\/p>\n\n\n\n<p><\/p>\n","protected":false},"excerpt":{"rendered":"<p>La Diputaci\u00f3n de Burgos ha presentado la X Vuelta a Burgos Femenina, que contar\u00e1 con un elenco de 21 equipos, 13 de ellos World Tour. Fotos: Ricardo Ord\u00f3\u00f1ez Todo a punto para una de las citas m\u00e1s esperadas del calendario internacional UCI Women\u2019s World Tour que comenzar\u00e1\u00a0el pr\u00f3ximo 22 de mayo y se extender\u00e1 hasta [&hellip;]<\/p>\n","protected":false},"author":10,"featured_media":139619,"comment_status":"closed","ping_status":"closed","sticky":false,"template":"","format":"standard","meta":{"_monsterinsights_skip_tracking":false,"_monsterinsights_sitenote_active":false,"_monsterinsights_sitenote_note":"","_monsterinsights_sitenote_category":0,"footnotes":""},"categories":[63],"tags":[1552,130,266,458],"class_list":{"0":"post-139614","1":"post","2":"type-post","3":"status-publish","4":"format-standard","5":"has-post-thumbnail","7":"category-ciclismo","8":"tag-destacadas","9":"tag-diputaciondeburgos","10":"tag-idjburgos","11":"tag-vueltaaburgosfemenina"},"views":188,"_links":{"self":[{"href":"https:\/\/www.burgosdeporte.com\/index.php?rest_route=\/wp\/v2\/posts\/139614","targetHints":{"allow":["GET"]}}],"collection":[{"href":"https:\/\/www.burgosdeporte.com\/index.php?rest_route=\/wp\/v2\/posts"}],"about":[{"href":"https:\/\/www.burgosdeporte.com\/index.php?rest_route=\/wp\/v2\/types\/post"}],"author":[{"embeddable":true,"href":"https:\/\/www.burgosdeporte.com\/index.php?rest_route=\/wp\/v2\/users\/10"}],"replies":[{"embeddable":true,"href":"https:\/\/www.burgosdeporte.com\/index.php?rest_route=%2Fwp%2Fv2%2Fcomments&post=139614"}],"version-history":[{"count":2,"href":"https:\/\/www.burgosdeporte.com\/index.php?rest_route=\/wp\/v2\/posts\/139614\/revisions"}],"predecessor-version":[{"id":139624,"href":"https:\/\/www.burgosdeporte.com\/index.php?rest_route=\/wp\/v2\/posts\/139614\/revisions\/139624"}],"wp:featuredmedia":[{"embeddable":true,"href":"https:\/\/www.burgosdeporte.com\/index.php?rest_route=\/wp\/v2\/media\/139619"}],"wp:attachment":[{"href":"https:\/\/www.burgosdeporte.com\/index.php?rest_route=%2Fwp%2Fv2%2Fmedia&parent=139614"}],"wp:term":[{"taxonomy":"category","embeddable":true,"href":"https:\/\/www.burgosdeporte.com\/index.php?rest_route=%2Fwp%2Fv2%2Fcategories&post=139614"},{"taxonomy":"post_tag","embeddable":true,"href":"https:\/\/www.burgosdeporte.com\/index.php?rest_route=%2Fwp%2Fv2%2Ftags&post=139614"}],"curies":[{"name":"wp","href":"https:\/\/api.w.org\/{rel}","templated":true}]}}