{"id":139605,"date":"2025-05-12T14:53:08","date_gmt":"2025-05-12T12:53:08","guid":{"rendered":"https:\/\/www.burgosdeporte.com\/?p=139605"},"modified":"2025-05-13T17:34:04","modified_gmt":"2025-05-13T15:34:04","slug":"tarde-de-disfrute","status":"publish","type":"post","link":"https:\/\/www.burgosdeporte.com\/?p=139605","title":{"rendered":"Tarde de disfrute"},"content":{"rendered":"\n<h2 class=\"wp-block-heading\">Comentario de opini\u00f3n de Jairo Velasco sobre la actualidad del Burgos CF.<\/h2>\n\n\n\n<p>Poco m\u00e1s se pod\u00eda pedir a una tarde de s\u00e1bado que empezaba con uno de estos chaparrones a los que nos acostumbra esta primavera burgalesa, pero que pronto dio paso a un reluciente sol con el que se vislumbr\u00f3 el arco\u00edris desde nuestro Plant\u00edo. Met\u00e1fora climatol\u00f3gica perfecta para definir un partido en el que tuvimos de todo y que no se pudo redondear de la mejor manera.<\/p>\n\n\n\n<p>La imagen ha cambiado. La salvaci\u00f3n, que hasta ahora era virtual, ha dado otro aire al Burgos; M\u00e1s desenfadado, alegre y vistoso, sin ese temor continuo que parec\u00eda someter a todos nuestros jugadores, haci\u00e9ndoles cometer errores impropios y dando un nivel mucho m\u00e1s bajo de lo que pod\u00edamos esperar. Era el momento de agarrarse los machos, y poniendo todo en perspectiva, era lo que en ese entonces necesitaba el equipo.<\/p>\n\n\n\n<p>Ramis tambi\u00e9n ha entendido que era el momento de volver a alinear a aquellos que fueron \u201capartados\u201d y que parecieron verse superados por una situaci\u00f3n no contemplada en las aspiraciones de su contrato. Jugadores como Morante y David han demostrado que si que son valedores de defender esta camiseta, mostr\u00e1ndose de cara a la temporada siguiente como piezas muy \u00fatiles para aportar calidad y car\u00e1cter.&nbsp;<\/p>\n\n\n\n<p>En la cara negativa sigue estando Curro; Piedra angular de este proyecto, no est\u00e1 dando el rendimiento que se esperaba con su costosa renovaci\u00f3n. Desde la llegada del entrenador tarraconense se le exigi\u00f3 mucho m\u00e1s esfuerzo defensivo, reduciendo sus participaciones en ataque a transiciones muy r\u00e1pidas cuando \u00e9l requiere mucho contacto con el bal\u00f3n para mostrar su mejor nivel. Ahora parece ser el \u00fanico anclado en el pasado, desacertado y visiblemente ap\u00e1tico no encuentra su sitio en un equipo que ha crecido dej\u00e1ndole de lado.&nbsp;<\/p>\n\n\n\n<p>Si hubo una \u00e9poca en el que remontar un resultado se antojaba pr\u00e1cticamente imposible, el chip de los jugadores ha cambiado de tal manera que parece que los golpes de los rivales no les afecten. Dos bofetadas cordobesas, una mucho m\u00e1s merecida que otra, que podr\u00edan haber desquebrajado la poca motivaci\u00f3n con la que se podr\u00eda tomar un encuentro intrascendente, pero m\u00e1s lejos de esto, el conjunto burgalesista respondi\u00f3 como equipo grande y combativo.&nbsp;<\/p>\n\n\n\n<p>Espina t\u00e1ctica en la variaci\u00f3n de nuestro t\u00e9cnico en el descanso, obligando a la defensa a recular a bloque bajo y dej\u00e1ndonos dominar por un C\u00f3rdoba muy da\u00f1ino en cuanto sus mediaspuntas consegu\u00edan enlazar tres pases en la frontal del \u00e1rea. As\u00ed naci\u00f3 su segundo gol y a partir de ah\u00ed la modificaci\u00f3n desapareci\u00f3, haciendo evidente que lo que buscaba no funcion\u00f3.&nbsp;<\/p>\n\n\n\n<p>Pero por si no hubiera suficientes motivos para salir contentos del municipal, el golazo de nuestro capit\u00e1n redonde\u00f3 una gran tarde de disfrute. Junto a Ra\u00fal, \u00fanicos supervivientes del ascenso en Almendralejo, a cualquier aficionado que vista nuestra el\u00e1stica&nbsp; se le hace imposible no sentirse identificado con los valores que transmite el mayor de los C\u00f3rdoba.&nbsp;<\/p>\n\n\n\n<p>Indiscutible en las alineaciones sea cual sea el t\u00e9cnico que resida en el banquillo burgal\u00e9s, ha asumido la dif\u00edcil tarea de relevar en la capitan\u00eda a un referente como Elgezabal. Honor para aquellos que defienden nuestro escudo como lo hacen ellos, porque independientemente de las habilidades y la pulcritud t\u00e1ctica, el esfuerzo ha de primar a la hora de saltar al c\u00e9sped.&nbsp;<\/p>\n","protected":false},"excerpt":{"rendered":"<p>Comentario de opini\u00f3n de Jairo Velasco sobre la actualidad del Burgos CF. Poco m\u00e1s se pod\u00eda pedir a una tarde de s\u00e1bado que empezaba con uno de estos chaparrones a los que nos acostumbra esta primavera burgalesa, pero que pronto dio paso a un reluciente sol con el que se vislumbr\u00f3 el arco\u00edris desde nuestro [&hellip;]<\/p>\n","protected":false},"author":15,"featured_media":139607,"comment_status":"closed","ping_status":"closed","sticky":false,"template":"","format":"standard","meta":{"_monsterinsights_skip_tracking":false,"_monsterinsights_sitenote_active":false,"_monsterinsights_sitenote_note":"","_monsterinsights_sitenote_category":0,"footnotes":""},"categories":[4,14],"tags":[1553,29,834,13],"class_list":{"0":"post-139605","1":"post","2":"type-post","3":"status-publish","4":"format-standard","5":"has-post-thumbnail","7":"category-futbol","8":"category-opinion","9":"tag-actualidad-2","10":"tag-burgoscf","11":"tag-jairovelasco","12":"tag-opinion"},"views":257,"_links":{"self":[{"href":"https:\/\/www.burgosdeporte.com\/index.php?rest_route=\/wp\/v2\/posts\/139605","targetHints":{"allow":["GET"]}}],"collection":[{"href":"https:\/\/www.burgosdeporte.com\/index.php?rest_route=\/wp\/v2\/posts"}],"about":[{"href":"https:\/\/www.burgosdeporte.com\/index.php?rest_route=\/wp\/v2\/types\/post"}],"author":[{"embeddable":true,"href":"https:\/\/www.burgosdeporte.com\/index.php?rest_route=\/wp\/v2\/users\/15"}],"replies":[{"embeddable":true,"href":"https:\/\/www.burgosdeporte.com\/index.php?rest_route=%2Fwp%2Fv2%2Fcomments&post=139605"}],"version-history":[{"count":1,"href":"https:\/\/www.burgosdeporte.com\/index.php?rest_route=\/wp\/v2\/posts\/139605\/revisions"}],"predecessor-version":[{"id":139608,"href":"https:\/\/www.burgosdeporte.com\/index.php?rest_route=\/wp\/v2\/posts\/139605\/revisions\/139608"}],"wp:featuredmedia":[{"embeddable":true,"href":"https:\/\/www.burgosdeporte.com\/index.php?rest_route=\/wp\/v2\/media\/139607"}],"wp:attachment":[{"href":"https:\/\/www.burgosdeporte.com\/index.php?rest_route=%2Fwp%2Fv2%2Fmedia&parent=139605"}],"wp:term":[{"taxonomy":"category","embeddable":true,"href":"https:\/\/www.burgosdeporte.com\/index.php?rest_route=%2Fwp%2Fv2%2Fcategories&post=139605"},{"taxonomy":"post_tag","embeddable":true,"href":"https:\/\/www.burgosdeporte.com\/index.php?rest_route=%2Fwp%2Fv2%2Ftags&post=139605"}],"curies":[{"name":"wp","href":"https:\/\/api.w.org\/{rel}","templated":true}]}}