{"id":139599,"date":"2025-05-12T12:58:18","date_gmt":"2025-05-12T10:58:18","guid":{"rendered":"https:\/\/www.burgosdeporte.com\/?p=139599"},"modified":"2025-05-13T13:30:47","modified_gmt":"2025-05-13T11:30:47","slug":"hugo-de-la-calle-brilla-para-el-burgos-burpellet-bh-en-francia","status":"publish","type":"post","link":"https:\/\/www.burgosdeporte.com\/?p=139599","title":{"rendered":"Hugo de la Calle brilla para el Burgos Burpellet BH en Francia"},"content":{"rendered":"\n<p><strong><em>El asturiano fue el corredor m\u00e1s fuerte de la escapada en un Tro-Bro L\u00e9on pasado por agua<\/em><\/strong><\/p>\n\n\n\n<p class=\"has-text-align-right\">(<em>Fotograf\u00edas: Luis \u00c1ngel G\u00f3mez \/ Sprint Cycling Agency<\/em>)<\/p>\n\n\n<div class=\"wp-block-image\">\n<figure class=\"aligncenter size-full\"><a href=\"https:\/\/www.tandemgyd.com\/\" target=\"_blank\" rel=\" noreferrer noopener\"><img loading=\"lazy\" decoding=\"async\" width=\"200\" height=\"183\" src=\"https:\/\/www.burgosdeporte.com\/wp-content\/uploads\/2023\/09\/Logo_Tandem.jpg\" alt=\"\" class=\"wp-image-107992\" srcset=\"https:\/\/www.burgosdeporte.com\/wp-content\/uploads\/2023\/09\/Logo_Tandem.jpg 200w, https:\/\/www.burgosdeporte.com\/wp-content\/uploads\/2023\/09\/Logo_Tandem-150x137.jpg 150w\" sizes=\"auto, (max-width: 200px) 100vw, 200px\" \/><\/a><\/figure>\n<\/div>\n\n\n<p>Hugo de la Calle se estren\u00f3 en las cl\u00e1sicas francesas de primavera de la mejor forma posible, acabando 14\u00ba en una de las ediciones m\u00e1s duras del Tro-Bro L\u00e9on. El asturiano entr\u00f3 en la escapada y se desenvolvi\u00f3 a las mil maravillas en los caminos de tierra, se\u00f1a de identidad de la prueba bretona.<\/p>\n\n\n\n<p>En una carrera marcada por las continuas lluvias, el joven ciclista de 20 a\u00f1os se march\u00f3 en solitario en los embarrados &#8216;ribino\u00f9&#8217; y pele\u00f3 con los m\u00e1s fuertes del pelot\u00f3n una vez le dieron caza. Adem\u00e1s, subi\u00f3 en dos ocasiones al podio en Lannilis, como ganador del premio de la combatividad y del premio de los sprints intermedios.<\/p>\n\n\n\n<p>El triplete de cl\u00e1sicas en la Breta\u00f1a francesa comenz\u00f3 para el Burgos Burpellet BH el pasado jueves, con los Boucles de l&#8217;Aulne. Los morados dieron la cara desde la escapada, al entrar George Jackson en un grupo que se form\u00f3 de salida y que pronto alcanz\u00f3 los cinco minutos de ventaja. El neozeland\u00e9s aguant\u00f3 por delante hasta la \u00faltima vuelta al segundo de los circuitos, cuando se descolgaba en el duro asenso a Menez Quelerc&#8217;h.<\/p>\n\n\n\n<p>El pelot\u00f3n fue perdiendo unidades en cada giro en torno a Ch\u00e2teaulin y tres morados se manten\u00edan entre los m\u00e1s fuertes de la carrera: Antonio Angulo, Cl\u00e9ment Alleno y Sergio Chumil. El guatemalteco se mostr\u00f3 atento a los cortes en las \u00faltimas vueltas, pero todo se decidi\u00f3 al sprint, donde el c\u00e1ntabro fue el mejor de los morados.<\/p>\n\n\n\n<p>Un d\u00eda despu\u00e9s, el equipo morado disput\u00f3 por primera vez el Tour de Finisterre. No tom\u00f3 la salida como estaba previsto Daniel Cavia por enfermedad, siendo sustituido por Jackson. Los burgaleses animaron el tramo final de la carrera y, tras un primer intento en solitario de Hugo de la Calle, fue Sergio Chumil quien entr\u00f3 en varios cortes peligrosos. El guatemalteco se filtr\u00f3 primero en un grupo de unas 15 unidades en el que no acab\u00f3 de haber organizaci\u00f3n en los relevos.<\/p>\n\n\n\n<p>Chumil lo volvi\u00f3 a intentar unos kil\u00f3metros despu\u00e9s, con otro aceler\u00f3n que tampoco lleg\u00f3 lejos ante el empuje del pelot\u00f3n. Dentro ya de la \u00faltima vuelta al circuito final, \u00c1ngel Fuentes y Hugo de la Calle entraron en un grupo de atacantes y el asturiano realiz\u00f3 su apuesta lejana, acelerando con fuerza en un repecho a seis kil\u00f3metros de la meta. Sin embargo, fue atrapado y la carrera se resolvi\u00f3 en una volata, donde Sergio Chumil, Antonio Angulo y el propio De la Calle fueron los primeros morados.<\/p>\n\n\n\n<figure class=\"wp-block-image size-large\"><img loading=\"lazy\" decoding=\"async\" width=\"1024\" height=\"683\" src=\"https:\/\/www.burgosdeporte.com\/wp-content\/uploads\/2025\/05\/Lluvias-en-Francia-Burgos-BH-1024x683.jpg\" alt=\"\" class=\"wp-image-139600\" srcset=\"https:\/\/www.burgosdeporte.com\/wp-content\/uploads\/2025\/05\/Lluvias-en-Francia-Burgos-BH-1024x683.jpg 1024w, https:\/\/www.burgosdeporte.com\/wp-content\/uploads\/2025\/05\/Lluvias-en-Francia-Burgos-BH-300x200.jpg 300w, https:\/\/www.burgosdeporte.com\/wp-content\/uploads\/2025\/05\/Lluvias-en-Francia-Burgos-BH-768x512.jpg 768w, https:\/\/www.burgosdeporte.com\/wp-content\/uploads\/2025\/05\/Lluvias-en-Francia-Burgos-BH-150x100.jpg 150w, https:\/\/www.burgosdeporte.com\/wp-content\/uploads\/2025\/05\/Lluvias-en-Francia-Burgos-BH-696x464.jpg 696w, https:\/\/www.burgosdeporte.com\/wp-content\/uploads\/2025\/05\/Lluvias-en-Francia-Burgos-BH-1068x712.jpg 1068w, https:\/\/www.burgosdeporte.com\/wp-content\/uploads\/2025\/05\/Lluvias-en-Francia-Burgos-BH.jpg 1200w\" sizes=\"auto, (max-width: 1024px) 100vw, 1024px\" \/><figcaption class=\"wp-element-caption\">Tro Bro Leon 2025 &#8211; 42nd Edition Lannilis &#8211; Lannilis 203,8 km &#8211; 11\/05\/2025 &#8211; Burgos Burpellet BH &#8211; photo Luis Angel Gomez\/SprintCyclingAgency\u00a92025<\/figcaption><\/figure>\n\n\n\n<p>El Burgos Burpellet BH descans\u00f3 el s\u00e1bado y pudo preparar la exigente cita del domingo, el Tro-Bro L\u00e9on. La carrera bretona parti\u00f3 de Lannilis bajo una intensa lluvia que endureci\u00f3 toda la carrera. Tras una primera hora de continuos ataques, Hugo de la Calle logr\u00f3 entrar en la fuga definitiva de siete ciclistas. El asturiano afront\u00f3 de esta manera con ventaja los primeros de los 29 tramos de tierra que integraban la prueba, convertidos en barro por la lluvia. Una imagen m\u00e1s propia del ciclocross, disciplina que no es ajena al asturiano, que ya fue cuarto en el Campeonato de Espa\u00f1a sub-23 de hace dos temporadas.<\/p>\n\n\n\n<p>Las dur\u00edsimas condiciones meteorol\u00f3gicas, sumadas a la complejidad del terreno provocaron una gran selecci\u00f3n en el pelot\u00f3n en los primeros once tramos de tierra. En la fuga, De la Calle sufr\u00eda una ca\u00edda que le obligaba a cambiar de bicicleta, pero no le imped\u00eda seguir al frente. El asturiano se desenvolvi\u00f3 a las mil maravillas en el terreno embarrado y aceler\u00f3 la carrera cuando vio que el grupo principal se acercaba. Una mezcla de potencia, habilidad y valent\u00eda le permitieron aguantar por delante hasta la parte decisiva de la carrera.<\/p>\n\n\n\n<p>En el pelot\u00f3n trataban de resistir George Jackson, Antonio Angulo, Rodrigo \u00c1lvarez y Daniel Cavia, sorteando las numerosas ca\u00eddas provocadas por la lluvia. El peque\u00f1o grupo de favoritos acab\u00f3 alcanzando a Hugo a tan solo 30 kil\u00f3metros del final, pero el asturiano no hab\u00eda dicho la \u00faltima palabra. Sigui\u00f3 peleando, atacando y entregando hasta el \u00faltimo gramo de fuerza para acabar en los puestos delanteros. Con los ciclistas entrando casi de uno en uno y cubierto de barro, De la Calle cruzaba la meta en Lannilis en una gran 14\u00aa posici\u00f3n. Un notabil\u00edsimo estreno en las cl\u00e1sicas del que saca un valioso aprendizaje de cara al futuro.<\/p>\n","protected":false},"excerpt":{"rendered":"<p>El asturiano fue el corredor m\u00e1s fuerte de la escapada en un Tro-Bro L\u00e9on pasado por agua (Fotograf\u00edas: Luis \u00c1ngel G\u00f3mez \/ Sprint Cycling Agency) Hugo de la Calle se estren\u00f3 en las cl\u00e1sicas francesas de primavera de la mejor forma posible, acabando 14\u00ba en una de las ediciones m\u00e1s duras del Tro-Bro L\u00e9on. El [&hellip;]<\/p>\n","protected":false},"author":10,"featured_media":139601,"comment_status":"closed","ping_status":"closed","sticky":false,"template":"","format":"standard","meta":{"_monsterinsights_skip_tracking":false,"_monsterinsights_sitenote_active":false,"_monsterinsights_sitenote_note":"","_monsterinsights_sitenote_category":0,"footnotes":""},"categories":[63],"tags":[1553,11,64],"class_list":{"0":"post-139599","1":"post","2":"type-post","3":"status-publish","4":"format-standard","5":"has-post-thumbnail","7":"category-ciclismo","8":"tag-actualidad-2","9":"tag-burgosbh","10":"tag-ciclismo"},"views":139,"_links":{"self":[{"href":"https:\/\/www.burgosdeporte.com\/index.php?rest_route=\/wp\/v2\/posts\/139599","targetHints":{"allow":["GET"]}}],"collection":[{"href":"https:\/\/www.burgosdeporte.com\/index.php?rest_route=\/wp\/v2\/posts"}],"about":[{"href":"https:\/\/www.burgosdeporte.com\/index.php?rest_route=\/wp\/v2\/types\/post"}],"author":[{"embeddable":true,"href":"https:\/\/www.burgosdeporte.com\/index.php?rest_route=\/wp\/v2\/users\/10"}],"replies":[{"embeddable":true,"href":"https:\/\/www.burgosdeporte.com\/index.php?rest_route=%2Fwp%2Fv2%2Fcomments&post=139599"}],"version-history":[{"count":1,"href":"https:\/\/www.burgosdeporte.com\/index.php?rest_route=\/wp\/v2\/posts\/139599\/revisions"}],"predecessor-version":[{"id":139602,"href":"https:\/\/www.burgosdeporte.com\/index.php?rest_route=\/wp\/v2\/posts\/139599\/revisions\/139602"}],"wp:featuredmedia":[{"embeddable":true,"href":"https:\/\/www.burgosdeporte.com\/index.php?rest_route=\/wp\/v2\/media\/139601"}],"wp:attachment":[{"href":"https:\/\/www.burgosdeporte.com\/index.php?rest_route=%2Fwp%2Fv2%2Fmedia&parent=139599"}],"wp:term":[{"taxonomy":"category","embeddable":true,"href":"https:\/\/www.burgosdeporte.com\/index.php?rest_route=%2Fwp%2Fv2%2Fcategories&post=139599"},{"taxonomy":"post_tag","embeddable":true,"href":"https:\/\/www.burgosdeporte.com\/index.php?rest_route=%2Fwp%2Fv2%2Ftags&post=139599"}],"curies":[{"name":"wp","href":"https:\/\/api.w.org\/{rel}","templated":true}]}}