{"id":139496,"date":"2025-05-10T15:09:14","date_gmt":"2025-05-10T13:09:14","guid":{"rendered":"https:\/\/www.burgosdeporte.com\/?p=139496"},"modified":"2025-05-12T00:28:15","modified_gmt":"2025-05-11T22:28:15","slug":"iii-torneo-de-padel-solidario-de-aspaym-castilla-y-leon","status":"publish","type":"post","link":"https:\/\/www.burgosdeporte.com\/?p=139496","title":{"rendered":"III Torneo de P\u00e1del Solidario de ASPAYM Castilla y Le\u00f3n"},"content":{"rendered":"\n<h2 class=\"wp-block-heading\"><strong>Se desarrolla a lo largo del fin de semana con el objetivo de visibilizar el da\u00f1o cerebral y fomentar la inclusi\u00f3n a trav\u00e9s del deporte.<\/strong><\/h2>\n\n\n<div class=\"wp-block-image\">\n<figure class=\"aligncenter size-full\"><img loading=\"lazy\" decoding=\"async\" width=\"300\" height=\"90\" src=\"https:\/\/www.burgosdeporte.com\/wp-content\/uploads\/2023\/10\/Felix_rubio_2.gif\" alt=\"\" class=\"wp-image-108903\"\/><\/figure>\n<\/div>\n\n\n<p>El deporte y la solidaridad vuelven a unirse este fin de semana en Burgos con la celebraci\u00f3n del III Torneo de P\u00e1del Solidario en memoria de Paco Nalda, una cita organizada por ASPAYM Castilla y Le\u00f3n y Padelicious que se desarrollar\u00e1 los d\u00edas 10 y 11 de mayo en las instalaciones de beUp Burgos.<\/p>\n\n\n\n<p>Este evento deportivo tiene como objetivo recaudar fondos para la Unidad de Rehabilitaci\u00f3n Neurol\u00f3gica de ASPAYM Castilla y Le\u00f3n en Burgos, con el fin de adquirir equipamiento innovador y mejorar la atenci\u00f3n especializada que se presta tanto a personas con discapacidad como sin ella.<\/p>\n\n\n\n<figure class=\"wp-block-image size-full\"><img loading=\"lazy\" decoding=\"async\" width=\"1000\" height=\"593\" src=\"https:\/\/www.burgosdeporte.com\/wp-content\/uploads\/2025\/05\/pa1.jpg\" alt=\"\" class=\"wp-image-139501\" srcset=\"https:\/\/www.burgosdeporte.com\/wp-content\/uploads\/2025\/05\/pa1.jpg 1000w, https:\/\/www.burgosdeporte.com\/wp-content\/uploads\/2025\/05\/pa1-300x178.jpg 300w, https:\/\/www.burgosdeporte.com\/wp-content\/uploads\/2025\/05\/pa1-768x455.jpg 768w, https:\/\/www.burgosdeporte.com\/wp-content\/uploads\/2025\/05\/pa1-150x89.jpg 150w, https:\/\/www.burgosdeporte.com\/wp-content\/uploads\/2025\/05\/pa1-696x413.jpg 696w\" sizes=\"auto, (max-width: 1000px) 100vw, 1000px\" \/><figcaption class=\"wp-element-caption\">Foto: Organizaci\u00f3n<\/figcaption><\/figure>\n\n\n\n<p>El torneo contar\u00e1 con categor\u00edas absolutas (masculina, femenina y mixta) y con una exhibici\u00f3n de p\u00e1del adaptado que se celebrar\u00e1 el domingo 11 de mayo a las 12:15 horas, destacando el compromiso de la entidad con el deporte inclusivo. El presidente de ASPAYM Castilla y Le\u00f3n, \u00c1ngel de Propios, ha resaltado que \u00abpara ASPAYM Castilla y Le\u00f3n, es fundamental que todas las personas tengan las mismas oportunidades para disfrutar del deporte, promover h\u00e1bitos de vida saludables y compartir espacios de ocio sin barreras\u00bb.<\/p>\n\n\n\n<figure class=\"wp-block-image size-full\"><img loading=\"lazy\" decoding=\"async\" width=\"1000\" height=\"647\" src=\"https:\/\/www.burgosdeporte.com\/wp-content\/uploads\/2025\/05\/pa3.jpg\" alt=\"\" class=\"wp-image-139499\" srcset=\"https:\/\/www.burgosdeporte.com\/wp-content\/uploads\/2025\/05\/pa3.jpg 1000w, https:\/\/www.burgosdeporte.com\/wp-content\/uploads\/2025\/05\/pa3-300x194.jpg 300w, https:\/\/www.burgosdeporte.com\/wp-content\/uploads\/2025\/05\/pa3-768x497.jpg 768w, https:\/\/www.burgosdeporte.com\/wp-content\/uploads\/2025\/05\/pa3-150x97.jpg 150w, https:\/\/www.burgosdeporte.com\/wp-content\/uploads\/2025\/05\/pa3-696x450.jpg 696w\" sizes=\"auto, (max-width: 1000px) 100vw, 1000px\" \/><figcaption class=\"wp-element-caption\">Foto: Organizaci\u00f3n<\/figcaption><\/figure>\n\n\n\n<p>La competici\u00f3n comenzar\u00e1 el s\u00e1bado 10 de mayo con los cuartos de final y semifinales, y culminar\u00e1 el domingo con las finales de todas las categor\u00edas, as\u00ed como con la entrega de trofeos, premios y un gran sorteo. Los partidos se jugar\u00e1n con formato adaptado seg\u00fan la fase: sets con punto de oro, tiebreak o supertiebreak.<\/p>\n\n\n\n<p>El presidente de ASPAYM Castilla y Le\u00f3n, \u00c1ngel de Propios, y autoridades de la ciudad ser\u00e1n los encargados de cerrar el torneo con la entrega de premios.<\/p>\n\n\n\n<p><strong>Horarios:<\/strong><\/p>\n\n\n\n<p>S\u00e1bado 10 de mayo \u2013 Cuartos y Semifinales<\/p>\n\n\n\n<p>14:00 a 15:40 h: Categor\u00eda Masculina Oro<\/p>\n\n\n\n<p>15:40 a 17:20 h: Categor\u00eda Masculina Plata<\/p>\n\n\n\n<p>17:20 a 19:00 h: Categor\u00eda Femenina<\/p>\n\n\n\n<p>19:00 a 20:40 h: Categor\u00eda Mixta<\/p>\n\n\n\n<p>Domingo 11 de mayo \u2013 Finales y exhibici\u00f3n<\/p>\n\n\n\n<p>11:00 a 12:15 h: Masculina Plata y Femenina<\/p>\n\n\n\n<p>12:15 a 13:15 h: Exhibici\u00f3n de P\u00e1del Adaptado<\/p>\n\n\n\n<p>13:15 a 14:30 h: Masculina Oro y Mixta<\/p>\n\n\n\n<p>14:30 h: Entrega de trofeos y sorteo solidario<\/p>\n\n\n\n<p><strong>Un homenaje a Paco Nalda<\/strong><\/p>\n\n\n\n<p>Esta edici\u00f3n se celebra en memoria de Paco Nalda, un querido usuario del Centro de D\u00eda de ASPAYM Castilla y Le\u00f3n afectado por Da\u00f1o Cerebral Adquirido. Su recuerdo inspira a la entidad a seguir luchando por una sociedad m\u00e1s justa, donde la inclusi\u00f3n y el bienestar sean una prioridad.<\/p>\n\n\n\n<p><strong>Un sorteo con grandes premios<\/strong><\/p>\n\n\n\n<p>Entre los participantes se sortear\u00e1n premios cedidos por empresas colaboradoras, entre ellos: un fin de semana en El Bosque de los Sue\u00f1os, una noche para dos personas en El Rinc\u00f3n del Convento, una cesta de productos gourmet de Saborea Castilla y Le\u00f3n, bonos de masaje, estudios de pisada, sesiones de nutrici\u00f3n, vales para desayunos, comidas y cenas en establecimientos de la ciudad o productos de merchandising de La M.O.D.A.<\/p>\n\n\n\n<p>Adem\u00e1s, quienes no participen en el torneo pueden colaborar con el Dorsal 0 haciendo una aportaci\u00f3n solidaria al c\u00f3digo BIZUM 08380.<\/p>\n\n\n\n<p><strong>Agradecimientos a patrocinadores y colaboradores<\/strong><\/p>\n\n\n\n<p>Este evento solidario no ser\u00eda posible sin el apoyo de los patrocinadores principales, entre ellos:<\/p>\n\n\n\n<p>Aples, CUPRA Arlanz\u00f3n Motor, Villarce S.L., Sonepar, beUp Burgos, Adisseo, Julcar, Echevarrieta Abogados, Martin Hills, Bello by Milano, Milano Barber\u00eda, Veyfra Servicios, H\u00e9ctor Rey Excavaciones y Escuela Ritmo.<\/p>\n\n\n\n<p>Asimismo, ASPAYM Castilla y Le\u00f3n agradece profundamente la implicaci\u00f3n de las entidades colaboradoras, que con su generosidad y compromiso hacen posible esta cita deportiva inclusiva:<\/p>\n\n\n\n<p>La Maravillosa Orquesta del Alcohol (La M.O.D.A.), Umami Nutrici\u00f3n, Burgos CF, CB Tizona, Cafeter\u00eda Valkiria, Balonmano Burgos, T2 Fotocopias, El Bosque de los Sue\u00f1os, Ortopedia CETEO, Saborea Castilla y Le\u00f3n, HQ La Galer\u00eda, Fr\u00edas Nutrici\u00f3n, Galletas Florb\u00fa, Semcal Vending, Sintiendo Mariposas, La Marimorena Burgos, Bodegas Buezo, Universidad de Burgos, El Rinc\u00f3n del Convento, Mes\u00f3n De Frutos y Comercial Tudanca.<\/p>\n\n\n\n<p>Este torneo reafirma una vez m\u00e1s el compromiso de la ciudadan\u00eda y el tejido empresarial burgal\u00e9s con la inclusi\u00f3n, el deporte y la solidaridad.<\/p>\n","protected":false},"excerpt":{"rendered":"<p>Se desarrolla a lo largo del fin de semana con el objetivo de visibilizar el da\u00f1o cerebral y fomentar la inclusi\u00f3n a trav\u00e9s del deporte. El deporte y la solidaridad vuelven a unirse este fin de semana en Burgos con la celebraci\u00f3n del III Torneo de P\u00e1del Solidario en memoria de Paco Nalda, una cita [&hellip;]<\/p>\n","protected":false},"author":10,"featured_media":139498,"comment_status":"closed","ping_status":"closed","sticky":false,"template":"","format":"standard","meta":{"_monsterinsights_skip_tracking":false,"_monsterinsights_sitenote_active":false,"_monsterinsights_sitenote_note":"","_monsterinsights_sitenote_category":0,"footnotes":""},"categories":[421],"tags":[2399,1948],"class_list":{"0":"post-139496","1":"post","2":"type-post","3":"status-publish","4":"format-standard","5":"has-post-thumbnail","7":"category-padel","8":"tag-aspaym","9":"tag-padel-2"},"views":144,"_links":{"self":[{"href":"https:\/\/www.burgosdeporte.com\/index.php?rest_route=\/wp\/v2\/posts\/139496","targetHints":{"allow":["GET"]}}],"collection":[{"href":"https:\/\/www.burgosdeporte.com\/index.php?rest_route=\/wp\/v2\/posts"}],"about":[{"href":"https:\/\/www.burgosdeporte.com\/index.php?rest_route=\/wp\/v2\/types\/post"}],"author":[{"embeddable":true,"href":"https:\/\/www.burgosdeporte.com\/index.php?rest_route=\/wp\/v2\/users\/10"}],"replies":[{"embeddable":true,"href":"https:\/\/www.burgosdeporte.com\/index.php?rest_route=%2Fwp%2Fv2%2Fcomments&post=139496"}],"version-history":[{"count":1,"href":"https:\/\/www.burgosdeporte.com\/index.php?rest_route=\/wp\/v2\/posts\/139496\/revisions"}],"predecessor-version":[{"id":139502,"href":"https:\/\/www.burgosdeporte.com\/index.php?rest_route=\/wp\/v2\/posts\/139496\/revisions\/139502"}],"wp:featuredmedia":[{"embeddable":true,"href":"https:\/\/www.burgosdeporte.com\/index.php?rest_route=\/wp\/v2\/media\/139498"}],"wp:attachment":[{"href":"https:\/\/www.burgosdeporte.com\/index.php?rest_route=%2Fwp%2Fv2%2Fmedia&parent=139496"}],"wp:term":[{"taxonomy":"category","embeddable":true,"href":"https:\/\/www.burgosdeporte.com\/index.php?rest_route=%2Fwp%2Fv2%2Fcategories&post=139496"},{"taxonomy":"post_tag","embeddable":true,"href":"https:\/\/www.burgosdeporte.com\/index.php?rest_route=%2Fwp%2Fv2%2Ftags&post=139496"}],"curies":[{"name":"wp","href":"https:\/\/api.w.org\/{rel}","templated":true}]}}