{"id":139440,"date":"2025-05-09T18:42:36","date_gmt":"2025-05-09T16:42:36","guid":{"rendered":"https:\/\/www.burgosdeporte.com\/?p=139440"},"modified":"2025-05-09T18:46:42","modified_gmt":"2025-05-09T16:46:42","slug":"burgos-deporte-radio-retransmite-este-fin-de-semana-los-partidos-del-burgos-y-de-la-arandina","status":"publish","type":"post","link":"https:\/\/www.burgosdeporte.com\/?p=139440","title":{"rendered":"Burgos Deporte Radio retransmite este fin de semana los partidos del Burgos y de la Arandina"},"content":{"rendered":"\n<h2 class=\"wp-block-heading\">El encuentro del Burgos CF ante el C\u00f3rdoba este s\u00e1bado a las 18,30 h. y el domingo el encuentro en el que la Arandina CF se juega estar presente en el playoff de ascenso frente al Palencia CF desde la Nueva Balastera a las 18,00 h. <\/h2>\n\n\n\n<p>Burgos Deporte Radio ofrecer\u00e1 este fin de semana dos encuentros de f\u00fatbol de los equipos burgaleses Burgos Cf y Arandina CF. <\/p>\n\n\n\n<p>El s\u00e1bado desde las 18,30 h. en directo el partido que disputa en Burgos Cf ante el C\u00f3rdoba en El Plant\u00edo. Una retransmisi\u00f3n que se podr\u00e1 seguir tambi\u00e9n en el canal YouTube y que es compartida con Radio Arlanz\u00f3n y Burgosnoticias. <\/p>\n\n\n\n<p>Y el domingo 11 de mayo desde las 18,00 h, nuestra emisora de radio en Internet ofrecer\u00e1  junto con duerodeporte.com, en directo desde la Nueva Balastera de Palencia, el partido de 3RFEF entre los equipos del Palencia CF y la Arandina CF, en el que la Arandina se juega sus opciones de estar en playoff de ascenso. Para ello necesita ganar el encuentro y el empate solo le sirve en funci\u00f3n de otros resultados. <\/p>\n\n\n\n<p>Este es el enlace para escuchar ambos encuentros en la Radio online Burgos Deporte Radio. <\/p>\n\n\n<div class=\"wp-block-image\">\n<figure class=\"aligncenter size-full is-resized\"><a href=\"https:\/\/www.burgosdeporte.com\/?p=111930\"><img loading=\"lazy\" decoding=\"async\" width=\"900\" height=\"558\" src=\"https:\/\/www.burgosdeporte.com\/wp-content\/uploads\/2025\/05\/ENLACE-RADIO.jpg\" alt=\"\" class=\"wp-image-139441\" style=\"width:356px;height:auto\" srcset=\"https:\/\/www.burgosdeporte.com\/wp-content\/uploads\/2025\/05\/ENLACE-RADIO.jpg 900w, https:\/\/www.burgosdeporte.com\/wp-content\/uploads\/2025\/05\/ENLACE-RADIO-300x186.jpg 300w, https:\/\/www.burgosdeporte.com\/wp-content\/uploads\/2025\/05\/ENLACE-RADIO-768x476.jpg 768w, https:\/\/www.burgosdeporte.com\/wp-content\/uploads\/2025\/05\/ENLACE-RADIO-150x93.jpg 150w, https:\/\/www.burgosdeporte.com\/wp-content\/uploads\/2025\/05\/ENLACE-RADIO-696x432.jpg 696w\" sizes=\"auto, (max-width: 900px) 100vw, 900px\" \/><\/a><\/figure>\n<\/div>\n\n\n<p> <\/p>\n","protected":false},"excerpt":{"rendered":"<p>El encuentro del Burgos CF ante el C\u00f3rdoba este s\u00e1bado a las 18,30 h. y el domingo el encuentro en el que la Arandina CF se juega estar presente en el playoff de ascenso frente al Palencia CF desde la Nueva Balastera a las 18,00 h. Burgos Deporte Radio ofrecer\u00e1 este fin de semana dos [&hellip;]<\/p>\n","protected":false},"author":10,"featured_media":139443,"comment_status":"closed","ping_status":"closed","sticky":false,"template":"","format":"standard","meta":{"_monsterinsights_skip_tracking":false,"_monsterinsights_sitenote_active":false,"_monsterinsights_sitenote_note":"","_monsterinsights_sitenote_category":0,"footnotes":""},"categories":[15],"tags":[288,29,36,1552,1826],"class_list":{"0":"post-139440","1":"post","2":"type-post","3":"status-publish","4":"format-standard","5":"has-post-thumbnail","7":"category-otros","8":"tag-arandinacf","9":"tag-burgoscf","10":"tag-burgosdeporteradio","11":"tag-destacadas","12":"tag-duerodeporte"},"views":170,"_links":{"self":[{"href":"https:\/\/www.burgosdeporte.com\/index.php?rest_route=\/wp\/v2\/posts\/139440","targetHints":{"allow":["GET"]}}],"collection":[{"href":"https:\/\/www.burgosdeporte.com\/index.php?rest_route=\/wp\/v2\/posts"}],"about":[{"href":"https:\/\/www.burgosdeporte.com\/index.php?rest_route=\/wp\/v2\/types\/post"}],"author":[{"embeddable":true,"href":"https:\/\/www.burgosdeporte.com\/index.php?rest_route=\/wp\/v2\/users\/10"}],"replies":[{"embeddable":true,"href":"https:\/\/www.burgosdeporte.com\/index.php?rest_route=%2Fwp%2Fv2%2Fcomments&post=139440"}],"version-history":[{"count":1,"href":"https:\/\/www.burgosdeporte.com\/index.php?rest_route=\/wp\/v2\/posts\/139440\/revisions"}],"predecessor-version":[{"id":139444,"href":"https:\/\/www.burgosdeporte.com\/index.php?rest_route=\/wp\/v2\/posts\/139440\/revisions\/139444"}],"wp:featuredmedia":[{"embeddable":true,"href":"https:\/\/www.burgosdeporte.com\/index.php?rest_route=\/wp\/v2\/media\/139443"}],"wp:attachment":[{"href":"https:\/\/www.burgosdeporte.com\/index.php?rest_route=%2Fwp%2Fv2%2Fmedia&parent=139440"}],"wp:term":[{"taxonomy":"category","embeddable":true,"href":"https:\/\/www.burgosdeporte.com\/index.php?rest_route=%2Fwp%2Fv2%2Fcategories&post=139440"},{"taxonomy":"post_tag","embeddable":true,"href":"https:\/\/www.burgosdeporte.com\/index.php?rest_route=%2Fwp%2Fv2%2Ftags&post=139440"}],"curies":[{"name":"wp","href":"https:\/\/api.w.org\/{rel}","templated":true}]}}