{"id":139386,"date":"2025-05-08T12:49:01","date_gmt":"2025-05-08T10:49:01","guid":{"rendered":"https:\/\/www.burgosdeporte.com\/?p=139386"},"modified":"2025-05-09T12:44:16","modified_gmt":"2025-05-09T10:44:16","slug":"el-club-ciclista-burgales-celebra-este-sabado-el-xv-trofeo-cadete-cajaviva-caja-rural","status":"publish","type":"post","link":"https:\/\/www.burgosdeporte.com\/?p=139386","title":{"rendered":"El Club Ciclista Burgal\u00e9s celebra este s\u00e1bado el XV Trofeo Cadete Cajaviva-Caja Rural"},"content":{"rendered":"\n<p><strong><em>La carrera de 56,3kms saldr\u00e1 en la tarde desde la sede del Club Ciclista Burgal\u00e9s hasta la meta en la Avenida Independencia<\/em><\/strong><\/p>\n\n\n<div class=\"wp-block-image\">\n<figure class=\"aligncenter size-full is-resized\"><a href=\"https:\/\/www.cajaviva.es\/inicio.html\" target=\"_blank\" rel=\" noreferrer noopener\"><img loading=\"lazy\" decoding=\"async\" width=\"1080\" height=\"1350\" src=\"https:\/\/www.burgosdeporte.com\/wp-content\/uploads\/2025\/04\/RRSS_CARRUSEL1-INSTAGRAM-1080X1350.png\" alt=\"\" class=\"wp-image-137712\" style=\"width:293px;height:auto\" srcset=\"https:\/\/www.burgosdeporte.com\/wp-content\/uploads\/2025\/04\/RRSS_CARRUSEL1-INSTAGRAM-1080X1350.png 1080w, https:\/\/www.burgosdeporte.com\/wp-content\/uploads\/2025\/04\/RRSS_CARRUSEL1-INSTAGRAM-1080X1350-240x300.png 240w, https:\/\/www.burgosdeporte.com\/wp-content\/uploads\/2025\/04\/RRSS_CARRUSEL1-INSTAGRAM-1080X1350-819x1024.png 819w, https:\/\/www.burgosdeporte.com\/wp-content\/uploads\/2025\/04\/RRSS_CARRUSEL1-INSTAGRAM-1080X1350-768x960.png 768w, https:\/\/www.burgosdeporte.com\/wp-content\/uploads\/2025\/04\/RRSS_CARRUSEL1-INSTAGRAM-1080X1350-150x188.png 150w, https:\/\/www.burgosdeporte.com\/wp-content\/uploads\/2025\/04\/RRSS_CARRUSEL1-INSTAGRAM-1080X1350-300x375.png 300w, https:\/\/www.burgosdeporte.com\/wp-content\/uploads\/2025\/04\/RRSS_CARRUSEL1-INSTAGRAM-1080X1350-696x870.png 696w, https:\/\/www.burgosdeporte.com\/wp-content\/uploads\/2025\/04\/RRSS_CARRUSEL1-INSTAGRAM-1080X1350-1068x1335.png 1068w\" sizes=\"auto, (max-width: 1080px) 100vw, 1080px\" \/><\/a><\/figure>\n<\/div>\n\n\n<p>Las calles y carreteras de Burgos el s\u00e1bado ser\u00e1n testigos la emocionante competici\u00f3n de los ciclistas m\u00e1s destacados en categor\u00eda de formaci\u00f3n cadete, provenientes tanto de equipos castellano-leoneses como de otras comunidades aut\u00f3nomas.<\/p>\n\n\n\n<p>Alto nivel competitivo de los j\u00f3venes ciclistas y dura batalla por alcanzar la victoria en una prueba consolidada en el calendario ciclista nacional, que promete una numerosa participaci\u00f3n y un nivel competitivo elevado. Adem\u00e1s, la carrera es puntuable para la Copa de la Federaci\u00f3n de Ciclismo de Castilla y Le\u00f3n.<\/p>\n\n\n\n<p>El pistoletazo de salida se dar\u00e1 a partir de las 17:00 horas, con una primera fase neutralizada desde la sede del CC Burgal\u00e9s en la calle Progreso 24-26, recorriendo las calles Concepci\u00f3n, Avenida de Palencia, Glorieta de San Amaro, Puente de Veterinaria, calle Le\u00f3n y Avda. de la Independencia, donde estar\u00e1 ubicada la meta.<\/p>\n\n\n\n<p>Despu\u00e9s de cruzarla, en la Glorieta de Juan Gil, se dar\u00e1 inicio oficial a la competici\u00f3n en la Avda. Alcalde Valent\u00edn Ni\u00f1o. Los ciclistas afrontar\u00e1n un recorrido de 56 kil\u00f3metros, que incluir\u00e1 dos ascensos al desafiante El Aguil\u00f3n, ascensi\u00f3n doble que ser\u00e1 decisiva para el resultado final de la carrera.<\/p>\n\n\n\n<p>La ruta partir\u00e1 de Burgos por la ronda Interior Norte en direcci\u00f3n a Villalonqu\u00e9jar, pasando por Villas del Arlanz\u00f3n y continuando por la N-120, atravesando Tardajos, Las Quintanillas, Santa Mar\u00eda Tajadura y Pedrosa del R\u00edo \u00darbel, hasta llegar al primer ascenso a El Aguil\u00f3n. Tras coronar la cima, descender\u00e1n hacia Marmellar de Abajo para iniciar un bucle que incluir\u00e1 el segundo ascenso.<\/p>\n\n\n\n<p>Despu\u00e9s, regresar\u00e1n a Pedrosa del R\u00edo \u00darbel para abordar la segunda subida a El Aguil\u00f3n. Finalmente, descender\u00e1n hacia Arroyal y Quintanadue\u00f1as antes de regresar a Burgos a trav\u00e9s del Pol\u00edgono Villalonqu\u00e9jar. La victoria se decidir\u00e1 en la Avda. de la Independencia, con los \u00faltimos 300 metros en ascenso tras el giro de 180 grados en la Glorieta Jos\u00e9 Mar\u00eda Santamar\u00eda.<\/p>\n\n\n\n<p>El Club Ciclista Burgal\u00e9s agradece la colaboraci\u00f3n y el patrocinio de CajaViva CajaRural, Restaurante Coco, Gr\u00faas Bellver, Norpetrol, Andamios Burgos, Vikings Bike Store, Maglia Sport, Herborister\u00eda Cuna de Salud, Fotograf\u00eda Studio43, Chimeneas Yesca, tienda Gourmet Ortega, Cillar de Silos, Galletas Florb\u00fa, Ciclos Fuentecillas, Aceitunas y Encurtidos Vicente Gonz\u00e1lez, Grupo Ureta Autom\u00f3viles y el Ayuntamiento de Burgos, junto al Instituto para el Deporte y la Juventud de la Diputaci\u00f3n de Burgos.<\/p>\n\n\n\n<p>Para m\u00e1s detalles sobre el reglamento, gu\u00eda t\u00e9cnica, plano, track y rut\u00f3metro, se puede acceder a la informaci\u00f3n a trav\u00e9s del siguiente enlace:<\/p>\n\n\n\n<p><a href=\"https:\/\/fedciclismocyl.com\/index.php\/smartweb\/inscripciones\/prueba\/30169-XV-TROFEO-CADETE-CAJAVIVA---CAJA-RURAL\" target=\"_blank\" rel=\"noreferrer noopener\">https:\/\/fedciclismocyl.com\/index.php\/smartweb\/inscripciones\/prueba\/30169-XV-TROFEO-CADETE-CAJAVIVA&#8212;CAJA-RURAL<\/a><\/p>\n\n\n\n<p><\/p>\n","protected":false},"excerpt":{"rendered":"<p>La carrera de 56,3kms saldr\u00e1 en la tarde desde la sede del Club Ciclista Burgal\u00e9s hasta la meta en la Avenida Independencia Las calles y carreteras de Burgos el s\u00e1bado ser\u00e1n testigos la emocionante competici\u00f3n de los ciclistas m\u00e1s destacados en categor\u00eda de formaci\u00f3n cadete, provenientes tanto de equipos castellano-leoneses como de otras comunidades aut\u00f3nomas. [&hellip;]<\/p>\n","protected":false},"author":10,"featured_media":139387,"comment_status":"closed","ping_status":"closed","sticky":false,"template":"","format":"standard","meta":{"_monsterinsights_skip_tracking":false,"_monsterinsights_sitenote_active":false,"_monsterinsights_sitenote_note":"","_monsterinsights_sitenote_category":0,"footnotes":""},"categories":[63],"tags":[1553,64,426],"class_list":{"0":"post-139386","1":"post","2":"type-post","3":"status-publish","4":"format-standard","5":"has-post-thumbnail","7":"category-ciclismo","8":"tag-actualidad-2","9":"tag-ciclismo","10":"tag-clubciclistaburgales"},"views":231,"_links":{"self":[{"href":"https:\/\/www.burgosdeporte.com\/index.php?rest_route=\/wp\/v2\/posts\/139386","targetHints":{"allow":["GET"]}}],"collection":[{"href":"https:\/\/www.burgosdeporte.com\/index.php?rest_route=\/wp\/v2\/posts"}],"about":[{"href":"https:\/\/www.burgosdeporte.com\/index.php?rest_route=\/wp\/v2\/types\/post"}],"author":[{"embeddable":true,"href":"https:\/\/www.burgosdeporte.com\/index.php?rest_route=\/wp\/v2\/users\/10"}],"replies":[{"embeddable":true,"href":"https:\/\/www.burgosdeporte.com\/index.php?rest_route=%2Fwp%2Fv2%2Fcomments&post=139386"}],"version-history":[{"count":2,"href":"https:\/\/www.burgosdeporte.com\/index.php?rest_route=\/wp\/v2\/posts\/139386\/revisions"}],"predecessor-version":[{"id":139391,"href":"https:\/\/www.burgosdeporte.com\/index.php?rest_route=\/wp\/v2\/posts\/139386\/revisions\/139391"}],"wp:featuredmedia":[{"embeddable":true,"href":"https:\/\/www.burgosdeporte.com\/index.php?rest_route=\/wp\/v2\/media\/139387"}],"wp:attachment":[{"href":"https:\/\/www.burgosdeporte.com\/index.php?rest_route=%2Fwp%2Fv2%2Fmedia&parent=139386"}],"wp:term":[{"taxonomy":"category","embeddable":true,"href":"https:\/\/www.burgosdeporte.com\/index.php?rest_route=%2Fwp%2Fv2%2Fcategories&post=139386"},{"taxonomy":"post_tag","embeddable":true,"href":"https:\/\/www.burgosdeporte.com\/index.php?rest_route=%2Fwp%2Fv2%2Ftags&post=139386"}],"curies":[{"name":"wp","href":"https:\/\/api.w.org\/{rel}","templated":true}]}}