{"id":139383,"date":"2025-05-08T12:41:13","date_gmt":"2025-05-08T10:41:13","guid":{"rendered":"https:\/\/www.burgosdeporte.com\/?p=139383"},"modified":"2025-05-09T00:30:52","modified_gmt":"2025-05-08T22:30:52","slug":"aranda-de-duero-escenario-del-campeonato-de-espana-de-pentatlon-escolar","status":"publish","type":"post","link":"https:\/\/www.burgosdeporte.com\/?p=139383","title":{"rendered":"Aranda de Duero, escenario del Campeonato de Espa\u00f1a de Pentatl\u00f3n Escolar"},"content":{"rendered":"\n<p><strong><em>Dos centenares de deportistas se desplazar\u00e1n a la capital ribere\u00f1a este fin de semana para optar al t\u00edtulo nacional<\/em><\/strong><\/p>\n\n\n<div class=\"wp-block-image\">\n<figure class=\"aligncenter size-full\"><a href=\"https:\/\/felixrubio.es\/\" target=\"_blank\" rel=\" noreferrer noopener\"><img loading=\"lazy\" decoding=\"async\" width=\"300\" height=\"90\" src=\"https:\/\/www.burgosdeporte.com\/wp-content\/uploads\/2023\/10\/Felix_rubio_2.gif\" alt=\"\" class=\"wp-image-108903\"\/><\/a><\/figure>\n<\/div>\n\n\n<p>La localidad burgalesa de Aranda de Duero se convertir\u00e1 durante el pr\u00f3ximo fin de semana en referente nacional del pentatl\u00f3n al acoger el Campeonato de Espa\u00f1a de este deporte, tanto en su modalidad de Edades como el Escolar por Autonom\u00edas.<\/p>\n\n\n\n<p>Organizado por la Federaci\u00f3n de Triatl\u00f3n y Pentatl\u00f3n Moderno de Castilla y Le\u00f3n, en colaboraci\u00f3n con el Ayuntamiento de Aranda de Duero y la Federaci\u00f3n Espa\u00f1ola de Pentatl\u00f3n, las competiciones se desarrollar\u00e1n tanto el s\u00e1bado como el domingo en el parque Allendeduero y en la piscina municipal cubierta de la calle Las Francesas.<\/p>\n\n\n\n<p>Se trata de la primera ocasi\u00f3n en que el pentatl\u00f3n celebra el Campeonato de Espa\u00f1a Escolar, tal y como promueve el Consejo Superior de Deportes en todas las disciplinas. Una circunstancia que parece garantizar la participaci\u00f3n de un n\u00famero importante de selecciones auton\u00f3micas, alrededor de una decena, que intentar\u00e1 hacerse con la primera edici\u00f3n de este t\u00edtulo nacional. Entre ellas, junto a las que ya no son potencias en el pentatl\u00f3n, como Catalu\u00f1a o Asturias, tambi\u00e9n por primera vez, Castilla y Le\u00f3n presentar\u00e1 su propio combinado regional para intentar hacerse con el triunfo final.<\/p>\n\n\n\n<p>\u201cLas selecciones solo compiten en las categor\u00edas SUB15 y SUB18. En Castilla y Le\u00f3n no hemos arrancado hace mucho, por lo que solo vamos a participar con la SUB15 pero esperamos que los chavales vayan creciendo o se vaya animando m\u00e1s gente. Aunque ya tenemos 100 licencias, algo in\u00e9dito en este deporte\u201d, ha explicado Amancio del Castillo, presidente de la Federaci\u00f3n de Triatl\u00f3n y Pentatl\u00f3n Moderno de Castilla y Le\u00f3n durante la presentaci\u00f3n del evento junto a Bel\u00e9n Esteban, concejala de Deportes del Ayuntamiento de Aranda.<\/p>\n\n\n\n<p>Se estima que ser\u00e1n m\u00e1s de dos centenares los deportistas que se desplazar\u00e1n de toda Espa\u00f1a hasta la capital ribere\u00f1a para intentar hacerse con el t\u00edtulo nacional.<\/p>\n\n\n\n<p>El pentatl\u00f3n es un deporte con categor\u00eda ol\u00edmpica que aglutina cinco disciplinas diferentes, nataci\u00f3n, esgrima, obst\u00e1culos y l\u00e1ser-run, que combina carrera a pie con tiro. En los campeonatos escolares y de categor\u00edas de menores se suprime la esgrima y solo realizan las pruebas de obst\u00e1culos los deportistas a partir de U15.<\/p>\n\n\n\n<p>La competici\u00f3n empezar\u00e1 el s\u00e1bado con el Campeonato de Espa\u00f1a de Edades, al que concurrir\u00e1n deportistas de las categor\u00edas U9 (nacidos en 2017-2018), U11 (2015-2016), U13 (2013-2014) y U15 (2011-2012), disput\u00e1ndose estos \u00faltimos, adem\u00e1s, el t\u00edtulo regional de la modalidad.<\/p>\n\n\n\n<p>La jornada arrancar\u00e1 a las 09:00 horas con la nataci\u00f3n. Ser\u00e1 a partir de las 11:00 horas cuando en el cercano parque Allendeduero se realice la prueba de obst\u00e1culos por parte, exclusivamente, de los deportistas U15 ya que el reglamento no contempla que puedan hacerla los de menor edad. En este mismo entorno, se celebrar\u00e1 el l\u00e1ser-run, disciplina que combina la carrera a pie con el tiro.<\/p>\n\n\n\n<p>Cada deportista de cada categor\u00eda deber\u00e1 afrontar las siguientes distancias y disciplinas:<\/p>\n\n\n\n<p>GRUPO&nbsp;&nbsp;&nbsp;&nbsp;&nbsp;&nbsp;&nbsp;&nbsp;&nbsp;&nbsp;&nbsp;&nbsp; NATACI\u00d3N&nbsp;&nbsp;&nbsp;&nbsp;&nbsp; OBST\u00c1CULOS&nbsp; L\u00c1SER-RUN<\/p>\n\n\n\n<p>U9&nbsp;&nbsp;&nbsp;&nbsp;&nbsp;&nbsp;&nbsp; 25 metros&nbsp;&nbsp;&nbsp;&nbsp;&nbsp;&nbsp; No&nbsp;&nbsp;&nbsp;&nbsp;&nbsp;&nbsp;&nbsp; 2&#215;300 m + 2&#215;5 (3m a dos manos)<\/p>\n\n\n\n<p>U11&nbsp;&nbsp;&nbsp;&nbsp;&nbsp; 50 metros&nbsp;&nbsp;&nbsp;&nbsp;&nbsp;&nbsp; No&nbsp;&nbsp;&nbsp;&nbsp;&nbsp;&nbsp;&nbsp; 2&#215;300 m + 2&#215;5 (5m a dos manos)<\/p>\n\n\n\n<p>U13&nbsp;&nbsp;&nbsp;&nbsp;&nbsp; 100 metros&nbsp;&nbsp;&nbsp;&nbsp; No&nbsp;&nbsp;&nbsp;&nbsp;&nbsp;&nbsp;&nbsp; 3&#215;300 m + 3&#215;5 (5m)<\/p>\n\n\n\n<p>U15&nbsp;&nbsp;&nbsp;&nbsp;&nbsp; 100 metros &nbsp;&nbsp;&nbsp; S\u00ed&nbsp;&nbsp;&nbsp;&nbsp;&nbsp;&nbsp;&nbsp;&nbsp;&nbsp; 3&#215;600 m + 3&#215;5 (7m)<\/p>\n\n\n\n<p>Ya por la tarde, dar\u00e1 comienzo el Campeonato de Espa\u00f1a Escolar por Autonom\u00edas Individual, con la participaci\u00f3n de las categor\u00edas SUB15 y SUB18. Los deportistas deber\u00e1n cubrir cuatro pruebas, nataci\u00f3n, obst\u00e1culos y l\u00e1ser-run.&nbsp;&nbsp;<\/p>\n\n\n\n<p>GRUPO&nbsp;&nbsp;&nbsp;&nbsp;&nbsp;&nbsp;&nbsp;&nbsp;&nbsp;&nbsp;&nbsp;&nbsp; NATACI\u00d3N&nbsp;&nbsp;&nbsp;&nbsp;&nbsp; OBST\u00c1CULOS&nbsp; L\u00c1SER-RUN<\/p>\n\n\n\n<p>SUB15 100 metros&nbsp;&nbsp;&nbsp;&nbsp; S\u00cd&nbsp;&nbsp;&nbsp;&nbsp;&nbsp;&nbsp;&nbsp;&nbsp;&nbsp; 3X600 m + 3&#215;5 (5 metros)<\/p>\n\n\n\n<p>SUB18 200 metros&nbsp;&nbsp;&nbsp;&nbsp; S\u00cd&nbsp;&nbsp;&nbsp;&nbsp;&nbsp;&nbsp;&nbsp;&nbsp;&nbsp; 4&#215;600 m + 4&#215;5 (10 metros)<\/p>\n\n\n\n<p>El domingo por la ma\u00f1ana se ha reservado para el Campeonato de Espa\u00f1a en Edad Escolar en la modalidad Relevos Mixtos y para la prueba Open.<\/p>\n\n\n\n<p>Prueba Open para acercarse al pentatl\u00f3n<\/p>\n\n\n\n<p>Con el objetivo de difundir el pentatl\u00f3n y promocionar su pr\u00e1ctica, se ha organizado en paralelo una convocatoria abierta a toda aquella persona que quiera probar en este deporte. En esta convocatoria podr\u00e1n participar nacidos hasta 2010 a los que se les prestar\u00e1 el material necesario para el tiro. En este caso, las pruebas establecidas son las siguientes:<\/p>\n\n\n\n<p>GRUPO&nbsp;&nbsp;&nbsp;&nbsp;&nbsp;&nbsp;&nbsp;&nbsp;&nbsp;&nbsp;&nbsp;&nbsp; NATACI\u00d3N &nbsp;&nbsp;&nbsp;&nbsp; OBST\u00c1CULOS&nbsp; L\u00c1SER-RUN<\/p>\n\n\n\n<p>OPEN&nbsp;&nbsp; 100 metros&nbsp;&nbsp;&nbsp;&nbsp; S\u00cd&nbsp;&nbsp;&nbsp;&nbsp;&nbsp;&nbsp;&nbsp;&nbsp;&nbsp; 3&#215;600 m + 3&#215;5 (5 metros)<\/p>\n\n\n\n<p>No ser\u00e1 necesario realizar todas las modalidades pudiendo, incluso, realizar solo una de ellas.<\/p>\n","protected":false},"excerpt":{"rendered":"<p>Dos centenares de deportistas se desplazar\u00e1n a la capital ribere\u00f1a este fin de semana para optar al t\u00edtulo nacional La localidad burgalesa de Aranda de Duero se convertir\u00e1 durante el pr\u00f3ximo fin de semana en referente nacional del pentatl\u00f3n al acoger el Campeonato de Espa\u00f1a de este deporte, tanto en su modalidad de Edades como [&hellip;]<\/p>\n","protected":false},"author":10,"featured_media":139384,"comment_status":"closed","ping_status":"closed","sticky":false,"template":"","format":"standard","meta":{"_monsterinsights_skip_tracking":false,"_monsterinsights_sitenote_active":false,"_monsterinsights_sitenote_note":"","_monsterinsights_sitenote_category":0,"footnotes":""},"categories":[1159,15],"tags":[1553,860,2396,2398],"class_list":{"0":"post-139383","1":"post","2":"type-post","3":"status-publish","4":"format-standard","5":"has-post-thumbnail","7":"category-deporte-base","8":"category-otros","9":"tag-actualidad-2","10":"tag-arandadeduero","11":"tag-deporteescolar","12":"tag-pentatlonescolar"},"views":142,"_links":{"self":[{"href":"https:\/\/www.burgosdeporte.com\/index.php?rest_route=\/wp\/v2\/posts\/139383","targetHints":{"allow":["GET"]}}],"collection":[{"href":"https:\/\/www.burgosdeporte.com\/index.php?rest_route=\/wp\/v2\/posts"}],"about":[{"href":"https:\/\/www.burgosdeporte.com\/index.php?rest_route=\/wp\/v2\/types\/post"}],"author":[{"embeddable":true,"href":"https:\/\/www.burgosdeporte.com\/index.php?rest_route=\/wp\/v2\/users\/10"}],"replies":[{"embeddable":true,"href":"https:\/\/www.burgosdeporte.com\/index.php?rest_route=%2Fwp%2Fv2%2Fcomments&post=139383"}],"version-history":[{"count":1,"href":"https:\/\/www.burgosdeporte.com\/index.php?rest_route=\/wp\/v2\/posts\/139383\/revisions"}],"predecessor-version":[{"id":139385,"href":"https:\/\/www.burgosdeporte.com\/index.php?rest_route=\/wp\/v2\/posts\/139383\/revisions\/139385"}],"wp:featuredmedia":[{"embeddable":true,"href":"https:\/\/www.burgosdeporte.com\/index.php?rest_route=\/wp\/v2\/media\/139384"}],"wp:attachment":[{"href":"https:\/\/www.burgosdeporte.com\/index.php?rest_route=%2Fwp%2Fv2%2Fmedia&parent=139383"}],"wp:term":[{"taxonomy":"category","embeddable":true,"href":"https:\/\/www.burgosdeporte.com\/index.php?rest_route=%2Fwp%2Fv2%2Fcategories&post=139383"},{"taxonomy":"post_tag","embeddable":true,"href":"https:\/\/www.burgosdeporte.com\/index.php?rest_route=%2Fwp%2Fv2%2Ftags&post=139383"}],"curies":[{"name":"wp","href":"https:\/\/api.w.org\/{rel}","templated":true}]}}