{"id":139339,"date":"2025-05-07T01:49:59","date_gmt":"2025-05-06T23:49:59","guid":{"rendered":"https:\/\/www.burgosdeporte.com\/?p=139339"},"modified":"2025-05-07T13:13:36","modified_gmt":"2025-05-07T11:13:36","slug":"fallece-el-exjugador-del-burgos-cf-raul-lopez-campos","status":"publish","type":"post","link":"https:\/\/www.burgosdeporte.com\/?p=139339","title":{"rendered":"Fallece el exjugador del Burgos CF Ra\u00fal L\u00f3pez Campos"},"content":{"rendered":"\n<h2 class=\"wp-block-heading\">El defensa jug\u00f3 cinco temporadas en el club blanquinegro, de 1970 a 1975, entre ellas la del primer ascenso del Burgos a Primera Divisi\u00f3n en 1971.<\/h2>\n\n\n<div class=\"wp-block-image\">\n<figure class=\"aligncenter size-full\"><img loading=\"lazy\" decoding=\"async\" width=\"235\" height=\"180\" src=\"https:\/\/www.burgosdeporte.com\/wp-content\/uploads\/2023\/09\/Ferroplas.gif\" alt=\"\" class=\"wp-image-107975\"\/><\/figure>\n<\/div>\n\n\n<p>El Burgos CF ha perdido otro jugador que fue un eslab\u00f3n en la historia del club y que dej\u00f3 grandes recuerdos y amigos entre los aficionados. Se trata de Ra\u00fal L\u00f3pez, defensa central que jug\u00f3 cinco temporadas en el equipo blanquinegro, dos de ellas en la m\u00e1xima categor\u00eda, en Primera Divisi\u00f3n y art\u00edfice del primer ascenso del equipo burgal\u00e9s a la m\u00e1xima categor\u00eda del f\u00fatbol nacional en 1971.<\/p>\n\n\n\n<p>Ra\u00fal jug\u00f3 en el Burgos 144 partidos a lo largo de cinco temporadas,. Tras llegar al club burgal\u00e9s en el verano de 1970, con Jos\u00e9 Luis Preciado como presidente, en las primera temporada consigui\u00f3 el ascenso a la Primera Divisi\u00f3n, un hito en la historia del f\u00fatbol burgal\u00e9s. <\/p>\n\n\n\n<figure class=\"wp-block-image size-full\"><img loading=\"lazy\" decoding=\"async\" width=\"900\" height=\"565\" src=\"https:\/\/www.burgosdeporte.com\/wp-content\/uploads\/2025\/05\/BURGOS-CF-PRIMER-ASCENSO.jpg\" alt=\"\" class=\"wp-image-139342\" srcset=\"https:\/\/www.burgosdeporte.com\/wp-content\/uploads\/2025\/05\/BURGOS-CF-PRIMER-ASCENSO.jpg 900w, https:\/\/www.burgosdeporte.com\/wp-content\/uploads\/2025\/05\/BURGOS-CF-PRIMER-ASCENSO-300x188.jpg 300w, https:\/\/www.burgosdeporte.com\/wp-content\/uploads\/2025\/05\/BURGOS-CF-PRIMER-ASCENSO-768x482.jpg 768w, https:\/\/www.burgosdeporte.com\/wp-content\/uploads\/2025\/05\/BURGOS-CF-PRIMER-ASCENSO-150x94.jpg 150w, https:\/\/www.burgosdeporte.com\/wp-content\/uploads\/2025\/05\/BURGOS-CF-PRIMER-ASCENSO-696x437.jpg 696w\" sizes=\"auto, (max-width: 900px) 100vw, 900px\" \/><figcaption class=\"wp-element-caption\">Alineaci\u00f3n m\u00edtica del Burgos CF que logr\u00f3 el primer ascenso a Primera Divisi\u00f3n en 1971. Ra\u00fal es el tercero por la izquierda.  &#8211; Foto As.<\/figcaption><\/figure>\n\n\n\n<p>El jugador naci\u00f3 en Sestao en 1945 y se form\u00f3 como jugador en la cantera del Athletic de Bilbao, equipo con el que lleg\u00f3 a jugar en Primera Divisi\u00f3n en 1968. Tras fichar por el Burgos en 1970 y permanecer durante cinco temporadas, en su retirada jug\u00f3 dos a\u00f1os en el Barakaldo donde finaliz\u00f3 su carrera como jugador. Posteriormente regres\u00f3 a Burgos donde fij\u00f3 su residencia y entren\u00f3 a varios equipos entre ellos al Briviesca.   <\/p>\n\n\n\n<p>Ra\u00fal L\u00f3pez falleci\u00f3 en Burgos el 5 de mayo a los 80 a\u00f1os de edad. <strong>\u00a0<\/strong>Tanto el Athletic de Bilbao como el Burgos CF han expresado sus condolencias por este fallecimiento. El jugador ser\u00e1 enterrado este mi\u00e9rcoles a las 19 horas en el Tanatorio La Auxiliadora de Barakaldo.<\/p>\n\n\n\n<p><\/p>\n","protected":false},"excerpt":{"rendered":"<p>El defensa jug\u00f3 cinco temporadas en el club blanquinegro, de 1970 a 1975, entre ellas la del primer ascenso del Burgos a Primera Divisi\u00f3n en 1971. El Burgos CF ha perdido otro jugador que fue un eslab\u00f3n en la historia del club y que dej\u00f3 grandes recuerdos y amigos entre los aficionados. Se trata de [&hellip;]<\/p>\n","protected":false},"author":10,"featured_media":139343,"comment_status":"closed","ping_status":"closed","sticky":false,"template":"","format":"standard","meta":{"_monsterinsights_skip_tracking":false,"_monsterinsights_sitenote_active":false,"_monsterinsights_sitenote_note":"","_monsterinsights_sitenote_category":0,"footnotes":""},"categories":[4],"tags":[1553,29,2395],"class_list":{"0":"post-139339","1":"post","2":"type-post","3":"status-publish","4":"format-standard","5":"has-post-thumbnail","7":"category-futbol","8":"tag-actualidad-2","9":"tag-burgoscf","10":"tag-raullopez"},"views":232,"_links":{"self":[{"href":"https:\/\/www.burgosdeporte.com\/index.php?rest_route=\/wp\/v2\/posts\/139339","targetHints":{"allow":["GET"]}}],"collection":[{"href":"https:\/\/www.burgosdeporte.com\/index.php?rest_route=\/wp\/v2\/posts"}],"about":[{"href":"https:\/\/www.burgosdeporte.com\/index.php?rest_route=\/wp\/v2\/types\/post"}],"author":[{"embeddable":true,"href":"https:\/\/www.burgosdeporte.com\/index.php?rest_route=\/wp\/v2\/users\/10"}],"replies":[{"embeddable":true,"href":"https:\/\/www.burgosdeporte.com\/index.php?rest_route=%2Fwp%2Fv2%2Fcomments&post=139339"}],"version-history":[{"count":1,"href":"https:\/\/www.burgosdeporte.com\/index.php?rest_route=\/wp\/v2\/posts\/139339\/revisions"}],"predecessor-version":[{"id":139345,"href":"https:\/\/www.burgosdeporte.com\/index.php?rest_route=\/wp\/v2\/posts\/139339\/revisions\/139345"}],"wp:featuredmedia":[{"embeddable":true,"href":"https:\/\/www.burgosdeporte.com\/index.php?rest_route=\/wp\/v2\/media\/139343"}],"wp:attachment":[{"href":"https:\/\/www.burgosdeporte.com\/index.php?rest_route=%2Fwp%2Fv2%2Fmedia&parent=139339"}],"wp:term":[{"taxonomy":"category","embeddable":true,"href":"https:\/\/www.burgosdeporte.com\/index.php?rest_route=%2Fwp%2Fv2%2Fcategories&post=139339"},{"taxonomy":"post_tag","embeddable":true,"href":"https:\/\/www.burgosdeporte.com\/index.php?rest_route=%2Fwp%2Fv2%2Ftags&post=139339"}],"curies":[{"name":"wp","href":"https:\/\/api.w.org\/{rel}","templated":true}]}}