{"id":139331,"date":"2025-05-06T19:07:46","date_gmt":"2025-05-06T17:07:46","guid":{"rendered":"https:\/\/www.burgosdeporte.com\/?p=139331"},"modified":"2025-05-07T19:16:31","modified_gmt":"2025-05-07T17:16:31","slug":"en-tierra-de-nadie-esta-noche-en-tiempo-extra","status":"publish","type":"post","link":"https:\/\/www.burgosdeporte.com\/?p=139331","title":{"rendered":"Tiempo Extra #31 | En tierra de nadie"},"content":{"rendered":"\n<p><a href=\"https:\/\/www.youtube.com\/@Burgosdeporte\" target=\"_blank\" rel=\"noopener\"><\/a><\/p>\n\n\n\n<h2 class=\"wp-block-heading\">El programa tiene como invitada a Tania G\u00fcemes, entrenadora del Burgos CF Femenino que ha logrado el ascenso a la Segunda Federaci\u00f3n. <\/h2>\n\n\n\n<p>El programa Tiempo Extra del canal YouTube de Burgosdeporte abord\u00f3 la situaci\u00f3n actual del equipo blanquinegro que, tras su \u00faltima derrota ante el Elche, se ha quedado en tierra de nadie en la clasificaci\u00f3n, sin opciones subir y salvado del descenso.<\/p>\n\n\n\n<iframe style=\"border-radius:12px\" src=\"https:\/\/open.spotify.com\/embed\/episode\/3dRZybSXABbwemzDEAGwcY?utm_source=generator\" width=\"100%\" height=\"152\" frameBorder=\"0\" allowfullscreen=\"\" allow=\"autoplay; clipboard-write; encrypted-media; fullscreen; picture-in-picture\" loading=\"lazy\"><\/iframe>\n\n\n\n<iframe src=\"https:\/\/www.ivoox.com\/player_ej_146248164_6_1.html?c1=2e1a93\" width=\"100%\" height=\"200\" frameborder=\"0\" allowfullscreen=\"\" scrolling=\"no\" loading=\"lazy\"><\/iframe>\n\n\n\n<figure class=\"wp-block-embed is-type-video is-provider-youtube wp-block-embed-youtube wp-embed-aspect-4-3 wp-has-aspect-ratio\"><div class=\"wp-block-embed__wrapper\">\n<div class=\"youtube-embed\" data-video_id=\"wtHAk8Mg4nw\"><iframe loading=\"lazy\" title=\"Tiempo Extra #31 | En tierra de nadie (06-05-2025)\" width=\"696\" height=\"522\" src=\"https:\/\/www.youtube.com\/embed\/wtHAk8Mg4nw?feature=oembed&#038;enablejsapi=1\" frameborder=\"0\" allow=\"accelerometer; autoplay; clipboard-write; encrypted-media; gyroscope; picture-in-picture; web-share\" referrerpolicy=\"strict-origin-when-cross-origin\" allowfullscreen><\/iframe><\/div>\n<\/div><\/figure>\n\n\n\n<p>Adem\u00e1s el programa cont\u00f3 como invitada con Tania G\u00fcemes, entrenadora del equipo femenino del Burgos CF, que acaba de lograr el ascenso de categor\u00eda a la Segunda Federaci\u00f3n.<\/p>\n\n\n\n<p>Tiempo Extra es un programa presentado por Julio C\u00e9sar Rico que cuenta con la participaci\u00f3n, como comentaristas de opini\u00f3n, de F\u00e9lix Arn\u00e1iz Lucas y Paco Pe\u00f1acoba.<\/p>\n\n\n\n<p><\/p>\n","protected":false},"excerpt":{"rendered":"<p>El programa tiene como invitada a Tania G\u00fcemes, entrenadora del Burgos CF Femenino que ha logrado el ascenso a la Segunda Federaci\u00f3n. El programa Tiempo Extra del canal YouTube de Burgosdeporte abord\u00f3 la situaci\u00f3n actual del equipo blanquinegro que, tras su \u00faltima derrota ante el Elche, se ha quedado en tierra de nadie en la [&hellip;]<\/p>\n","protected":false},"author":10,"featured_media":139335,"comment_status":"closed","ping_status":"closed","sticky":false,"template":"","format":"standard","meta":{"_monsterinsights_skip_tracking":false,"_monsterinsights_sitenote_active":false,"_monsterinsights_sitenote_note":"","_monsterinsights_sitenote_category":0,"footnotes":""},"categories":[4],"tags":[1553,29,77,32,38],"class_list":{"0":"post-139331","1":"post","2":"type-post","3":"status-publish","4":"format-standard","5":"has-post-thumbnail","7":"category-futbol","8":"tag-actualidad-2","9":"tag-burgoscf","10":"tag-burgoscffemenino","11":"tag-futbol","12":"tag-tiempoextra"},"views":233,"_links":{"self":[{"href":"https:\/\/www.burgosdeporte.com\/index.php?rest_route=\/wp\/v2\/posts\/139331","targetHints":{"allow":["GET"]}}],"collection":[{"href":"https:\/\/www.burgosdeporte.com\/index.php?rest_route=\/wp\/v2\/posts"}],"about":[{"href":"https:\/\/www.burgosdeporte.com\/index.php?rest_route=\/wp\/v2\/types\/post"}],"author":[{"embeddable":true,"href":"https:\/\/www.burgosdeporte.com\/index.php?rest_route=\/wp\/v2\/users\/10"}],"replies":[{"embeddable":true,"href":"https:\/\/www.burgosdeporte.com\/index.php?rest_route=%2Fwp%2Fv2%2Fcomments&post=139331"}],"version-history":[{"count":5,"href":"https:\/\/www.burgosdeporte.com\/index.php?rest_route=\/wp\/v2\/posts\/139331\/revisions"}],"predecessor-version":[{"id":139347,"href":"https:\/\/www.burgosdeporte.com\/index.php?rest_route=\/wp\/v2\/posts\/139331\/revisions\/139347"}],"wp:featuredmedia":[{"embeddable":true,"href":"https:\/\/www.burgosdeporte.com\/index.php?rest_route=\/wp\/v2\/media\/139335"}],"wp:attachment":[{"href":"https:\/\/www.burgosdeporte.com\/index.php?rest_route=%2Fwp%2Fv2%2Fmedia&parent=139331"}],"wp:term":[{"taxonomy":"category","embeddable":true,"href":"https:\/\/www.burgosdeporte.com\/index.php?rest_route=%2Fwp%2Fv2%2Fcategories&post=139331"},{"taxonomy":"post_tag","embeddable":true,"href":"https:\/\/www.burgosdeporte.com\/index.php?rest_route=%2Fwp%2Fv2%2Ftags&post=139331"}],"curies":[{"name":"wp","href":"https:\/\/api.w.org\/{rel}","templated":true}]}}