{"id":139296,"date":"2025-05-05T17:11:27","date_gmt":"2025-05-05T15:11:27","guid":{"rendered":"https:\/\/www.burgosdeporte.com\/?p=139296"},"modified":"2025-05-06T12:56:06","modified_gmt":"2025-05-06T10:56:06","slug":"exhibicion-sin-premio","status":"publish","type":"post","link":"https:\/\/www.burgosdeporte.com\/?p=139296","title":{"rendered":"Exhibici\u00f3n sin premio"},"content":{"rendered":"\n<h2 class=\"wp-block-heading\">Comentario de opini\u00f3n de Jairo Velasco sobre la actualidad del Burgos CF.<\/h2>\n\n\n\n<p>Lo ven\u00edamos pidiendo desde hace tiempo, quer\u00edamos un equipo valiente, un equipo que dejara atr\u00e1s el l\u00f3gico atenazamiento con el que ha somatizado la tensa situaci\u00f3n clasificatoria de gran parte de la temporada para dar paso a un futbol m\u00e1s alegre, sin tantos complejos y que divirtiera a los aficionados en estas \u00faltimas jornadas en las que poco o nada hay en juego.&nbsp;<\/p>\n\n\n\n<p>Un a\u00f1o dif\u00edcil para un aficionado burgalesista no acostumbrado a sufrir desde nuestra vuelta a la liga profesional y que curiosamente cuando m\u00e1s lo ha hecho ha sido en el a\u00f1o en el que promet\u00edamos mayores aspiraciones. F\u00fatbol poco vistoso, simple y pr\u00e1ctico que ha sido clave en nuestra mejor\u00eda pero muy poco entretenido para quien lo sigue desde la grada, teniendo como \u00fanico aliciente esa tensi\u00f3n que nos ha acompa\u00f1ado y que encoje el coraz\u00f3n una vez que el esf\u00e9rico llega a cualquiera de la dos \u00e1reas.&nbsp;<\/p>\n\n\n\n<p>A priori no era el mejor rival para cambiar nuestro gui\u00f3n, a sabiendas que \u00edbamos a ser dominados casi hasta el agotamiento, limitando nuestras oportunidades a lanzar contrataques que les metiesen algo de miedo en el cuerpo. Afortunadamente, la previsi\u00f3n volvi\u00f3 a fallar en esta impredecible liga y pudimos ver un gran partido de f\u00fatbol en el que dos equipos con armas diametralmente opuestas se enfrentaron \u201ca bofetadas\u201d mirando m\u00e1s a la porter\u00eda contraria que a la propia.<\/p>\n\n\n\n<p>Una exhibici\u00f3n futbol\u00edstica con sabor amargo, o m\u00e1s bien agridulce. Sensaciones de partido de playoff&nbsp; que nos deja las dudas de d\u00f3nde podr\u00eda haber llegado nuestro equipo si se hubiera atrevido a dar un paso adelante en determinados partidos. Por el contra, siendo resultadistas, nos volvemos a ir de vac\u00edo en la que pudo ser la mejor imagen sobre el c\u00e9sped desde que Ramis cogi\u00f3 el relevo de Bolo en el banquillo de El Plant\u00edo, como ya ocurri\u00f3 en la fecha contra el Real Oviedo.<\/p>\n\n\n\n<p>Gran partido emborronado por una decisi\u00f3n t\u00e9cnica inentendible para los que simplemente disfrutamos del espect\u00e1culo desde la grada y con la que se se\u00f1al\u00f3 al m\u00edster tarraconense a la salida del estadio. Gran sorpresa caus\u00f3 el posicionamiento de Edu Espiau como interior derecha en su salida al campo, entendi\u00e9ndolo como algo circunstancial, pero se roz\u00f3 el estupor cuando seg\u00fan iban pasando los minutos la permuta con David Gonzalez en ese doble nueve no se produc\u00eda.&nbsp;<\/p>\n\n\n\n<p>A veces, cuando la ola es positiva y los jugadores creen ciegamente las decisiones del t\u00e9cnico, cualquier variaci\u00f3n de dibujo o \u201cinvento\u201d que plantee, sale bien. Esos famosos \u201cataques de entrenador\u201d que ellos ven muy claros pero que a ojos de los dem\u00e1s resultan incomprensibles. Desafortunadamente el Elche aprovech\u00f3 un fallo en salida de bal\u00f3n de nuestro delantero canario y del cual parece injusto culparle debido a una comprensible desubicaci\u00f3n.&nbsp;<\/p>\n\n\n\n<p>Ya \u00fanicamente restan cuatro jornadas de una temporada que se nos ha hecho infinita y muy corta a la vez. Diez meses en los que hemos experimentado de todo menos estabilidad y que ahora, sin alicientes deportivos, debemos disfrutar repasando cuales han sido los errores cometidos para no repetirlos en la pr\u00f3xima temporada.&nbsp;<\/p>\n\n\n\n<p>Jugar en Segunda Divisi\u00f3n es un premio para todos aquellos que vagaron por el desierto durante tantas y tantas temporadas, pero nuestra mentalidad tambi\u00e9n ha de cambiar como lo ha hecho el equipo y madurar hacia visos mayores. Hemos dejado de ser un novato y como tal hemos de comportarnos.<\/p>\n","protected":false},"excerpt":{"rendered":"<p>Comentario de opini\u00f3n de Jairo Velasco sobre la actualidad del Burgos CF. Lo ven\u00edamos pidiendo desde hace tiempo, quer\u00edamos un equipo valiente, un equipo que dejara atr\u00e1s el l\u00f3gico atenazamiento con el que ha somatizado la tensa situaci\u00f3n clasificatoria de gran parte de la temporada para dar paso a un futbol m\u00e1s alegre, sin tantos [&hellip;]<\/p>\n","protected":false},"author":15,"featured_media":139297,"comment_status":"closed","ping_status":"closed","sticky":false,"template":"","format":"standard","meta":{"_monsterinsights_skip_tracking":false,"_monsterinsights_sitenote_active":false,"_monsterinsights_sitenote_note":"","_monsterinsights_sitenote_category":0,"footnotes":""},"categories":[4,14],"tags":[1553,29,834,13],"class_list":{"0":"post-139296","1":"post","2":"type-post","3":"status-publish","4":"format-standard","5":"has-post-thumbnail","7":"category-futbol","8":"category-opinion","9":"tag-actualidad-2","10":"tag-burgoscf","11":"tag-jairovelasco","12":"tag-opinion"},"views":225,"_links":{"self":[{"href":"https:\/\/www.burgosdeporte.com\/index.php?rest_route=\/wp\/v2\/posts\/139296","targetHints":{"allow":["GET"]}}],"collection":[{"href":"https:\/\/www.burgosdeporte.com\/index.php?rest_route=\/wp\/v2\/posts"}],"about":[{"href":"https:\/\/www.burgosdeporte.com\/index.php?rest_route=\/wp\/v2\/types\/post"}],"author":[{"embeddable":true,"href":"https:\/\/www.burgosdeporte.com\/index.php?rest_route=\/wp\/v2\/users\/15"}],"replies":[{"embeddable":true,"href":"https:\/\/www.burgosdeporte.com\/index.php?rest_route=%2Fwp%2Fv2%2Fcomments&post=139296"}],"version-history":[{"count":1,"href":"https:\/\/www.burgosdeporte.com\/index.php?rest_route=\/wp\/v2\/posts\/139296\/revisions"}],"predecessor-version":[{"id":139298,"href":"https:\/\/www.burgosdeporte.com\/index.php?rest_route=\/wp\/v2\/posts\/139296\/revisions\/139298"}],"wp:featuredmedia":[{"embeddable":true,"href":"https:\/\/www.burgosdeporte.com\/index.php?rest_route=\/wp\/v2\/media\/139297"}],"wp:attachment":[{"href":"https:\/\/www.burgosdeporte.com\/index.php?rest_route=%2Fwp%2Fv2%2Fmedia&parent=139296"}],"wp:term":[{"taxonomy":"category","embeddable":true,"href":"https:\/\/www.burgosdeporte.com\/index.php?rest_route=%2Fwp%2Fv2%2Fcategories&post=139296"},{"taxonomy":"post_tag","embeddable":true,"href":"https:\/\/www.burgosdeporte.com\/index.php?rest_route=%2Fwp%2Fv2%2Ftags&post=139296"}],"curies":[{"name":"wp","href":"https:\/\/api.w.org\/{rel}","templated":true}]}}