{"id":139234,"date":"2025-05-05T14:23:09","date_gmt":"2025-05-05T12:23:09","guid":{"rendered":"https:\/\/www.burgosdeporte.com\/?p=139234"},"modified":"2025-05-06T12:56:12","modified_gmt":"2025-05-06T10:56:12","slug":"2-0-el-burgos-cf-femenino-asciende-a-segunda-federacion","status":"publish","type":"post","link":"https:\/\/www.burgosdeporte.com\/?p=139234","title":{"rendered":"2-0. El Burgos CF Femenino asciende a Segunda Federaci\u00f3n"},"content":{"rendered":"\n<h2 class=\"wp-block-heading\"><strong>Se impuso al Athletic C en Casta\u00f1ares con goles de Menc\u00eda y \u00c1ngela para lograr, tras una gran temporada, el ascenso a Segunda<\/strong>.<\/h2>\n\n\n\n<p class=\"has-text-align-right\"><strong><em>Fotos: Jenga\/Burgosdeporte<\/em><\/strong><\/p>\n\n\n<div class=\"wp-block-image\">\n<figure class=\"aligncenter size-full\"><img loading=\"lazy\" decoding=\"async\" width=\"300\" height=\"226\" src=\"https:\/\/www.burgosdeporte.com\/wp-content\/uploads\/2023\/09\/FCastilla_2019.gif\" alt=\"\" class=\"wp-image-107980\"\/><\/figure>\n<\/div>\n\n\n<p>Ya es matem\u00e1tico. El Burgos CF Femenino es equipo de la Segunda Federaci\u00f3n tras imponerse en la Ciudad Deportiva al  Athletic C en un partido que se resolvi\u00f3 en la segunda parte con dos goles de las burgalesas que sentenciaron el encuentro y el ascenso. <\/p>\n\n\n\n<figure class=\"wp-block-image size-full\"><img loading=\"lazy\" decoding=\"async\" width=\"1000\" height=\"960\" src=\"https:\/\/www.burgosdeporte.com\/wp-content\/uploads\/2025\/05\/burgos-cff-ascenso-4.jpg\" alt=\"\" class=\"wp-image-139240\" srcset=\"https:\/\/www.burgosdeporte.com\/wp-content\/uploads\/2025\/05\/burgos-cff-ascenso-4.jpg 1000w, https:\/\/www.burgosdeporte.com\/wp-content\/uploads\/2025\/05\/burgos-cff-ascenso-4-300x288.jpg 300w, https:\/\/www.burgosdeporte.com\/wp-content\/uploads\/2025\/05\/burgos-cff-ascenso-4-768x737.jpg 768w, https:\/\/www.burgosdeporte.com\/wp-content\/uploads\/2025\/05\/burgos-cff-ascenso-4-150x144.jpg 150w, https:\/\/www.burgosdeporte.com\/wp-content\/uploads\/2025\/05\/burgos-cff-ascenso-4-696x668.jpg 696w\" sizes=\"auto, (max-width: 1000px) 100vw, 1000px\" \/><figcaption class=\"wp-element-caption\">Equipo y cuerpo t\u00e9cnico del Burgos CF Femenino que ha logrado el ascenso .- Foto: Jenga\/Burgosdeporte.   <\/figcaption><\/figure>\n\n\n\n<p>El partido cont\u00f3 con la presencia de numeroso p\u00fablico que celebr\u00f3 la victoria y el ascenso de las chicas, entre ellos estuvieron presentes el presidente del Burgos CF, Marcelo Figoli y el concejero delegado, Alejandro Grandinetti. <\/p>\n\n\n\n<p>El equipo blanquinegro necesitaba ganar para certificar su ascenso y busc\u00f3 la victoria desde el primer momento ante un disciplinado rival, que estuvo muy ordenado en defensa y que no puso las cosas f\u00e1ciles. <\/p>\n\n\n\n<figure class=\"wp-block-image size-full\"><img loading=\"lazy\" decoding=\"async\" width=\"1000\" height=\"611\" src=\"https:\/\/www.burgosdeporte.com\/wp-content\/uploads\/2025\/05\/burgos-cff-ascenso-6.jpg\" alt=\"\" class=\"wp-image-139238\" srcset=\"https:\/\/www.burgosdeporte.com\/wp-content\/uploads\/2025\/05\/burgos-cff-ascenso-6.jpg 1000w, https:\/\/www.burgosdeporte.com\/wp-content\/uploads\/2025\/05\/burgos-cff-ascenso-6-300x183.jpg 300w, https:\/\/www.burgosdeporte.com\/wp-content\/uploads\/2025\/05\/burgos-cff-ascenso-6-768x469.jpg 768w, https:\/\/www.burgosdeporte.com\/wp-content\/uploads\/2025\/05\/burgos-cff-ascenso-6-150x92.jpg 150w, https:\/\/www.burgosdeporte.com\/wp-content\/uploads\/2025\/05\/burgos-cff-ascenso-6-696x425.jpg 696w\" sizes=\"auto, (max-width: 1000px) 100vw, 1000px\" \/><figcaption class=\"wp-element-caption\">Foto: Jenga\/Burgosdeporte.  <\/figcaption><\/figure>\n\n\n\n<p>El dominio y las ocasiones fueron burgalesas durante toda la primera parte. Pasada la media hora de juego, Irene y Andrea forjaron una gran jugada que pudo acabar en gol, pero pese a las llegadas con peligro de las burgalesas el primer tiempo termin\u00f3 sin goles. <\/p>\n\n\n\n<p>Todo deb\u00eda resolverse en la segunda parte y las blanquinegras, apoyadas por su p\u00fablico no fallaron. Incrementaron la presi\u00f3n sobre el  Athletic y las oportunidades se sucerdieron hasta que llegaron los goles. <\/p>\n\n\n\n<figure class=\"wp-block-image size-large\"><img loading=\"lazy\" decoding=\"async\" width=\"1024\" height=\"655\" src=\"https:\/\/www.burgosdeporte.com\/wp-content\/uploads\/2025\/05\/burgos-cff-ascenso-7--1024x655.jpg\" alt=\"\" class=\"wp-image-139237\" srcset=\"https:\/\/www.burgosdeporte.com\/wp-content\/uploads\/2025\/05\/burgos-cff-ascenso-7--1024x655.jpg 1024w, https:\/\/www.burgosdeporte.com\/wp-content\/uploads\/2025\/05\/burgos-cff-ascenso-7--300x192.jpg 300w, https:\/\/www.burgosdeporte.com\/wp-content\/uploads\/2025\/05\/burgos-cff-ascenso-7--768x491.jpg 768w, https:\/\/www.burgosdeporte.com\/wp-content\/uploads\/2025\/05\/burgos-cff-ascenso-7--150x96.jpg 150w, https:\/\/www.burgosdeporte.com\/wp-content\/uploads\/2025\/05\/burgos-cff-ascenso-7--696x445.jpg 696w, https:\/\/www.burgosdeporte.com\/wp-content\/uploads\/2025\/05\/burgos-cff-ascenso-7--1068x683.jpg 1068w, https:\/\/www.burgosdeporte.com\/wp-content\/uploads\/2025\/05\/burgos-cff-ascenso-7-.jpg 1147w\" sizes=\"auto, (max-width: 1024px) 100vw, 1024px\" \/><figcaption class=\"wp-element-caption\">Foto: Jenga\/Burgosdeporte.  <\/figcaption><\/figure>\n\n\n\n<p>El primero a los 59 minutos, tras un lanzamiento de esquina que despeja la defensa visitante de forma poco contundente lo que permite a Menc\u00eda un remate que lleva el bal\u00f3n al fondo de las mallas. Era el 1-0 y la primera explosi\u00f3n de alegr\u00eda entre los aficionados y jugadoras. <\/p>\n\n\n\n<figure class=\"wp-block-image size-full\"><img loading=\"lazy\" decoding=\"async\" width=\"1000\" height=\"598\" src=\"https:\/\/www.burgosdeporte.com\/wp-content\/uploads\/2025\/05\/burgos-cff-ascenso-9.jpg\" alt=\"\" class=\"wp-image-139235\" srcset=\"https:\/\/www.burgosdeporte.com\/wp-content\/uploads\/2025\/05\/burgos-cff-ascenso-9.jpg 1000w, https:\/\/www.burgosdeporte.com\/wp-content\/uploads\/2025\/05\/burgos-cff-ascenso-9-300x179.jpg 300w, https:\/\/www.burgosdeporte.com\/wp-content\/uploads\/2025\/05\/burgos-cff-ascenso-9-768x459.jpg 768w, https:\/\/www.burgosdeporte.com\/wp-content\/uploads\/2025\/05\/burgos-cff-ascenso-9-150x90.jpg 150w, https:\/\/www.burgosdeporte.com\/wp-content\/uploads\/2025\/05\/burgos-cff-ascenso-9-696x416.jpg 696w\" sizes=\"auto, (max-width: 1000px) 100vw, 1000px\" \/><figcaption class=\"wp-element-caption\">Foto: Jenga\/Burgosdeporte.  <\/figcaption><\/figure>\n\n\n\n<p>Tras el gol las burgalesas no se replegaron, sino que buscaron el segundo para zanjar lo antes posible el partido y lo consiguieron tres minutos despu\u00e9s en un buen servicio desde la banda izquierda que cabeceaba \u00c1ngela en buena posici\u00f3n para lograr el segundo gol, que ya dejaba el partido sentenciado. <\/p>\n\n\n\n<figure class=\"wp-block-image size-full\"><img loading=\"lazy\" decoding=\"async\" width=\"1000\" height=\"663\" src=\"https:\/\/www.burgosdeporte.com\/wp-content\/uploads\/2025\/05\/burgos-cff-ascenso-5.jpg\" alt=\"\" class=\"wp-image-139239\" srcset=\"https:\/\/www.burgosdeporte.com\/wp-content\/uploads\/2025\/05\/burgos-cff-ascenso-5.jpg 1000w, https:\/\/www.burgosdeporte.com\/wp-content\/uploads\/2025\/05\/burgos-cff-ascenso-5-300x199.jpg 300w, https:\/\/www.burgosdeporte.com\/wp-content\/uploads\/2025\/05\/burgos-cff-ascenso-5-768x509.jpg 768w, https:\/\/www.burgosdeporte.com\/wp-content\/uploads\/2025\/05\/burgos-cff-ascenso-5-150x99.jpg 150w, https:\/\/www.burgosdeporte.com\/wp-content\/uploads\/2025\/05\/burgos-cff-ascenso-5-696x461.jpg 696w\" sizes=\"auto, (max-width: 1000px) 100vw, 1000px\" \/><figcaption class=\"wp-element-caption\">Foto: Jenga\/Burgosdeporte.  <\/figcaption><\/figure>\n\n\n\n<p>El Athletic intent\u00f3 la reacci\u00f3n pero apenas pudo inquietar a la defensa burgalesa que estuvo muy firme para no dejarse escapar una victoria que val\u00eda su peso en oro. <\/p>\n\n\n\n<p>Al t\u00e9rmino del partido se desat\u00f3 la alegr\u00eda entre todas las jugadoras, cuerpo t\u00e9cnico y aficionados, que saltaron al terreno de juego para abrazarse y celebrarlo. <\/p>\n\n\n\n<figure class=\"wp-block-image size-full\"><img loading=\"lazy\" decoding=\"async\" width=\"1000\" height=\"535\" src=\"https:\/\/www.burgosdeporte.com\/wp-content\/uploads\/2025\/05\/burgos-cff-ascenso-8.jpg\" alt=\"\" class=\"wp-image-139236\" srcset=\"https:\/\/www.burgosdeporte.com\/wp-content\/uploads\/2025\/05\/burgos-cff-ascenso-8.jpg 1000w, https:\/\/www.burgosdeporte.com\/wp-content\/uploads\/2025\/05\/burgos-cff-ascenso-8-300x161.jpg 300w, https:\/\/www.burgosdeporte.com\/wp-content\/uploads\/2025\/05\/burgos-cff-ascenso-8-768x411.jpg 768w, https:\/\/www.burgosdeporte.com\/wp-content\/uploads\/2025\/05\/burgos-cff-ascenso-8-150x80.jpg 150w, https:\/\/www.burgosdeporte.com\/wp-content\/uploads\/2025\/05\/burgos-cff-ascenso-8-696x372.jpg 696w\" sizes=\"auto, (max-width: 1000px) 100vw, 1000px\" \/><figcaption class=\"wp-element-caption\">Foto: Jenga\/Burgosdeporte.  <\/figcaption><\/figure>\n\n\n\n<p> La entrenadora del equipo, Tania G\u00fcemes, recib\u00eda tambi\u00e9n la alegr\u00eda y el reconocimiento de sus jugadoras con el cl\u00e1sico manteo. Tania ha sido clave en la consecuci\u00f3n del ascenso a Segunda. <\/p>\n\n\n\n<figure class=\"wp-block-image size-full\"><img loading=\"lazy\" decoding=\"async\" width=\"1000\" height=\"620\" src=\"https:\/\/www.burgosdeporte.com\/wp-content\/uploads\/2025\/05\/burgos-cff-ascenso-2.jpg\" alt=\"\" class=\"wp-image-139242\" srcset=\"https:\/\/www.burgosdeporte.com\/wp-content\/uploads\/2025\/05\/burgos-cff-ascenso-2.jpg 1000w, https:\/\/www.burgosdeporte.com\/wp-content\/uploads\/2025\/05\/burgos-cff-ascenso-2-300x186.jpg 300w, https:\/\/www.burgosdeporte.com\/wp-content\/uploads\/2025\/05\/burgos-cff-ascenso-2-768x476.jpg 768w, https:\/\/www.burgosdeporte.com\/wp-content\/uploads\/2025\/05\/burgos-cff-ascenso-2-150x93.jpg 150w, https:\/\/www.burgosdeporte.com\/wp-content\/uploads\/2025\/05\/burgos-cff-ascenso-2-696x432.jpg 696w\" sizes=\"auto, (max-width: 1000px) 100vw, 1000px\" \/><figcaption class=\"wp-element-caption\">Foto: Jenga\/Burgosdeporte.  <\/figcaption><\/figure>\n\n\n\n<p>En definitiva, el premio del ascenso merecido ha llegado para las chicas del Burgos CF Femenino que han logrado su objetivo. Hubo momentos de emoci\u00f3n y de l\u00e1grimas de alegr\u00eda por el logro conseguido. Enhorabuena. <\/p>\n\n\n\n<figure class=\"wp-block-image size-full\"><img loading=\"lazy\" decoding=\"async\" width=\"1000\" height=\"653\" src=\"https:\/\/www.burgosdeporte.com\/wp-content\/uploads\/2025\/05\/burgos-cff-ascenso-3.jpg\" alt=\"\" class=\"wp-image-139241\" srcset=\"https:\/\/www.burgosdeporte.com\/wp-content\/uploads\/2025\/05\/burgos-cff-ascenso-3.jpg 1000w, https:\/\/www.burgosdeporte.com\/wp-content\/uploads\/2025\/05\/burgos-cff-ascenso-3-300x196.jpg 300w, https:\/\/www.burgosdeporte.com\/wp-content\/uploads\/2025\/05\/burgos-cff-ascenso-3-768x502.jpg 768w, https:\/\/www.burgosdeporte.com\/wp-content\/uploads\/2025\/05\/burgos-cff-ascenso-3-150x98.jpg 150w, https:\/\/www.burgosdeporte.com\/wp-content\/uploads\/2025\/05\/burgos-cff-ascenso-3-696x454.jpg 696w\" sizes=\"auto, (max-width: 1000px) 100vw, 1000px\" \/><figcaption class=\"wp-element-caption\">Foto: Jenga\/Burgosdeporte.  <\/figcaption><\/figure>\n","protected":false},"excerpt":{"rendered":"<p>Se impuso al Athletic C en Casta\u00f1ares con goles de Menc\u00eda y \u00c1ngela para lograr, tras una gran temporada, el ascenso a Segunda. Fotos: Jenga\/Burgosdeporte Ya es matem\u00e1tico. El Burgos CF Femenino es equipo de la Segunda Federaci\u00f3n tras imponerse en la Ciudad Deportiva al Athletic C en un partido que se resolvi\u00f3 en la [&hellip;]<\/p>\n","protected":false},"author":10,"featured_media":139243,"comment_status":"closed","ping_status":"closed","sticky":false,"template":"","format":"standard","meta":{"_monsterinsights_skip_tracking":false,"_monsterinsights_sitenote_active":false,"_monsterinsights_sitenote_note":"","_monsterinsights_sitenote_category":0,"footnotes":""},"categories":[4],"tags":[1553,29,77],"class_list":{"0":"post-139234","1":"post","2":"type-post","3":"status-publish","4":"format-standard","5":"has-post-thumbnail","7":"category-futbol","8":"tag-actualidad-2","9":"tag-burgoscf","10":"tag-burgoscffemenino"},"views":448,"_links":{"self":[{"href":"https:\/\/www.burgosdeporte.com\/index.php?rest_route=\/wp\/v2\/posts\/139234","targetHints":{"allow":["GET"]}}],"collection":[{"href":"https:\/\/www.burgosdeporte.com\/index.php?rest_route=\/wp\/v2\/posts"}],"about":[{"href":"https:\/\/www.burgosdeporte.com\/index.php?rest_route=\/wp\/v2\/types\/post"}],"author":[{"embeddable":true,"href":"https:\/\/www.burgosdeporte.com\/index.php?rest_route=\/wp\/v2\/users\/10"}],"replies":[{"embeddable":true,"href":"https:\/\/www.burgosdeporte.com\/index.php?rest_route=%2Fwp%2Fv2%2Fcomments&post=139234"}],"version-history":[{"count":1,"href":"https:\/\/www.burgosdeporte.com\/index.php?rest_route=\/wp\/v2\/posts\/139234\/revisions"}],"predecessor-version":[{"id":139244,"href":"https:\/\/www.burgosdeporte.com\/index.php?rest_route=\/wp\/v2\/posts\/139234\/revisions\/139244"}],"wp:featuredmedia":[{"embeddable":true,"href":"https:\/\/www.burgosdeporte.com\/index.php?rest_route=\/wp\/v2\/media\/139243"}],"wp:attachment":[{"href":"https:\/\/www.burgosdeporte.com\/index.php?rest_route=%2Fwp%2Fv2%2Fmedia&parent=139234"}],"wp:term":[{"taxonomy":"category","embeddable":true,"href":"https:\/\/www.burgosdeporte.com\/index.php?rest_route=%2Fwp%2Fv2%2Fcategories&post=139234"},{"taxonomy":"post_tag","embeddable":true,"href":"https:\/\/www.burgosdeporte.com\/index.php?rest_route=%2Fwp%2Fv2%2Ftags&post=139234"}],"curies":[{"name":"wp","href":"https:\/\/api.w.org\/{rel}","templated":true}]}}