{"id":138927,"date":"2025-04-28T11:11:40","date_gmt":"2025-04-28T09:11:40","guid":{"rendered":"https:\/\/www.burgosdeporte.com\/?p=138927"},"modified":"2025-04-29T11:01:53","modified_gmt":"2025-04-29T09:01:53","slug":"polemico-varapalo","status":"publish","type":"post","link":"https:\/\/www.burgosdeporte.com\/?p=138927","title":{"rendered":"Pol\u00e9mico varapalo"},"content":{"rendered":"\n<h2 class=\"wp-block-heading\">Comentario de opini\u00f3n de Jairo Velasco sobre la actualidad del Burgos CF.<\/h2>\n\n\n\n<p>M\u00e1s all\u00e1 de los tres puntos que siempre est\u00e1n en juego en un derbi, jam\u00e1s se podr\u00e1 considerar un partido m\u00e1s. Es la mezcla perfecta de rivalidad y pertenencia; Un duelo que trasciende de lo deportivo para convertirse en cuesti\u00f3n de identidad local y en el que cada aficionado defiende con orgullo sus colores, su historia y su manera de ser. Ganar el derbi significa mucho m\u00e1s que superar al rival: es un grito de afirmaci\u00f3n para todo un pueblo.<\/p>\n\n\n\n<p>Este choque no solo es deporte; Es idiosincrasia, orgullo y coraz\u00f3n latiendo al ritmo de un sentimiento que une y separa a la vez. Una ilusi\u00f3n que revive en cada combate m\u00e1s all\u00e1 de clasificaciones y objetivos, disputando la victoria desde la grada y desde el campo. Poco m\u00e1s de ochenta kil\u00f3metros pero pocos rasgos en com\u00fan convierten estos partidos en pugnas de arraigo hist\u00f3rico y cultural.&nbsp;<\/p>\n\n\n\n<p>Volvimos a ver la cruz y es que parece que se cierne una maldici\u00f3n sobre el andamio de Anduva. De nuevo enfrentarnos a un regreso con unas caras largas que pocas horas antes se montaban ilusionadas en los autobuses con las esperanzas de que esta vez si que podr\u00eda ser la buena y acompa\u00f1ados por el mal cuerpo provocado por todos los ingredientes que rodearon la tarde por Miranda.&nbsp;&nbsp;&nbsp;<\/p>\n\n\n\n<p>Mala imagen de nuestro equipo en una primera parte a la que no supimos coger el pulso en ning\u00fan momento. Desubicaci\u00f3n y falta de coraz\u00f3n de la que solo nos sujetaron C\u00f3rdoba y Grego para darnos la oportunidad de seguir en el partido. Malas vibras que nos acompa\u00f1aron de nuevo hasta el punto de penalti para hacer m\u00e1s aberrante nuestra estad\u00edstica desde el punto fat\u00eddico esta temporada.&nbsp;<\/p>\n\n\n\n<p>Hizo falta un merecido gol jabato para hacernos despertar y a partir de ah\u00ed mejorar con un Morante que nos volvi\u00f3 a dar buenas soluciones en salida de bal\u00f3n y que tanto echamos en falta con ese doble pivote Marcelo \u2013 Atienza. Si algo podemos recriminar a la buena labor de Ramis es no haber podido encontrar el equilibrio de esa famosa \u201cteor\u00eda de la manta\u201d, en la que si bien somos muy fuertes atr\u00e1s mediante la acumulaci\u00f3n y ayudas de nuestros jugadores, no ha podido encontrar la pieza que enlazara con los efectivos de ataque.&nbsp;<\/p>\n\n\n\n<p>Desgraciadamente es inevitable entender este derbi sin poner el foco en el arbitraje. Se nos bombardea constantemente con mensajes sobre modificaciones de reglas, unificaci\u00f3n de criterios y homogenizaci\u00f3n de decisiones que acerquen estas determinaciones de \u00edndole subjetivo a la justicia deportiva que marcan las normas del f\u00fatbol, pero en cada jornada nos llegan multitud de ejemplos de que esto a\u00fan est\u00e1 muy lejos de la realidad.&nbsp;<\/p>\n\n\n\n<p>\u00bfPor qu\u00e9 esta jugada no se revisa en el VAR?, \u00bfpor qu\u00e9 las acciones residuales e intrascendentes en las jugadas han pasado a valorarse?, \u00bfpor qu\u00e9 no hay repeticiones cuando existen jugadas dudosas o llegan muy tarde?. Un deporte que debe ser de todos cada vez se est\u00e1 haciendo m\u00e1s dif\u00edcil de entender para el aficionado medio, llegando a tener la sensaci\u00f3n que ni los propios colegiados tienen muy claras las resoluciones a tomar con tan dispares precedentes que existen.&nbsp;<\/p>\n\n\n\n<p>Las opciones de playoff se esfumaron contra nuestro eterno rival y las jornadas que quedan de esta irregular campa\u00f1a nos han de servir para poner todo en perspectiva despu\u00e9s de un a\u00f1o repleto de emociones. Temporada para aprender y no cometer los mismos errores en la venidera, pero todo parece indicar que las aguas bajar\u00e1n revueltas a orillas del Arlanz\u00f3n.&nbsp;<\/p>\n","protected":false},"excerpt":{"rendered":"<p>Comentario de opini\u00f3n de Jairo Velasco sobre la actualidad del Burgos CF. M\u00e1s all\u00e1 de los tres puntos que siempre est\u00e1n en juego en un derbi, jam\u00e1s se podr\u00e1 considerar un partido m\u00e1s. Es la mezcla perfecta de rivalidad y pertenencia; Un duelo que trasciende de lo deportivo para convertirse en cuesti\u00f3n de identidad local [&hellip;]<\/p>\n","protected":false},"author":15,"featured_media":138817,"comment_status":"closed","ping_status":"closed","sticky":false,"template":"","format":"standard","meta":{"_monsterinsights_skip_tracking":false,"_monsterinsights_sitenote_active":false,"_monsterinsights_sitenote_note":"","_monsterinsights_sitenote_category":0,"footnotes":""},"categories":[4,14],"tags":[1553,29,834],"class_list":{"0":"post-138927","1":"post","2":"type-post","3":"status-publish","4":"format-standard","5":"has-post-thumbnail","7":"category-futbol","8":"category-opinion","9":"tag-actualidad-2","10":"tag-burgoscf","11":"tag-jairovelasco"},"views":272,"_links":{"self":[{"href":"https:\/\/www.burgosdeporte.com\/index.php?rest_route=\/wp\/v2\/posts\/138927","targetHints":{"allow":["GET"]}}],"collection":[{"href":"https:\/\/www.burgosdeporte.com\/index.php?rest_route=\/wp\/v2\/posts"}],"about":[{"href":"https:\/\/www.burgosdeporte.com\/index.php?rest_route=\/wp\/v2\/types\/post"}],"author":[{"embeddable":true,"href":"https:\/\/www.burgosdeporte.com\/index.php?rest_route=\/wp\/v2\/users\/15"}],"replies":[{"embeddable":true,"href":"https:\/\/www.burgosdeporte.com\/index.php?rest_route=%2Fwp%2Fv2%2Fcomments&post=138927"}],"version-history":[{"count":1,"href":"https:\/\/www.burgosdeporte.com\/index.php?rest_route=\/wp\/v2\/posts\/138927\/revisions"}],"predecessor-version":[{"id":138928,"href":"https:\/\/www.burgosdeporte.com\/index.php?rest_route=\/wp\/v2\/posts\/138927\/revisions\/138928"}],"wp:featuredmedia":[{"embeddable":true,"href":"https:\/\/www.burgosdeporte.com\/index.php?rest_route=\/wp\/v2\/media\/138817"}],"wp:attachment":[{"href":"https:\/\/www.burgosdeporte.com\/index.php?rest_route=%2Fwp%2Fv2%2Fmedia&parent=138927"}],"wp:term":[{"taxonomy":"category","embeddable":true,"href":"https:\/\/www.burgosdeporte.com\/index.php?rest_route=%2Fwp%2Fv2%2Fcategories&post=138927"},{"taxonomy":"post_tag","embeddable":true,"href":"https:\/\/www.burgosdeporte.com\/index.php?rest_route=%2Fwp%2Fv2%2Ftags&post=138927"}],"curies":[{"name":"wp","href":"https:\/\/api.w.org\/{rel}","templated":true}]}}