{"id":138522,"date":"2025-04-20T23:28:06","date_gmt":"2025-04-20T21:28:06","guid":{"rendered":"https:\/\/www.burgosdeporte.com\/?p=138522"},"modified":"2025-04-22T17:29:55","modified_gmt":"2025-04-22T15:29:55","slug":"lo-que-el-agua-nos-quito","status":"publish","type":"post","link":"https:\/\/www.burgosdeporte.com\/?p=138522","title":{"rendered":"Lo que el agua nos quit\u00f3"},"content":{"rendered":"\n<h2 class=\"wp-block-heading\">Comentario de opini\u00f3n de Jairo Velasco sobre la actualidad del Burgos CF.<\/h2>\n\n\n\n<p>Semana Santa en Burgos, sin\u00f3nimo de mal tiempo, precipitaciones y desaz\u00f3n meteorol\u00f3gico de los m\u00e1s pasionales que esperan a estas fechas con fervor religioso. Esta temporada no ha sido de otra manera, y como ocurri\u00f3 hace justo un a\u00f1o en nuestro \u00e9pico y memorable duelo contra el Espanyol, la lluvia se convirti\u00f3 en el principal protagonista de la jornada.<\/p>\n\n\n\n<p>Lecci\u00f3n que deber\u00eda estar m\u00e1s que aprendida para intentar que estas condiciones influyan en la menor medida posible en nuestro estadio, pero no, volvemos a caer en la misma piedra y si ya el partido contra el Deportivo fue sonrojante con esa banda completamente helada, ayer retrocedimos varias d\u00e9cadas en el tiempo para volver a ver un campo anegado y embarrado.<\/p>\n\n\n\n<p>Muchos lo entender\u00e1n como inevitable, es dif\u00edcil luchar contra las inclemencias meteorol\u00f3gicas, pero como todo en la vida, cuantas m\u00e1s papeletas compres para que algo salga mal, m\u00e1s posibilidades existen de que salga mal. Resulta complicado dar explicaci\u00f3n a que se haya estado regando esta semana El Plant\u00edo con normalidad, incluso el mismo s\u00e1bado en la previa del partido, siguiendo el protocolo convencional sin alterarlo con las previsiones.<\/p>\n\n\n\n<p>Coincidiremos en que al aficionado le gusta ver a sus jugadores embarrados y rezumando casta por los cuatro costados. Ef\u00edmera vuelta al f\u00fatbol del pasado que nos retrotrae a aquella lejana \u201cmanita\u201d endosada al Athletic Club en la que no exist\u00eda ni brizna de c\u00e9sped en el terreno de juego; Pero siendo realistas la imagen de profesionalidad del club se vuelve a emborronar poniendo en serio riesgo la integridad de unos jugadores que multiplican exponencialmente el riesgo de lesi\u00f3n bajo ese escenario.<\/p>\n\n\n\n<p>Las circunstancias nos perjudicaron. Las sensibles bajas fueron sustituidas con solvencia por un once con piezas no muy habituales pero que, yendo de menos a m\u00e1s, ensalzaron la fuerza del conjunto m\u00e1s all\u00e1 de la ausencias. Buen trato de bal\u00f3n pese al entorno, en el que Morante ayud\u00f3 a dar sosiego y criterio para encontrar a nuestros jugadores m\u00e1s habilidosos, creando numerosas acciones de peligro cada vez que cruz\u00e1bamos la medular.&nbsp;<\/p>\n\n\n\n<p>Nuestro debe vuelve a estar en el bal\u00f3n parado, y si ya en el Heliodoro mostramos gran fragilidad de la que solo nos libr\u00f3 el VAR, el C\u00e1diz no desaprovech\u00f3 nuestra falta de contundencia para lograr sus dos tantos por esa v\u00eda. No logramos dominar ninguna de las dos \u00e1reas en esa faceta, y pese a que el gol de Exp\u00f3sito lleg\u00f3 as\u00ed, la improvisaci\u00f3n parece apoderarse de nuestros corners y faltas, carentes de estrategias que nos acerquen al gol.<\/p>\n\n\n\n<p>Sensaci\u00f3n agridulce en el que una buena actuaci\u00f3n coral que prolonga una nueva jornada m\u00e1s puntuando se ve empa\u00f1ada no logrando conseguir los tres puntos que ya acarici\u00e1bamos con las manos y que hubieran llenado de ilusi\u00f3n el tren que muchos aficionados dirigen con destino a playoff.&nbsp;<\/p>\n\n\n\n<p>A\u00fan as\u00ed esta semana no han de faltar alicientes teniendo a pocos d\u00edas vista el derbi provincial. Dos temporadas contrapuestas que pueden acercarse mucho m\u00e1s de lo esperado de lograr la victoria en Anduva, y que enfrentar\u00e1 a dos enemigos p\u00fablicos con rachas totalmente contrarias.&nbsp;<\/p>\n\n\n\n<p>Ideas claras y viento a favor para asaltar por primera vez Miranda desde nuestra vuelta al f\u00fatbol profesional. Porque ya lo dec\u00eda el gran Pin\u00e9: los derbis no se juegan, los derbis se ganan.<\/p>\n","protected":false},"excerpt":{"rendered":"<p>Comentario de opini\u00f3n de Jairo Velasco sobre la actualidad del Burgos CF. Semana Santa en Burgos, sin\u00f3nimo de mal tiempo, precipitaciones y desaz\u00f3n meteorol\u00f3gico de los m\u00e1s pasionales que esperan a estas fechas con fervor religioso. Esta temporada no ha sido de otra manera, y como ocurri\u00f3 hace justo un a\u00f1o en nuestro \u00e9pico y [&hellip;]<\/p>\n","protected":false},"author":15,"featured_media":138471,"comment_status":"closed","ping_status":"closed","sticky":false,"template":"","format":"standard","meta":{"_monsterinsights_skip_tracking":false,"_monsterinsights_sitenote_active":false,"_monsterinsights_sitenote_note":"","_monsterinsights_sitenote_category":0,"footnotes":""},"categories":[4,14],"tags":[1553,29,834,13],"class_list":{"0":"post-138522","1":"post","2":"type-post","3":"status-publish","4":"format-standard","5":"has-post-thumbnail","7":"category-futbol","8":"category-opinion","9":"tag-actualidad-2","10":"tag-burgoscf","11":"tag-jairovelasco","12":"tag-opinion"},"views":298,"_links":{"self":[{"href":"https:\/\/www.burgosdeporte.com\/index.php?rest_route=\/wp\/v2\/posts\/138522","targetHints":{"allow":["GET"]}}],"collection":[{"href":"https:\/\/www.burgosdeporte.com\/index.php?rest_route=\/wp\/v2\/posts"}],"about":[{"href":"https:\/\/www.burgosdeporte.com\/index.php?rest_route=\/wp\/v2\/types\/post"}],"author":[{"embeddable":true,"href":"https:\/\/www.burgosdeporte.com\/index.php?rest_route=\/wp\/v2\/users\/15"}],"replies":[{"embeddable":true,"href":"https:\/\/www.burgosdeporte.com\/index.php?rest_route=%2Fwp%2Fv2%2Fcomments&post=138522"}],"version-history":[{"count":1,"href":"https:\/\/www.burgosdeporte.com\/index.php?rest_route=\/wp\/v2\/posts\/138522\/revisions"}],"predecessor-version":[{"id":138524,"href":"https:\/\/www.burgosdeporte.com\/index.php?rest_route=\/wp\/v2\/posts\/138522\/revisions\/138524"}],"wp:featuredmedia":[{"embeddable":true,"href":"https:\/\/www.burgosdeporte.com\/index.php?rest_route=\/wp\/v2\/media\/138471"}],"wp:attachment":[{"href":"https:\/\/www.burgosdeporte.com\/index.php?rest_route=%2Fwp%2Fv2%2Fmedia&parent=138522"}],"wp:term":[{"taxonomy":"category","embeddable":true,"href":"https:\/\/www.burgosdeporte.com\/index.php?rest_route=%2Fwp%2Fv2%2Fcategories&post=138522"},{"taxonomy":"post_tag","embeddable":true,"href":"https:\/\/www.burgosdeporte.com\/index.php?rest_route=%2Fwp%2Fv2%2Ftags&post=138522"}],"curies":[{"name":"wp","href":"https:\/\/api.w.org\/{rel}","templated":true}]}}