{"id":138317,"date":"2025-04-15T15:17:27","date_gmt":"2025-04-15T13:17:27","guid":{"rendered":"https:\/\/www.burgosdeporte.com\/?p=138317"},"modified":"2025-04-16T15:34:52","modified_gmt":"2025-04-16T13:34:52","slug":"el-ciclista-del-recambios-callejo-pablo-polo-logra-el-regional-de-ruta","status":"publish","type":"post","link":"https:\/\/www.burgosdeporte.com\/?p=138317","title":{"rendered":"El ciclista del Recambios Callejo, Pablo Polo, logra el regional de ruta"},"content":{"rendered":"\n<p><strong><em>El corredor salmantino, perteneciente al Club Ciclista Arandino, se hizo con el t\u00edtulo en Torre del Bierzo<\/em><\/strong><\/p>\n\n\n<div class=\"wp-block-image\">\n<figure class=\"aligncenter size-full\"><a href=\"https:\/\/www.tandemgyd.com\/\" target=\"_blank\" rel=\" noreferrer noopener\"><img loading=\"lazy\" decoding=\"async\" width=\"200\" height=\"183\" src=\"https:\/\/www.burgosdeporte.com\/wp-content\/uploads\/2023\/09\/Logo_Tandem.jpg\" alt=\"\" class=\"wp-image-107992\" srcset=\"https:\/\/www.burgosdeporte.com\/wp-content\/uploads\/2023\/09\/Logo_Tandem.jpg 200w, https:\/\/www.burgosdeporte.com\/wp-content\/uploads\/2023\/09\/Logo_Tandem-150x137.jpg 150w\" sizes=\"auto, (max-width: 200px) 100vw, 200px\" \/><\/a><\/figure>\n<\/div>\n\n\n<p>Castilla y Le\u00f3n tiene nuevos campeones en categor\u00eda junior y el ciclista salmantino del Recambios Callejo, Pablo Polo, se hizo con el t\u00edtulo en Torre del Bierzo, una carrera que el equipo arandino plante\u00f3 con ambici\u00f3n para alcanzar el Campeonato y la general.<\/p>\n\n\n\n<p>Fue en los primeros compases del duro puerto de Manzanal donde Polo comenz\u00f3 a dinamitar la carrera con un ataque que dejaba por delante una veintena de corredores entre los que tambi\u00e9n estaba Iker Garc\u00eda, otra de las bazas del Recambios Callejo para este campeonato.<\/p>\n\n\n\n<p>Mientras el grupo iba perdiendo unidades, Polo lograba marcharse por delante a la caza de la escapada con Diego Mart\u00edn (GR-100) uno de los rivales directos por el t\u00edtulo y gracias a un gran entendimiento se plantaban en l\u00ednea de meta jug\u00e1ndose el maillot de campe\u00f3n en un sprint que se decantaba del lado del ciclista del Recambios Callejo.<\/p>\n\n\n\n<p>Todo esto con una gran colaboraci\u00f3n previa de compa\u00f1eros como \u00c1lvaro de Pablo, Manuel Sanz, Sergio Rubio o Hugo Porrero, que aguantaron con los mejores hasta momentos clave del desenlace de la prueba.<\/p>\n\n\n\n<p>En la clasificaci\u00f3n por equipos el Recambios Callejo terminaba en la 5\u00aa posici\u00f3n siendo el primer conjunto castellano-leon\u00e9s.<\/p>\n\n\n\n<p><strong>Frente gallego combativo, pero sin resultados<\/strong><\/p>\n\n\n\n<p>Era fin de semana de doblar y con un gran bloque participando en Torre del Bierzo, el Recambio Callejo dio la cara con otros seis de sus ciclistas en la Vuelta Barbanza. Terreno exigente el de las R\u00edas Bajas donde el equipo del Club Ciclista Arandino se defendi\u00f3 con un equipo muy joven y pele\u00f3n, buscando las escapadas constantemente, pero sin \u00e9xito.<\/p>\n\n\n\n<p>Primera etapa con varios pinchazos que lastraron las intenciones del conjunto en los puertos encadenados de la parte final, pero ambici\u00f3n m\u00e1xima para enfrentar la segunda etapa sin la responsabilidad de defender posiciones cabeceras.<\/p>\n\n\n\n<p>En la general, Lucas Chamizo (19\u00b0), Samuel Allen (20\u00b0) y Adri\u00e1n Silv\u00e1n los m\u00e1s destacados.<\/p>\n\n\n\n<p><strong>A las puertas del podio en el Campeonato de Castilla y Le\u00f3n CRI<\/strong><\/p>\n\n\n\n<p>Otro frente fue el regional de CRI donde el arandino Pedro Pita estuvo presente, rozando podium con un 4\u00b0 puesto y a pocos segundos del bronce.<\/p>\n\n\n\n<p>Acicate para seguir trabajando con ambici\u00f3n y perseguir citas importantes del calendario del equipo, no sin antes pasar este fin de semana por el Campeonato de Espa\u00f1a de Pista en Mallorca donde tambi\u00e9n estar\u00e1 \u00c1lvaro de Pablo, otro de los Recambios Callejo que combina la carretera con la pista y quien ya fuese en cadetes campe\u00f3n nacional de la modalidad.<\/p>\n","protected":false},"excerpt":{"rendered":"<p>El corredor salmantino, perteneciente al Club Ciclista Arandino, se hizo con el t\u00edtulo en Torre del Bierzo Castilla y Le\u00f3n tiene nuevos campeones en categor\u00eda junior y el ciclista salmantino del Recambios Callejo, Pablo Polo, se hizo con el t\u00edtulo en Torre del Bierzo, una carrera que el equipo arandino plante\u00f3 con ambici\u00f3n para alcanzar [&hellip;]<\/p>\n","protected":false},"author":10,"featured_media":138318,"comment_status":"closed","ping_status":"closed","sticky":false,"template":"","format":"standard","meta":{"_monsterinsights_skip_tracking":false,"_monsterinsights_sitenote_active":false,"_monsterinsights_sitenote_note":"","_monsterinsights_sitenote_category":0,"footnotes":""},"categories":[63],"tags":[1553,64,240],"class_list":{"0":"post-138317","1":"post","2":"type-post","3":"status-publish","4":"format-standard","5":"has-post-thumbnail","7":"category-ciclismo","8":"tag-actualidad-2","9":"tag-ciclismo","10":"tag-clubciclistaarandino"},"views":224,"_links":{"self":[{"href":"https:\/\/www.burgosdeporte.com\/index.php?rest_route=\/wp\/v2\/posts\/138317","targetHints":{"allow":["GET"]}}],"collection":[{"href":"https:\/\/www.burgosdeporte.com\/index.php?rest_route=\/wp\/v2\/posts"}],"about":[{"href":"https:\/\/www.burgosdeporte.com\/index.php?rest_route=\/wp\/v2\/types\/post"}],"author":[{"embeddable":true,"href":"https:\/\/www.burgosdeporte.com\/index.php?rest_route=\/wp\/v2\/users\/10"}],"replies":[{"embeddable":true,"href":"https:\/\/www.burgosdeporte.com\/index.php?rest_route=%2Fwp%2Fv2%2Fcomments&post=138317"}],"version-history":[{"count":1,"href":"https:\/\/www.burgosdeporte.com\/index.php?rest_route=\/wp\/v2\/posts\/138317\/revisions"}],"predecessor-version":[{"id":138319,"href":"https:\/\/www.burgosdeporte.com\/index.php?rest_route=\/wp\/v2\/posts\/138317\/revisions\/138319"}],"wp:featuredmedia":[{"embeddable":true,"href":"https:\/\/www.burgosdeporte.com\/index.php?rest_route=\/wp\/v2\/media\/138318"}],"wp:attachment":[{"href":"https:\/\/www.burgosdeporte.com\/index.php?rest_route=%2Fwp%2Fv2%2Fmedia&parent=138317"}],"wp:term":[{"taxonomy":"category","embeddable":true,"href":"https:\/\/www.burgosdeporte.com\/index.php?rest_route=%2Fwp%2Fv2%2Fcategories&post=138317"},{"taxonomy":"post_tag","embeddable":true,"href":"https:\/\/www.burgosdeporte.com\/index.php?rest_route=%2Fwp%2Fv2%2Ftags&post=138317"}],"curies":[{"name":"wp","href":"https:\/\/api.w.org\/{rel}","templated":true}]}}