{"id":137573,"date":"2025-03-31T14:45:28","date_gmt":"2025-03-31T12:45:28","guid":{"rendered":"https:\/\/www.burgosdeporte.com\/?p=137573"},"modified":"2025-04-01T17:28:31","modified_gmt":"2025-04-01T15:28:31","slug":"hacia-la-orilla","status":"publish","type":"post","link":"https:\/\/www.burgosdeporte.com\/?p=137573","title":{"rendered":"Hacia la orilla"},"content":{"rendered":"\n<h2 class=\"wp-block-heading\">Comentario de opini\u00f3n de Jairo Velasco sobre la actualidad del Burgos CF <\/h2>\n\n\n\n<p>Hace justo un mes comenzaba lo que iba a ser el mes clave para los nuestros en el desarrollo de la competici\u00f3n. Seis partidos contra rivales directos que determinar\u00edan cual ser\u00eda el devenir en un a\u00f1o que ha tenido de todo y que ha puesto contra las cuerdas a todos aquellos que tratan de vaticinar resultados y clasificaciones antes de que estos se den, porque una vez m\u00e1s se ha cumplido aquello de que el f\u00fatbol es impredecible.&nbsp;<\/p>\n\n\n\n<p>Es dif\u00edcil de asimilar la sensaci\u00f3n de ahora pasar a ser el juez de la competici\u00f3n, sentir como los rivales son los que se juegan las casta\u00f1as ante nosotros y que las urgencia han cambiado de tejado. Un giro de ciento ochenta grados en una situaci\u00f3n que nos hizo pasar por la UVI durante unos eternos minutos en ese Eldense \u2013 Levante y en la que en este momento no parecemos ni vernos las cicatrices de aquella lesi\u00f3n.<\/p>\n\n\n\n<p>El partido en Elda sigui\u00f3 la t\u00f3nica de lo visto \u00faltimamente. Volvimos a ser inferiores, pero el azar nuevamente se aline\u00f3 para que esas oportunidades que vistas en la repetici\u00f3n resultan inveros\u00edmiles que no acaben en gol, no acaben en gol en la realidad. Se dice que la suerte hay que buscarla, pero sinceramente me resulta muy dif\u00edcil de entender como, una vez m\u00e1s, con unas estad\u00edsticas tan abusivamente contrarias, somos capaces de llevarnos recompensa.<\/p>\n\n\n\n<p>Los n\u00fameros son los que son, con una racha que \u00fanicamente puede ser comparada con los equipos de ascenso directo, pero hay que reconocer que si no fuera porque es nuestro equipo, resulta laborioso disfrutar a nivel futbol\u00edstico con un partido a domicilio planteado por Ramis. Es pr\u00e1cticamente sacar m\u00e1s rendimiento con menos oportunidades y la \u00fanica explicaci\u00f3n al momento que estamos transitando pasa por ese aumento de la efectividad hasta porcentajes muy por encima de la media.<\/p>\n\n\n\n<p>A tan solo dos puntos de la proyecci\u00f3n te\u00f3rica de lo que ser\u00e1 la l\u00ednea de salvaci\u00f3n esta temporada y con veintisiete por jugar, parece claro que vamos a tener ese final tranquilo que ni los m\u00e1s positivos se pod\u00edan imaginar. Y aunque las muy escasas posibilidades de play off parezcan inalcanzables, debemos aferrarnos a ellas para encontrar un objetivo que nos haga disfutar de aqu\u00ed a junio con m\u00e1s ilusi\u00f3n que preocupaci\u00f3n.&nbsp;<\/p>\n\n\n\n<p>Recuperar el nivel de unos jugadores que han rendido muy por debajo de su nivel en muchos tramos debido a la presi\u00f3n de verse en una situaci\u00f3n que parec\u00eda no recogerse como posible cuando arranc\u00f3 la liga y que eso sirva como premio a una afici\u00f3n que ha demostrado no dejarse caer cuando el f\u00fatbol y la tabla pod\u00eda invitar a ello.&nbsp;<\/p>\n\n\n\n<p>Menci\u00f3n especial a todos los que han sabido entender el momento como algo natural en este deporte, no echando todo por la borda cuando las cosas iban de mal en peor y relativizando tambi\u00e9n los momentos positivos. Todo en la historia es c\u00edclico y vivir estos momentos nos har\u00e1n disfrutar m\u00e1s de las mejores, porque en las buenas y en las malas, el escudo siempre est\u00e1 por encima de nombres y divisiones.&nbsp;<\/p>\n","protected":false},"excerpt":{"rendered":"<p>Comentario de opini\u00f3n de Jairo Velasco sobre la actualidad del Burgos CF Hace justo un mes comenzaba lo que iba a ser el mes clave para los nuestros en el desarrollo de la competici\u00f3n. Seis partidos contra rivales directos que determinar\u00edan cual ser\u00eda el devenir en un a\u00f1o que ha tenido de todo y que [&hellip;]<\/p>\n","protected":false},"author":15,"featured_media":137576,"comment_status":"closed","ping_status":"closed","sticky":false,"template":"","format":"standard","meta":{"_monsterinsights_skip_tracking":false,"_monsterinsights_sitenote_active":false,"_monsterinsights_sitenote_note":"","_monsterinsights_sitenote_category":0,"footnotes":""},"categories":[4,14],"tags":[1553,29,834,13],"class_list":{"0":"post-137573","1":"post","2":"type-post","3":"status-publish","4":"format-standard","5":"has-post-thumbnail","7":"category-futbol","8":"category-opinion","9":"tag-actualidad-2","10":"tag-burgoscf","11":"tag-jairovelasco","12":"tag-opinion"},"views":315,"_links":{"self":[{"href":"https:\/\/www.burgosdeporte.com\/index.php?rest_route=\/wp\/v2\/posts\/137573","targetHints":{"allow":["GET"]}}],"collection":[{"href":"https:\/\/www.burgosdeporte.com\/index.php?rest_route=\/wp\/v2\/posts"}],"about":[{"href":"https:\/\/www.burgosdeporte.com\/index.php?rest_route=\/wp\/v2\/types\/post"}],"author":[{"embeddable":true,"href":"https:\/\/www.burgosdeporte.com\/index.php?rest_route=\/wp\/v2\/users\/15"}],"replies":[{"embeddable":true,"href":"https:\/\/www.burgosdeporte.com\/index.php?rest_route=%2Fwp%2Fv2%2Fcomments&post=137573"}],"version-history":[{"count":1,"href":"https:\/\/www.burgosdeporte.com\/index.php?rest_route=\/wp\/v2\/posts\/137573\/revisions"}],"predecessor-version":[{"id":137579,"href":"https:\/\/www.burgosdeporte.com\/index.php?rest_route=\/wp\/v2\/posts\/137573\/revisions\/137579"}],"wp:featuredmedia":[{"embeddable":true,"href":"https:\/\/www.burgosdeporte.com\/index.php?rest_route=\/wp\/v2\/media\/137576"}],"wp:attachment":[{"href":"https:\/\/www.burgosdeporte.com\/index.php?rest_route=%2Fwp%2Fv2%2Fmedia&parent=137573"}],"wp:term":[{"taxonomy":"category","embeddable":true,"href":"https:\/\/www.burgosdeporte.com\/index.php?rest_route=%2Fwp%2Fv2%2Fcategories&post=137573"},{"taxonomy":"post_tag","embeddable":true,"href":"https:\/\/www.burgosdeporte.com\/index.php?rest_route=%2Fwp%2Fv2%2Ftags&post=137573"}],"curies":[{"name":"wp","href":"https:\/\/api.w.org\/{rel}","templated":true}]}}