{"id":137173,"date":"2025-03-24T13:51:13","date_gmt":"2025-03-24T11:51:13","guid":{"rendered":"https:\/\/www.burgosdeporte.com\/?p=137173"},"modified":"2025-03-25T18:25:45","modified_gmt":"2025-03-25T16:25:45","slug":"cambio-de-cara","status":"publish","type":"post","link":"https:\/\/www.burgosdeporte.com\/?p=137173","title":{"rendered":"Cambio de cara"},"content":{"rendered":"\n<h2 class=\"wp-block-heading\">Comentario de opini\u00f3n de Jairo Velasco sobre la actualidad del Burgos CF.<\/h2>\n\n\n\n<p>Era lo que ven\u00edamos pidiendo, necesit\u00e1bamos un Burgos con el que volver a sentirnos identificados. Un equipo cargado de energ\u00eda y casta, valiente y descarado al que no le importe el rival al que se enfrente, apabull\u00e1ndole hasta el aplastamiento con el respaldo de una afici\u00f3n que \u00fanicamente necesita un poco de chispa para crear un ambiente como en muy pocos sitios en el mundo.<\/p>\n\n\n\n<p>Una grada que nunca ha dejado sola a su plantilla por m\u00e1s momentos dif\u00edciles que hayamos transitado esta temporada, tanto en casa como en cada uno de los desplazamientos, demostrando que en las buenas es muy bonito estar, pero en las malas es cuando somos imprescindibles. \u00cdmpetu y aliento por no dejar caer al piso el sue\u00f1o del f\u00fatbol profesional por fin recompensado con un partido como el de este viernes, en el que renace una conexi\u00f3n que reclam\u00e1bamos necesaria.&nbsp;<\/p>\n\n\n\n<p>Volver a sentir orgullo por los que visten nuestra camiseta. Una lucha por los colores como la que har\u00eda cualquier aficionado al que se le diera la oportunidad de estar en el c\u00e9sped, apretando los dientes cuando uno de los mejores rivales de la categor\u00eda te tiene contra las cuerdas y estallando de alegr\u00eda cuando le haces entender que esto es El Plant\u00edo y aqu\u00ed rigen otras normas.&nbsp;<\/p>\n\n\n\n<p>La semana pasada, pese a la victoria en Cartagena, dec\u00eda que necesitamos jugadores que entiendan lo que es Burgos. Una tierra no demasiado acostumbrada a complicaciones t\u00e1cticas ni a alardes t\u00e9cnicos, en la que nos encanta ver a un Curro enrabietado y entregado a la causa, peleando cada acci\u00f3n y que con cada patada que recibe hace aumentar los decibelios de estadio. Un capit\u00e1n que puede aportar mucho m\u00e1s que goles y pases decisivos.<\/p>\n\n\n\n<p>Ox\u00edgeno clasificatorio con el que el atenazamiento pareci\u00f3 esfumarse junto a las malas sensaciones, dejando ver una cara que nos recuerda a temporadas pasadas. Ramis dibuj\u00f3 una propuesta que a\u00fan casi no hab\u00edamos visto en su pizarra, demostrando que incluso alineando los mismos jugadores se puede jugar de una manera muy diferente y entendiendo que esa era la \u00fanica manera de doblegar a un equipo te\u00f3ricamente muy superior.&nbsp;<\/p>\n\n\n\n<p>Personalidad que no desmoron\u00f3 un plan en el que apenas se contempl\u00f3 ese bloque bajo al que nos tiene acostumbrados el entrenador tarraconense, yendo a buscar por todo el campo a un Almer\u00eda tambi\u00e9n sorprendido ante la novedad. Un partido de diez en el que es dif\u00edcil destacar a un jugador por encima del resto, ya que esto supondr\u00eda desmerecer la fuerza de un bloque esencial para poder haber alcanzado la cuarta victoria consecutiva.&nbsp;<\/p>\n\n\n\n<p>N\u00fameros inveros\u00edmiles hace tan solo un mes que est\u00e1n convirtiendo este vital marzo en un periodo de r\u00e9cord solo tachado por la trampa a la que nos vimos sometidos en Castell\u00f3n. Esta es la l\u00ednea por la que seguir transitando de aqu\u00ed a final de temporada, porque quiz\u00e1s num\u00e9ricamente no de para mucho m\u00e1s, pero si que puede significar el borboteo de un caldo de cultivo con un aroma a positivismo que arrastre a futuros \u00e9xitos.&nbsp;<\/p>\n\n\n\n<p>Hay muchas formas de perder y muchas de ganar, porque aunque los tres puntos sean los mismos, hay sensaciones que suman mucho m\u00e1s all\u00e1 de una clasificaci\u00f3n&nbsp;<\/p>\n","protected":false},"excerpt":{"rendered":"<p>Comentario de opini\u00f3n de Jairo Velasco sobre la actualidad del Burgos CF. Era lo que ven\u00edamos pidiendo, necesit\u00e1bamos un Burgos con el que volver a sentirnos identificados. Un equipo cargado de energ\u00eda y casta, valiente y descarado al que no le importe el rival al que se enfrente, apabull\u00e1ndole hasta el aplastamiento con el respaldo [&hellip;]<\/p>\n","protected":false},"author":15,"featured_media":137174,"comment_status":"closed","ping_status":"closed","sticky":false,"template":"","format":"standard","meta":{"_monsterinsights_skip_tracking":false,"_monsterinsights_sitenote_active":false,"_monsterinsights_sitenote_note":"","_monsterinsights_sitenote_category":0,"footnotes":""},"categories":[4,14],"tags":[1553,29,834,13],"class_list":{"0":"post-137173","1":"post","2":"type-post","3":"status-publish","4":"format-standard","5":"has-post-thumbnail","7":"category-futbol","8":"category-opinion","9":"tag-actualidad-2","10":"tag-burgoscf","11":"tag-jairovelasco","12":"tag-opinion"},"views":364,"_links":{"self":[{"href":"https:\/\/www.burgosdeporte.com\/index.php?rest_route=\/wp\/v2\/posts\/137173","targetHints":{"allow":["GET"]}}],"collection":[{"href":"https:\/\/www.burgosdeporte.com\/index.php?rest_route=\/wp\/v2\/posts"}],"about":[{"href":"https:\/\/www.burgosdeporte.com\/index.php?rest_route=\/wp\/v2\/types\/post"}],"author":[{"embeddable":true,"href":"https:\/\/www.burgosdeporte.com\/index.php?rest_route=\/wp\/v2\/users\/15"}],"replies":[{"embeddable":true,"href":"https:\/\/www.burgosdeporte.com\/index.php?rest_route=%2Fwp%2Fv2%2Fcomments&post=137173"}],"version-history":[{"count":1,"href":"https:\/\/www.burgosdeporte.com\/index.php?rest_route=\/wp\/v2\/posts\/137173\/revisions"}],"predecessor-version":[{"id":137175,"href":"https:\/\/www.burgosdeporte.com\/index.php?rest_route=\/wp\/v2\/posts\/137173\/revisions\/137175"}],"wp:featuredmedia":[{"embeddable":true,"href":"https:\/\/www.burgosdeporte.com\/index.php?rest_route=\/wp\/v2\/media\/137174"}],"wp:attachment":[{"href":"https:\/\/www.burgosdeporte.com\/index.php?rest_route=%2Fwp%2Fv2%2Fmedia&parent=137173"}],"wp:term":[{"taxonomy":"category","embeddable":true,"href":"https:\/\/www.burgosdeporte.com\/index.php?rest_route=%2Fwp%2Fv2%2Fcategories&post=137173"},{"taxonomy":"post_tag","embeddable":true,"href":"https:\/\/www.burgosdeporte.com\/index.php?rest_route=%2Fwp%2Fv2%2Ftags&post=137173"}],"curies":[{"name":"wp","href":"https:\/\/api.w.org\/{rel}","templated":true}]}}