{"id":136400,"date":"2025-03-12T18:00:42","date_gmt":"2025-03-12T16:00:42","guid":{"rendered":"https:\/\/www.burgosdeporte.com\/?p=136400"},"modified":"2025-03-13T15:42:50","modified_gmt":"2025-03-13T13:42:50","slug":"supervivencia","status":"publish","type":"post","link":"https:\/\/www.burgosdeporte.com\/?p=136400","title":{"rendered":"Supervivencia"},"content":{"rendered":"\n<h2 class=\"wp-block-heading\">Comentario de opini\u00f3n de Jairo Velasco sobre la actualidad del Burgos CF.<\/h2>\n\n\n\n<p>A estas altura de la pel\u00edcula ya deber\u00edamos habernos dado cuenta de que no vamos a dejar de sufrir hasta que aparezcan los cr\u00e9ditos finales. Nadie lo hubiera pensado por aquel ya lejano septiembre viendo los primeros segundos del trailer, pero de aqu\u00ed hasta el final nos esperan horas y horas de radio, televisi\u00f3n y charlas entre amigos que parecen repetirse semana tras semana.<\/p>\n\n\n\n<p>\u00bfY si ganamos este fin de semana metemos a unos cuantos m\u00e1s en la pelea?, \u00bfy si perdemos volvemos a estar en el alambre?. Preguntas, casi todas intentado vaticinar un incierto futuro, que refrendan la ansiedad de los aficionados por salir de estas arenas movedizas que tienen como salida la primera RFEF y de las cuales ya parece que logramos distinguir el suelo firme.&nbsp;<\/p>\n\n\n\n<p>No podemos confundirnos, a\u00fan queda mucho por hacer y aunque el sentimiento general ha de ser de positivismo y ganas de seguir empujados por esta corriente favorable, un par de tropezones pueden hacernos revivir la angustia clasificatoria con la que ya hemos convivido unas cuantas jornadas en lo que vamos de temporada. Estamos aprendiendo que cocinarlo a fuego lento forma parte de la receta.&nbsp;<\/p>\n\n\n\n<p>Como lentos pasaron los minutos desde ese segundo veinte cuando Borja adelant\u00f3 a nuestro equipo mientras los aficionados a\u00fan se consignaban en una fecha se\u00f1alada como especial, de las que marcan el devenir de una temporada. D\u00edas de pizarra, estrategia y entrenamientos espec\u00edficos que se van al traste con un bal\u00f3n largo, una peinada y un centro, demostrando que por m\u00e1s que evolucione este deporte, lo cl\u00e1sico sigue siendo una herramienta determinante.&nbsp;<\/p>\n\n\n\n<p>La moneda cay\u00f3 a nuestro favor, por segunda vez en menos de una semana, en todas las acciones en las que la fortuna la hizo titubear. Demasiados ingredientes en un partido en el que los de Ramis resistieron con m\u00e1s coraz\u00f3n que piernas todos los golpes de un buen Albacete que mostr\u00f3 valor, fe y capacidad creativa con las que resulta dif\u00edcil comprender su situaci\u00f3n en la tabla.&nbsp;<\/p>\n\n\n\n<p>Resiliencia de un equipo blanquinegro te\u00f3ricamente construido para otras aspiraciones pero en el que se han dejado el orgullo, la jerarqu\u00eda y las pretensiones a un lado para ser conscientes de que el trabajo grupal es el \u00fanico camino que nos pod\u00eda hacer sacar un pie de esa decimoctava posici\u00f3n que tanto bloqueo mental ha provocado y a partir de ah\u00ed ir dando peque\u00f1os pasitos hacia la tranquilidad.&nbsp;<\/p>\n\n\n\n<p>Cuatro victorias en los seis \u00faltimos partidos, mejores n\u00fameros que sensaciones que nos provocan una sensaci\u00f3n contradictoria pero que no nos quitan la sonrisa en una semana con la mirada ya puesta en Cartagena. Innegable pensar que no puede haber mejor rival para completar una semana maravillosa, pero ya hemos visto en demasiadas ocasiones como la l\u00f3gica no tiene lugar en esta segunda divisi\u00f3n.&nbsp;<\/p>\n\n\n\n<p>Nos volver\u00e1 tocar sufrir, apretar los dientes y agarrarnos al asiento en un encuentro que para nada va a ser f\u00e1cil. Tenemos ganas de disfrutar, de alejar los pensamientos negativos que han rondado al club en los \u00faltimos meses y de que la primavera tambi\u00e9n traiga el sol a un temporada llena de nubes.&nbsp;<\/p>\n\n\n\n<p>Sobrevivir es adaptarse al cambio, y de eso sabemos bastante en el Burgos Club de F\u00fatbol.<\/p>\n","protected":false},"excerpt":{"rendered":"<p>Comentario de opini\u00f3n de Jairo Velasco sobre la actualidad del Burgos CF. A estas altura de la pel\u00edcula ya deber\u00edamos habernos dado cuenta de que no vamos a dejar de sufrir hasta que aparezcan los cr\u00e9ditos finales. Nadie lo hubiera pensado por aquel ya lejano septiembre viendo los primeros segundos del trailer, pero de aqu\u00ed [&hellip;]<\/p>\n","protected":false},"author":15,"featured_media":136402,"comment_status":"closed","ping_status":"closed","sticky":false,"template":"","format":"standard","meta":{"_monsterinsights_skip_tracking":false,"_monsterinsights_sitenote_active":false,"_monsterinsights_sitenote_note":"","_monsterinsights_sitenote_category":0,"footnotes":""},"categories":[4,14],"tags":[1553,29,834,13],"class_list":{"0":"post-136400","1":"post","2":"type-post","3":"status-publish","4":"format-standard","5":"has-post-thumbnail","7":"category-futbol","8":"category-opinion","9":"tag-actualidad-2","10":"tag-burgoscf","11":"tag-jairovelasco","12":"tag-opinion"},"views":276,"_links":{"self":[{"href":"https:\/\/www.burgosdeporte.com\/index.php?rest_route=\/wp\/v2\/posts\/136400","targetHints":{"allow":["GET"]}}],"collection":[{"href":"https:\/\/www.burgosdeporte.com\/index.php?rest_route=\/wp\/v2\/posts"}],"about":[{"href":"https:\/\/www.burgosdeporte.com\/index.php?rest_route=\/wp\/v2\/types\/post"}],"author":[{"embeddable":true,"href":"https:\/\/www.burgosdeporte.com\/index.php?rest_route=\/wp\/v2\/users\/15"}],"replies":[{"embeddable":true,"href":"https:\/\/www.burgosdeporte.com\/index.php?rest_route=%2Fwp%2Fv2%2Fcomments&post=136400"}],"version-history":[{"count":1,"href":"https:\/\/www.burgosdeporte.com\/index.php?rest_route=\/wp\/v2\/posts\/136400\/revisions"}],"predecessor-version":[{"id":136403,"href":"https:\/\/www.burgosdeporte.com\/index.php?rest_route=\/wp\/v2\/posts\/136400\/revisions\/136403"}],"wp:featuredmedia":[{"embeddable":true,"href":"https:\/\/www.burgosdeporte.com\/index.php?rest_route=\/wp\/v2\/media\/136402"}],"wp:attachment":[{"href":"https:\/\/www.burgosdeporte.com\/index.php?rest_route=%2Fwp%2Fv2%2Fmedia&parent=136400"}],"wp:term":[{"taxonomy":"category","embeddable":true,"href":"https:\/\/www.burgosdeporte.com\/index.php?rest_route=%2Fwp%2Fv2%2Fcategories&post=136400"},{"taxonomy":"post_tag","embeddable":true,"href":"https:\/\/www.burgosdeporte.com\/index.php?rest_route=%2Fwp%2Fv2%2Ftags&post=136400"}],"curies":[{"name":"wp","href":"https:\/\/api.w.org\/{rel}","templated":true}]}}