{"id":136010,"date":"2025-03-06T16:52:06","date_gmt":"2025-03-06T14:52:06","guid":{"rendered":"https:\/\/www.burgosdeporte.com\/?p=136010"},"modified":"2025-03-07T15:08:14","modified_gmt":"2025-03-07T13:08:14","slug":"poco-futbol-mucha-vida","status":"publish","type":"post","link":"https:\/\/www.burgosdeporte.com\/?p=136010","title":{"rendered":"Poco f\u00fatbol, mucha vida"},"content":{"rendered":"\n<h2 class=\"wp-block-heading\">Comentario de opini\u00f3n de Jairo Velasco sobre la actualidad del Burgos CF.<\/h2>\n\n\n\n<p>Se me antoja complicado hacer un comentario puramente futbol\u00edstico en un d\u00eda como hoy. Escasos d\u00edas que han separado los partidos de Castell\u00f3n y Ferrol en los que se ha hablado bastante poco del bal\u00f3n y mucho de c\u00e1balas, conjeturas y elucubraciones. Mucho sentimiento en un encuentro marcado por la tensi\u00f3n clasificatoria, momento m\u00e1s que&nbsp; vital entre la ya de por s\u00ed trascendental situaci\u00f3n de nuestro equipo.<\/p>\n\n\n\n<p>No hab\u00eda lugar a otro desarrollo. Lucha, brega y continuos duelos entre dos conjuntos que combatir\u00edan por tener un aliento m\u00e1s o terminar de hundirse en el fango de la Segunda Divisi\u00f3n. Rotaciones de hombres importantes, desde mi punto de vista dif\u00edciles de entender, que sorprendieron a propios y a extra\u00f1os y que dibujaban una pugna larga, de sacrificio y en la que el cansancio f\u00edsico y emocional podr\u00eda ser el factor desequilibrante.<\/p>\n\n\n\n<p>No nos equivoc\u00e1bamos en las predicciones y el partido transcurri\u00f3 con los patrones establecidos; Innumerables imprecisiones y p\u00e9rdidas propias de quien se siente agarrotado por la situaci\u00f3n, en la que el miedo a perder es mucho mayor a la necesidad de sentirse el h\u00e9roe por un d\u00eda y desatascar un escenario que parece enquistarse a\u00fan m\u00e1s con cada pase errado, cada bal\u00f3n al aire y con cada control largo.&nbsp;<\/p>\n\n\n\n<p>El rio bajaba revuelto, pero esta vez la moneda nos sali\u00f3 cara. Fortuna impulsada por la colaboraci\u00f3n de un equipo arbitral que irrebatiblemente nos ayud\u00f3 en las dos acciones pol\u00e9micas del choque. Dos interpretaciones muy diferentes para dos jugadas pr\u00e1cticamente calcadas que provocan un enfado generalizado muy entendible entre todos los aficionados al f\u00fatbol que no consiguen comprender la normativa del deporte que tanto aman.&nbsp;<\/p>\n\n\n\n<p>Un h\u00e9roe inesperado que dio un paso adelante cuando la mayor\u00eda de sus compa\u00f1eros no quer\u00edan ni que les mirasen. Amor por un escudo y un club del que sali\u00f3 en busca de oportunidades de mayor calibre, pero al que no dud\u00f3 en volver como su primera opci\u00f3n y en el que aguarda una oportunidad, demostrando con ese lanzamiento desde los once metros que tiene un car\u00e1cter suficientemente grande como para sacar pecho en los momentos m\u00e1s complicados.<\/p>\n\n\n\n<p>Bal\u00f3n de ox\u00edgeno muy sufrido que permite quitarnos la losa de esa posici\u00f3n en la que las punteras de tus pies ya est\u00e1n fuera del precipicio y dejando en ese dif\u00edcil equilibrio a un hist\u00f3rico que puede manejar con menos paciencia tan dura circunstancia, adem\u00e1s enfrent\u00e1ndose a su inmediato perseguidor que estar\u00e1 ansioso por probar una sangre que ya puede oler.&nbsp;<\/p>\n\n\n\n<p>Jornada de duelos directos en la que competiremos a sabiendas del golpe que podemos dar con nuestra victoria. Tres puntos en juego que no nos har\u00e1n pasar de la nada al todo, pero que pueden cambiar significativamente la visi\u00f3n de una temporada en la que el trabajo de todos los componentes del Burgos se ha visto apremiada por unos resultados que nunca han llegado.&nbsp;<\/p>\n\n\n\n<p>Ahora, a cada victoria hay que sumarle un premio m\u00e1s, el de empujar a los de tu alrededor un poco m\u00e1s abajo. Un juego de pura supervivencia en el que tres plazas ya parecen dadas, pero en el que vamos a tener que remar mucho a\u00fan para no encallar antes de llegar a la orilla.&nbsp;<\/p>\n","protected":false},"excerpt":{"rendered":"<p>Comentario de opini\u00f3n de Jairo Velasco sobre la actualidad del Burgos CF. Se me antoja complicado hacer un comentario puramente futbol\u00edstico en un d\u00eda como hoy. Escasos d\u00edas que han separado los partidos de Castell\u00f3n y Ferrol en los que se ha hablado bastante poco del bal\u00f3n y mucho de c\u00e1balas, conjeturas y elucubraciones. Mucho [&hellip;]<\/p>\n","protected":false},"author":15,"featured_media":136011,"comment_status":"closed","ping_status":"closed","sticky":false,"template":"","format":"standard","meta":{"_monsterinsights_skip_tracking":false,"_monsterinsights_sitenote_active":false,"_monsterinsights_sitenote_note":"","_monsterinsights_sitenote_category":0,"footnotes":""},"categories":[4,14],"tags":[1553,29,834,13],"class_list":{"0":"post-136010","1":"post","2":"type-post","3":"status-publish","4":"format-standard","5":"has-post-thumbnail","7":"category-futbol","8":"category-opinion","9":"tag-actualidad-2","10":"tag-burgoscf","11":"tag-jairovelasco","12":"tag-opinion"},"views":321,"_links":{"self":[{"href":"https:\/\/www.burgosdeporte.com\/index.php?rest_route=\/wp\/v2\/posts\/136010","targetHints":{"allow":["GET"]}}],"collection":[{"href":"https:\/\/www.burgosdeporte.com\/index.php?rest_route=\/wp\/v2\/posts"}],"about":[{"href":"https:\/\/www.burgosdeporte.com\/index.php?rest_route=\/wp\/v2\/types\/post"}],"author":[{"embeddable":true,"href":"https:\/\/www.burgosdeporte.com\/index.php?rest_route=\/wp\/v2\/users\/15"}],"replies":[{"embeddable":true,"href":"https:\/\/www.burgosdeporte.com\/index.php?rest_route=%2Fwp%2Fv2%2Fcomments&post=136010"}],"version-history":[{"count":1,"href":"https:\/\/www.burgosdeporte.com\/index.php?rest_route=\/wp\/v2\/posts\/136010\/revisions"}],"predecessor-version":[{"id":136013,"href":"https:\/\/www.burgosdeporte.com\/index.php?rest_route=\/wp\/v2\/posts\/136010\/revisions\/136013"}],"wp:featuredmedia":[{"embeddable":true,"href":"https:\/\/www.burgosdeporte.com\/index.php?rest_route=\/wp\/v2\/media\/136011"}],"wp:attachment":[{"href":"https:\/\/www.burgosdeporte.com\/index.php?rest_route=%2Fwp%2Fv2%2Fmedia&parent=136010"}],"wp:term":[{"taxonomy":"category","embeddable":true,"href":"https:\/\/www.burgosdeporte.com\/index.php?rest_route=%2Fwp%2Fv2%2Fcategories&post=136010"},{"taxonomy":"post_tag","embeddable":true,"href":"https:\/\/www.burgosdeporte.com\/index.php?rest_route=%2Fwp%2Fv2%2Ftags&post=136010"}],"curies":[{"name":"wp","href":"https:\/\/api.w.org\/{rel}","templated":true}]}}