{"id":135978,"date":"2025-03-05T23:18:35","date_gmt":"2025-03-05T21:18:35","guid":{"rendered":"https:\/\/www.burgosdeporte.com\/?p=135978"},"modified":"2025-03-07T00:24:49","modified_gmt":"2025-03-06T22:24:49","slug":"0-1-mision-cumplida-en-ferrol","status":"publish","type":"post","link":"https:\/\/www.burgosdeporte.com\/?p=135978","title":{"rendered":"0-1 Misi\u00f3n cumplida en Ferrol"},"content":{"rendered":"\n<h2 class=\"wp-block-heading\">Victoria del Burgos CF en un partido vital por la permanencia, que se sald\u00f3 con un tanto de penalti David Gonz\u00e1lez al filo del descanso. Elady se march\u00f3 lesionado tras un mal apoyo a los siete minutos.<\/h2>\n\n\n\n<p class=\"has-text-align-right\"><em>Foto: Liga Hypermotion<\/em><\/p>\n\n\n\n<p>Triunfo bals\u00e1mico del Burgos CF en su encuentro aplazado ante el Racing Ferrol, en un partido donde lo mejor fueron los tres puntos, porque la imagen del equipo fue muy pobre y alejada del nivel necesario para la categor\u00eda. Fue un partido muy feo, tosco, con repetidas pausas y en el que el conjunto burgal\u00e9s estuvo muy nervioso, cometiendo imprecisiones impropias que pudieron ocasionar m\u00e1s de un disgusto. La jugada que cambi\u00f3 el partido lleg\u00f3 a los 43 minutos tras una mano de David Castro que el \u00e1rbitro castig\u00f3 con penalti. Dani Ojeda fall\u00f3 su lanzamiento pero hubo que repetirlo por invasi\u00f3n de \u00e1rea de Nando, y a la segunda David Gonz\u00e1lez anotaba el tanto que significar\u00eda la victoria. En la segunda parte, los de Ramis tiraron de oficio y pese al mal juego, se supo aguantar un resultado que es important\u00edsimo para alejarse de los puestos de descenso.<\/p>\n\n\n\n<figure class=\"wp-block-image size-full\"><img loading=\"lazy\" decoding=\"async\" width=\"900\" height=\"531\" src=\"https:\/\/www.burgosdeporte.com\/wp-content\/uploads\/2025\/03\/b2e004bf5a9e90506128f6522295c09a.jpeg\" alt=\"\" class=\"wp-image-135983\" srcset=\"https:\/\/www.burgosdeporte.com\/wp-content\/uploads\/2025\/03\/b2e004bf5a9e90506128f6522295c09a.jpeg 900w, https:\/\/www.burgosdeporte.com\/wp-content\/uploads\/2025\/03\/b2e004bf5a9e90506128f6522295c09a-300x177.jpeg 300w, https:\/\/www.burgosdeporte.com\/wp-content\/uploads\/2025\/03\/b2e004bf5a9e90506128f6522295c09a-768x453.jpeg 768w, https:\/\/www.burgosdeporte.com\/wp-content\/uploads\/2025\/03\/b2e004bf5a9e90506128f6522295c09a-150x89.jpeg 150w, https:\/\/www.burgosdeporte.com\/wp-content\/uploads\/2025\/03\/b2e004bf5a9e90506128f6522295c09a-696x411.jpeg 696w\" sizes=\"auto, (max-width: 900px) 100vw, 900px\" \/><figcaption class=\"wp-element-caption\"><em>Foto: Liga Hypermotion<\/em><\/figcaption><\/figure>\n\n\n\n<p>El Burgos comenz\u00f3 el partido con sensaci\u00f3n de nervios\u00edsimo, intenso en defensa pero con dudas y muchas imprecisiones en ataque. Pronto llegaron las malas noticias cuando a los 7 minutos, Elady sufri\u00f3 una mala ca\u00edda en una disputa, que le oblig\u00f3 a salir del terreno de juego con una cojera importante.<\/p>\n\n\n\n<figure class=\"wp-block-image size-full\"><img loading=\"lazy\" decoding=\"async\" width=\"900\" height=\"933\" src=\"https:\/\/www.burgosdeporte.com\/wp-content\/uploads\/2025\/03\/c8f34a1e404c3df13fb3a2a0e843d3fc.jpeg\" alt=\"\" class=\"wp-image-135985\" srcset=\"https:\/\/www.burgosdeporte.com\/wp-content\/uploads\/2025\/03\/c8f34a1e404c3df13fb3a2a0e843d3fc.jpeg 900w, https:\/\/www.burgosdeporte.com\/wp-content\/uploads\/2025\/03\/c8f34a1e404c3df13fb3a2a0e843d3fc-289x300.jpeg 289w, https:\/\/www.burgosdeporte.com\/wp-content\/uploads\/2025\/03\/c8f34a1e404c3df13fb3a2a0e843d3fc-768x796.jpeg 768w, https:\/\/www.burgosdeporte.com\/wp-content\/uploads\/2025\/03\/c8f34a1e404c3df13fb3a2a0e843d3fc-150x156.jpeg 150w, https:\/\/www.burgosdeporte.com\/wp-content\/uploads\/2025\/03\/c8f34a1e404c3df13fb3a2a0e843d3fc-300x311.jpeg 300w, https:\/\/www.burgosdeporte.com\/wp-content\/uploads\/2025\/03\/c8f34a1e404c3df13fb3a2a0e843d3fc-696x722.jpeg 696w\" sizes=\"auto, (max-width: 900px) 100vw, 900px\" \/><figcaption class=\"wp-element-caption\"><em>Foto: Liga Hypermotion<\/em><\/figcaption><\/figure>\n\n\n\n<p>Con el paso de los minutos, las ocasiones no llegaban. El equipo burgal\u00e9s no asustaba a su rival y el cuadro gallego parec\u00eda tener las ideas m\u00e1s claras, m\u00e1s contundente y jugando m\u00e1s velocidad. Jauregui tuvo el primer acercamiento peligroso tras recibir un centro raso dentro del \u00e1rea al que no lleg\u00f3 por poco. &nbsp;<\/p>\n\n\n\n<p>Fue un partido feo, con muchos parones, faltas y pocas llegadas. Edu Espiau y Dani Ojeda probaron suerte desde el borde del \u00e1rea, pero ninguno delo disparos cogieron porter\u00eda. El equipo no funcionaba como colectivo, cada jugador tomaba la guerra por su lado y no hab\u00eda comunicaci\u00f3n por ninguna de las fases.<\/p>\n\n\n\n<figure class=\"wp-block-image size-full\"><img loading=\"lazy\" decoding=\"async\" width=\"900\" height=\"559\" src=\"https:\/\/www.burgosdeporte.com\/wp-content\/uploads\/2025\/03\/72b7b52cf45eccf34be504d289e2051a.jpeg\" alt=\"\" class=\"wp-image-135984\" srcset=\"https:\/\/www.burgosdeporte.com\/wp-content\/uploads\/2025\/03\/72b7b52cf45eccf34be504d289e2051a.jpeg 900w, https:\/\/www.burgosdeporte.com\/wp-content\/uploads\/2025\/03\/72b7b52cf45eccf34be504d289e2051a-300x186.jpeg 300w, https:\/\/www.burgosdeporte.com\/wp-content\/uploads\/2025\/03\/72b7b52cf45eccf34be504d289e2051a-768x477.jpeg 768w, https:\/\/www.burgosdeporte.com\/wp-content\/uploads\/2025\/03\/72b7b52cf45eccf34be504d289e2051a-150x93.jpeg 150w, https:\/\/www.burgosdeporte.com\/wp-content\/uploads\/2025\/03\/72b7b52cf45eccf34be504d289e2051a-696x432.jpeg 696w\" sizes=\"auto, (max-width: 900px) 100vw, 900px\" \/><figcaption class=\"wp-element-caption\"><em>Foto: Liga Hypermotion<\/em><\/figcaption><\/figure>\n\n\n\n<p>La jugada que lo cambi\u00f3 todo lleg\u00f3 al filo del descanso, cuando Edu Espiau bajaba el bal\u00f3n dentro del \u00e1rea e impactaba en el brazo de David Castro. El colegiado, tras revisi\u00f3n del VAR, se\u00f1al\u00f3 el punto de penalti a favor del Burgos. Dani Ojeda fue el encargado de lanzar un penalti que ataj\u00f3 Yoel pero que hubo que repetir tras la invasi\u00f3n de \u00e1rea del defensa Nando en el momento del disparo.<\/p>\n\n\n\n<figure class=\"wp-block-image size-full\"><img loading=\"lazy\" decoding=\"async\" width=\"900\" height=\"575\" src=\"https:\/\/www.burgosdeporte.com\/wp-content\/uploads\/2025\/03\/9102e00af1e1e0902badc71e90f547a6.jpeg\" alt=\"\" class=\"wp-image-135986\" srcset=\"https:\/\/www.burgosdeporte.com\/wp-content\/uploads\/2025\/03\/9102e00af1e1e0902badc71e90f547a6.jpeg 900w, https:\/\/www.burgosdeporte.com\/wp-content\/uploads\/2025\/03\/9102e00af1e1e0902badc71e90f547a6-300x192.jpeg 300w, https:\/\/www.burgosdeporte.com\/wp-content\/uploads\/2025\/03\/9102e00af1e1e0902badc71e90f547a6-768x491.jpeg 768w, https:\/\/www.burgosdeporte.com\/wp-content\/uploads\/2025\/03\/9102e00af1e1e0902badc71e90f547a6-150x96.jpeg 150w, https:\/\/www.burgosdeporte.com\/wp-content\/uploads\/2025\/03\/9102e00af1e1e0902badc71e90f547a6-696x445.jpeg 696w\" sizes=\"auto, (max-width: 900px) 100vw, 900px\" \/><figcaption class=\"wp-element-caption\"><em>Foto: Liga Hypermotion<\/em><\/figcaption><\/figure>\n\n\n\n<p>A la segunda fue la vencida y el joven burgal\u00e9s David Gonz\u00e1lez anot\u00f3 con sangre fr\u00eda desde los once metros para poner por delante al cuadro burgal\u00e9s y llegar al descanso con una ventaja que se podr\u00eda catalogar de inmerecida si tenemos en cuenta la imagen ofrecida del equipo de Ramis. Lo mejor de la primera mitad: el resultado.<\/p>\n\n\n\n<p>En la segunda parte, el Racing Ferrol sali\u00f3 mucho m\u00e1s activo, ante un Burgos CF poco agresivo que achicaba agua con muchos riesgos. Florian estuvo a punto de provocar un penalti tras un disparo de Dorrio que golpe\u00f3 en el brazo del jugador burgalesista, pero el colegiado decret\u00f3 la acci\u00f3n como involuntaria.<\/p>\n\n\n\n<figure class=\"wp-block-image size-full\"><img loading=\"lazy\" decoding=\"async\" width=\"900\" height=\"574\" src=\"https:\/\/www.burgosdeporte.com\/wp-content\/uploads\/2025\/03\/02b7515d5303115d363acb6951024929.jpeg\" alt=\"\" class=\"wp-image-135982\" srcset=\"https:\/\/www.burgosdeporte.com\/wp-content\/uploads\/2025\/03\/02b7515d5303115d363acb6951024929.jpeg 900w, https:\/\/www.burgosdeporte.com\/wp-content\/uploads\/2025\/03\/02b7515d5303115d363acb6951024929-300x191.jpeg 300w, https:\/\/www.burgosdeporte.com\/wp-content\/uploads\/2025\/03\/02b7515d5303115d363acb6951024929-768x490.jpeg 768w, https:\/\/www.burgosdeporte.com\/wp-content\/uploads\/2025\/03\/02b7515d5303115d363acb6951024929-150x96.jpeg 150w, https:\/\/www.burgosdeporte.com\/wp-content\/uploads\/2025\/03\/02b7515d5303115d363acb6951024929-696x444.jpeg 696w\" sizes=\"auto, (max-width: 900px) 100vw, 900px\" \/><figcaption class=\"wp-element-caption\"><em>Foto: Liga Hypermotion<\/em><\/figcaption><\/figure>\n\n\n\n<p>Poco a poco, el Burgos CF se fue sacudiendo la presi\u00f3n y dispuso de alg\u00fan aislado acercamiento de David Gonz\u00e1lez y Curro, que culminaron con disparos de poca intenci\u00f3n.<\/p>\n\n\n\n<p>Conforme avanzaban los minutos, el equipo castellano parec\u00eda m\u00e1s y m\u00e1s fr\u00e1gil, con muchas dudas con bal\u00f3n y cediendo multitud de centros cruzados que en su mayor\u00eda atrapaba Cantero, a veces con cierto suspense.<\/p>\n\n\n\n<figure class=\"wp-block-image size-full\"><img loading=\"lazy\" decoding=\"async\" width=\"900\" height=\"396\" src=\"https:\/\/www.burgosdeporte.com\/wp-content\/uploads\/2025\/03\/283aa26ae4c4c8b7ffad94ff7c2de3fb.jpeg\" alt=\"\" class=\"wp-image-135988\" srcset=\"https:\/\/www.burgosdeporte.com\/wp-content\/uploads\/2025\/03\/283aa26ae4c4c8b7ffad94ff7c2de3fb.jpeg 900w, https:\/\/www.burgosdeporte.com\/wp-content\/uploads\/2025\/03\/283aa26ae4c4c8b7ffad94ff7c2de3fb-300x132.jpeg 300w, https:\/\/www.burgosdeporte.com\/wp-content\/uploads\/2025\/03\/283aa26ae4c4c8b7ffad94ff7c2de3fb-768x338.jpeg 768w, https:\/\/www.burgosdeporte.com\/wp-content\/uploads\/2025\/03\/283aa26ae4c4c8b7ffad94ff7c2de3fb-150x66.jpeg 150w, https:\/\/www.burgosdeporte.com\/wp-content\/uploads\/2025\/03\/283aa26ae4c4c8b7ffad94ff7c2de3fb-696x306.jpeg 696w\" sizes=\"auto, (max-width: 900px) 100vw, 900px\" \/><\/figure>\n\n\n\n<p>Los \u00faltimos minutos fueron de mucha tensi\u00f3n, con un Burgos totalmente replegado atr\u00e1s y un Racing de Ferrol que ocasion\u00f3 centros al \u00e1rea y acciones a bal\u00f3n parado que pudieron costar muy caro. El equipo burgal\u00e9s jug\u00f3 con fuego pero lo importante es que, pese a dar una muy mala imagen sobre el c\u00e9sped, supo sacar el partido adelante y sumar tres puntos valios\u00edsimos para seguir a 5 puntos del descenso que marca el Eldense. <\/p>\n\n\n\n<p>El pr\u00f3ximo encuentro del equipo de Ramis ser\u00e1 el lunes 10 de marzo a las 20:30 h en El Plant\u00edo ante otro rival directo, el Albacete BP.<\/p>\n\n\n\n<p><strong>FICHA T\u00c9CNICA:<\/strong><\/p>\n\n\n\n<p><strong>0-Racing de Ferrol:<\/strong> Yoel Rodr\u00edguez; Aitor Bu\u00f1uel, Naldo, David Castro, Emanuel Ins\u00faa (Brais Mart\u00ednez en el 63); \u00c1lvaro Sanz, Josep Se\u00f1\u00e9 (Luis Perea en el 70), Josu\u00e9 Dorr\u00edo (\u00c1lvaro Gim\u00e9nez en el 77), Ra\u00fal Blanco (Naim Garc\u00eda en el 63); Heber Pena y Eneko Jauregi (Chiki en el 77).<\/p>\n\n\n\n<p><strong>1-Burgos CF<\/strong>: Ander Cantero; Arroyo, Aitor C\u00f3rdoba, Grego Sierra, Florian Miguel; Atienza, Marcelo; Dani Ojeda (Sancris en el 45), Elady (David Gonz\u00e1lez en el 14, Pipa en el 74), I\u00f1igo C\u00f3rdoba (Curro S\u00e1nchez en el 45); Edu Espiau (Fer Ni\u00f1o en el 55).<\/p>\n\n\n\n<p><strong>Gol<\/strong>: 0-1, David Gonz\u00e1lez (penalti). minuto 49.<\/p>\n\n\n\n<p><strong>\u00c1rbitro<\/strong>: D\u00e1maso Arcediano Monescillo (Castilla-La Mancha), que amonest\u00f3 al local Josep Se\u00f1\u00e9 en el minuto 68 y al visitante Florian Miguel en el 74.<\/p>\n\n\n\n<p><strong>Incidencias<\/strong>: A Malata, 4.484 espectadores.<\/p>\n\n\n\n<p><a id=\"_msocom_1\"><\/a><\/p>\n","protected":false},"excerpt":{"rendered":"<p>Victoria del Burgos CF en un partido vital por la permanencia, que se sald\u00f3 con un tanto de penalti David Gonz\u00e1lez al filo del descanso. Elady se march\u00f3 lesionado tras un mal apoyo a los siete minutos. Foto: Liga Hypermotion Triunfo bals\u00e1mico del Burgos CF en su encuentro aplazado ante el Racing Ferrol, en un [&hellip;]<\/p>\n","protected":false},"author":17,"featured_media":135979,"comment_status":"closed","ping_status":"closed","sticky":false,"template":"","format":"standard","meta":{"_monsterinsights_skip_tracking":false,"_monsterinsights_sitenote_active":false,"_monsterinsights_sitenote_note":"","_monsterinsights_sitenote_category":0,"footnotes":""},"categories":[4],"tags":[1553,29,32],"class_list":{"0":"post-135978","1":"post","2":"type-post","3":"status-publish","4":"format-standard","5":"has-post-thumbnail","7":"category-futbol","8":"tag-actualidad-2","9":"tag-burgoscf","10":"tag-futbol"},"views":300,"_links":{"self":[{"href":"https:\/\/www.burgosdeporte.com\/index.php?rest_route=\/wp\/v2\/posts\/135978","targetHints":{"allow":["GET"]}}],"collection":[{"href":"https:\/\/www.burgosdeporte.com\/index.php?rest_route=\/wp\/v2\/posts"}],"about":[{"href":"https:\/\/www.burgosdeporte.com\/index.php?rest_route=\/wp\/v2\/types\/post"}],"author":[{"embeddable":true,"href":"https:\/\/www.burgosdeporte.com\/index.php?rest_route=\/wp\/v2\/users\/17"}],"replies":[{"embeddable":true,"href":"https:\/\/www.burgosdeporte.com\/index.php?rest_route=%2Fwp%2Fv2%2Fcomments&post=135978"}],"version-history":[{"count":8,"href":"https:\/\/www.burgosdeporte.com\/index.php?rest_route=\/wp\/v2\/posts\/135978\/revisions"}],"predecessor-version":[{"id":135995,"href":"https:\/\/www.burgosdeporte.com\/index.php?rest_route=\/wp\/v2\/posts\/135978\/revisions\/135995"}],"wp:featuredmedia":[{"embeddable":true,"href":"https:\/\/www.burgosdeporte.com\/index.php?rest_route=\/wp\/v2\/media\/135979"}],"wp:attachment":[{"href":"https:\/\/www.burgosdeporte.com\/index.php?rest_route=%2Fwp%2Fv2%2Fmedia&parent=135978"}],"wp:term":[{"taxonomy":"category","embeddable":true,"href":"https:\/\/www.burgosdeporte.com\/index.php?rest_route=%2Fwp%2Fv2%2Fcategories&post=135978"},{"taxonomy":"post_tag","embeddable":true,"href":"https:\/\/www.burgosdeporte.com\/index.php?rest_route=%2Fwp%2Fv2%2Ftags&post=135978"}],"curies":[{"name":"wp","href":"https:\/\/api.w.org\/{rel}","templated":true}]}}