{"id":135837,"date":"2025-03-03T12:56:58","date_gmt":"2025-03-03T10:56:58","guid":{"rendered":"https:\/\/www.burgosdeporte.com\/?p=135837"},"modified":"2025-03-04T00:51:24","modified_gmt":"2025-03-03T22:51:24","slug":"por-demeritos-propios","status":"publish","type":"post","link":"https:\/\/www.burgosdeporte.com\/?p=135837","title":{"rendered":"Por dem\u00e9ritos propios"},"content":{"rendered":"\n<h2 class=\"wp-block-heading\">Comentario de opini\u00f3n de Jairo Velasco sobre la actualidad del Burgos CF.<\/h2>\n\n\n\n<p>Sangre congelada. No encuentro otra definici\u00f3n para explicar la sensaci\u00f3n que recorr\u00ed\u00f3 el cuerpo de cualquier burgalesista durante esa eterna hora en la que nuestro Burgos fue equipo de descenso de categor\u00eda mientras la victoria del Eldense luc\u00eda en el luminoso del Pepico Amat y de la que solo un milagro en el tiempo de descuento nos pudo salvar.&nbsp;<\/p>\n\n\n\n<p>Creo que comprend\u00ed, como tambi\u00e9n ocurrir\u00eda a muchos blanquinegros, la diferencia entre verse al borde del abismo y caer en \u00e9l. Una fuerte bofetada de realidad, que en la soberbia del ser humano nunca crees que va a llegar y, en la que mil aciagos recuerdos envuelven un pensamiento en el que hay que poner mucho esfuerzo para rescatar alguna sensaci\u00f3n positiva que disuelva ese desaz\u00f3n.&nbsp;<\/p>\n\n\n\n<p>Consecuencia de un nuevo partido para olvidar. Otra jornada en la que todo lo que pudo salir mal, sali\u00f3 mal y tras la que tenemos que frotarnos los ojos una y otra vez para asegurarnos de que esta pesadilla es real. Una nueva sacudida a la que ya deber\u00edamos estar acostumbrados, porque si hace quince d\u00edas parec\u00edamos dar un pasito hacia delante, ya llevamos dos consecutivos hacia detr\u00e1s.&nbsp;<\/p>\n\n\n\n<p>Y si una derrota contra uno de tus rivales directos a salvar el pellejo duele gravemente, a\u00fan duele m\u00e1s si vuelves a caer por los mismos errores de la primera vuelta. Se repiteron punto por punto los debes de aquel 0-2 en El Plant\u00edo. Un Castell\u00f3n que hizo del desorden su principal arma, en la que los de Ramis se vieron irremediablemente envueltos hasta parecer c\u00f3modos en alg\u00fan momento, pero simplemente estaban cayendo en la red de un equipo cuya estrategia se basa en el desconcierto.&nbsp;<\/p>\n\n\n\n<p>No podemos negar la lucha de los nuestros, que demostraron tanta voluntad como desatino e imprecisi\u00f3n, siendo incapaces de aprovechar las incomprensibles facilidades defensivas que los orelluts se empe\u00f1aban en regalarnos. Desde el punto de vista del espectador se antoja complicado comprender como jugadores profesionales desempe\u00f1an su labor sumando tantos desaciertos, asimil\u00e1ndose por momentos al f\u00fatbol m\u00e1s popular.&nbsp;<\/p>\n\n\n\n<p>Bloqueo mental que se somatiza a lo f\u00edsico agarrotando los m\u00fasculos y convirtiendo la calidad en dudas, nervios e indecisi\u00f3n. La frescura de cabeza que parec\u00edan habernos dado las incorporaciones invernales se difumina hasta tal punto de no ver a ninguno de ellos en el once inicial, situaci\u00f3n que deber\u00eda ser explicada conociendo el desempe\u00f1o de los que nos han tra\u00eddo hasta este escenario, y de los que parece que el m\u00edster a\u00fan espera de ellos un rendimiento que sigue sin llegar.<\/p>\n\n\n\n<p>El primer match ball de este minitorneo de marzo en el que nuestro futuro en la competici\u00f3n se va a decidir, se ha perdido, y tras vernos con un pie cubierto por el barro de la Primera RFEF es, m\u00e1s que nunca, el momento de las responsabilidades.&nbsp;<\/p>\n\n\n\n<p>Responsabilidad para los que est\u00e1n en el verde, demostrando m\u00e1s garra, uni\u00f3n y orgullo que nunca para sacar esta situaci\u00f3n adelante. Responsabilidad para los de las oficinas, asumiendo el mal momento en el que se encuentra el equipo, dejando de blanquear la situaci\u00f3n como algo pasajero, porque solo siendo conscientes de la realidad se puede dar la vuelta. Y responsabilidad para los de la grada, a orillas del Arlanz\u00f3n y lejos de sus m\u00e1rgenes, porque nuestro aliento ser\u00e1 esencial en lo que nos viene.\u00a0<\/p>\n\n\n\n<p>En las buenas, pero sobre todo en las malas, el Burgos Club de F\u00fatbol es toda mi vida.&nbsp;<\/p>\n","protected":false},"excerpt":{"rendered":"<p>Comentario de opini\u00f3n de Jairo Velasco sobre la actualidad del Burgos CF. Sangre congelada. No encuentro otra definici\u00f3n para explicar la sensaci\u00f3n que recorr\u00ed\u00f3 el cuerpo de cualquier burgalesista durante esa eterna hora en la que nuestro Burgos fue equipo de descenso de categor\u00eda mientras la victoria del Eldense luc\u00eda en el luminoso del Pepico [&hellip;]<\/p>\n","protected":false},"author":15,"featured_media":135838,"comment_status":"closed","ping_status":"closed","sticky":false,"template":"","format":"standard","meta":{"_monsterinsights_skip_tracking":false,"_monsterinsights_sitenote_active":false,"_monsterinsights_sitenote_note":"","_monsterinsights_sitenote_category":0,"footnotes":""},"categories":[4,14],"tags":[1553,29,834,13],"class_list":{"0":"post-135837","1":"post","2":"type-post","3":"status-publish","4":"format-standard","5":"has-post-thumbnail","7":"category-futbol","8":"category-opinion","9":"tag-actualidad-2","10":"tag-burgoscf","11":"tag-jairovelasco","12":"tag-opinion"},"views":367,"_links":{"self":[{"href":"https:\/\/www.burgosdeporte.com\/index.php?rest_route=\/wp\/v2\/posts\/135837","targetHints":{"allow":["GET"]}}],"collection":[{"href":"https:\/\/www.burgosdeporte.com\/index.php?rest_route=\/wp\/v2\/posts"}],"about":[{"href":"https:\/\/www.burgosdeporte.com\/index.php?rest_route=\/wp\/v2\/types\/post"}],"author":[{"embeddable":true,"href":"https:\/\/www.burgosdeporte.com\/index.php?rest_route=\/wp\/v2\/users\/15"}],"replies":[{"embeddable":true,"href":"https:\/\/www.burgosdeporte.com\/index.php?rest_route=%2Fwp%2Fv2%2Fcomments&post=135837"}],"version-history":[{"count":2,"href":"https:\/\/www.burgosdeporte.com\/index.php?rest_route=\/wp\/v2\/posts\/135837\/revisions"}],"predecessor-version":[{"id":135840,"href":"https:\/\/www.burgosdeporte.com\/index.php?rest_route=\/wp\/v2\/posts\/135837\/revisions\/135840"}],"wp:featuredmedia":[{"embeddable":true,"href":"https:\/\/www.burgosdeporte.com\/index.php?rest_route=\/wp\/v2\/media\/135838"}],"wp:attachment":[{"href":"https:\/\/www.burgosdeporte.com\/index.php?rest_route=%2Fwp%2Fv2%2Fmedia&parent=135837"}],"wp:term":[{"taxonomy":"category","embeddable":true,"href":"https:\/\/www.burgosdeporte.com\/index.php?rest_route=%2Fwp%2Fv2%2Fcategories&post=135837"},{"taxonomy":"post_tag","embeddable":true,"href":"https:\/\/www.burgosdeporte.com\/index.php?rest_route=%2Fwp%2Fv2%2Ftags&post=135837"}],"curies":[{"name":"wp","href":"https:\/\/api.w.org\/{rel}","templated":true}]}}