{"id":135203,"date":"2025-02-18T11:47:04","date_gmt":"2025-02-18T09:47:04","guid":{"rendered":"https:\/\/www.burgosdeporte.com\/?p=135203"},"modified":"2025-02-19T17:59:10","modified_gmt":"2025-02-19T15:59:10","slug":"en-el-momento-justo","status":"publish","type":"post","link":"https:\/\/www.burgosdeporte.com\/?p=135203","title":{"rendered":"En el momento justo"},"content":{"rendered":"\n<h2 class=\"wp-block-heading\">Comentario de opini\u00f3n de Jairo Velasco sobre la actualidad del Burgos CF<\/h2>\n\n\n\n<p>En cualquier juego de estrategia, como es el f\u00fatbol, existe un factor determinante que puede marcar la diferencia entre el \u00e9xito y el fracaso: el \u00abmomento justo\u00bb. No se trata de una f\u00f3rmula m\u00e1gica ni de un golpe de suerte, sino de la convergencia de diversos elementos que, al unirse, crean instantes impredecibles en los que se rompen todas las din\u00e1micas y estad\u00edsticas que rigen la l\u00f3gica.<\/p>\n\n\n\n<p>Ni el m\u00e1s optimista hubiera sido capaz de atisbar las dos victorias consecutivas que ha enlazado nuestro Burgos Club de F\u00fatbol en uno de los momentos m\u00e1s cr\u00edticos de la temporada. Dif\u00edciles dentro y fuera del campo, ya que a la evidente mala racha de resultados y juego se sumaba toda la controversia y dudas generadas en un mercado de fichajes que se demor\u00f3 hasta los \u00faltimos minutos para completar una muy desequilibrada plantilla.&nbsp;<\/p>\n\n\n\n<p>Ox\u00edgeno en forma de flashazos como el ya inolvidable zapatazo de \u00cd\u00f1igo C\u00f3rdoba que nos hizo saltar del asiento en la que ser\u00eda nuestra \u00faltima visita a una hist\u00f3rica Romareda tal y como la hemos conocido hasta ahora. Ocho nuevas cabezas limpias que parecen no traer los lastres que achacaban los que ya vest\u00edan nuestra camiseta y a los que cualquier bache les supon\u00eda una monta\u00f1a insuperable.<\/p>\n\n\n\n<p>El equipo ha mejorado sus prestaciones con las nuevas incorporaciones, no solo mirando al pleno de puntos desde el cierre de mercado, pero sigue arrastrando carencias del pasado que no deben seguir formando parte de la autocr\u00edtica si no queremos volver a vernos al borde el precipicio.&nbsp;<\/p>\n\n\n\n<p>A esta altura de la pel\u00edcula a nadie le sorprende que Ramis est\u00e1 basando esta mejor\u00eda en la voluntariedad, el rigor y la coordinaci\u00f3n de nuestra defensa, apoyado por la llegada de un Grego Sierra cuyo \u201cErasmus\u201d parece que le ha inspirado para recuperar sensaciones de inexpugnabilidad ya vividas con su buen compa\u00f1ero y capit\u00e1n Aitor C\u00f3rdoba. Un doble pivote por delante que con Quintanilla cimienta un bloque a\u00fan mas solido en el que todos trabajan bajo al mismo acorde, pareciendo f\u00e1cil dicha labor.&nbsp;<\/p>\n\n\n\n<p>Pero a\u00fan queda muy lejos el equilibrio, porque si a priori, el punto m\u00e1s temible de nuestro conjunto reside en la habilidad y t\u00e9cnica de nuestros mediapuntas, el sistema del tarraconense les hace desdibujarse hasta su casi extinci\u00f3n. Poco asistidos y muy centrados en labores defensivas apenas causan temor a las defensas rivales hall\u00e1ndose muy fuera de su h\u00e1bitat.<\/p>\n\n\n\n<p>Sus principios son m\u00e1s que claros, y el cambio de Marcelo Exp\u00f3sito plasma a la perfecci\u00f3n que no est\u00e1 dispuesto a arriesgar m\u00e1s de la cuenta pese a que el partido se pusiera cuesta abajo cuando el Zaragoza se qued\u00f3 con un jugador menos. Flaco favor le hizo al jugador sevillano coloc\u00e1ndole en labores de construcci\u00f3n en las que se entrevieron en demas\u00eda sus carencias mientras la situaci\u00f3n futbol\u00edstica requer\u00eda un jugador con \u201cmejor pie\u201d.&nbsp;<\/p>\n\n\n\n<p>Nada es negro o blanco; Estamos a\u00fan en esa escala de grises en la que un par de tropiezos consecutivos puedan hacer oscurecer una situaci\u00f3n que ahora parece m\u00e1s positiva. La fuerza de El Plant\u00edo volver\u00e1 a ser vital en uno de esos partidos que se marcan en rojo al principio de temporada y en los que la afici\u00f3n suele marcar el primer gol. Esa es nuestra labor, la de remar como si tambi\u00e9n estuvi\u00e9semos de corto en el verde.&nbsp;<\/p>\n","protected":false},"excerpt":{"rendered":"<p>Comentario de opini\u00f3n de Jairo Velasco sobre la actualidad del Burgos CF En cualquier juego de estrategia, como es el f\u00fatbol, existe un factor determinante que puede marcar la diferencia entre el \u00e9xito y el fracaso: el \u00abmomento justo\u00bb. No se trata de una f\u00f3rmula m\u00e1gica ni de un golpe de suerte, sino de la [&hellip;]<\/p>\n","protected":false},"author":15,"featured_media":135204,"comment_status":"closed","ping_status":"closed","sticky":false,"template":"","format":"standard","meta":{"_monsterinsights_skip_tracking":false,"_monsterinsights_sitenote_active":false,"_monsterinsights_sitenote_note":"","_monsterinsights_sitenote_category":0,"footnotes":""},"categories":[4,14],"tags":[1553,29,834,13],"class_list":{"0":"post-135203","1":"post","2":"type-post","3":"status-publish","4":"format-standard","5":"has-post-thumbnail","7":"category-futbol","8":"category-opinion","9":"tag-actualidad-2","10":"tag-burgoscf","11":"tag-jairovelasco","12":"tag-opinion"},"views":299,"_links":{"self":[{"href":"https:\/\/www.burgosdeporte.com\/index.php?rest_route=\/wp\/v2\/posts\/135203","targetHints":{"allow":["GET"]}}],"collection":[{"href":"https:\/\/www.burgosdeporte.com\/index.php?rest_route=\/wp\/v2\/posts"}],"about":[{"href":"https:\/\/www.burgosdeporte.com\/index.php?rest_route=\/wp\/v2\/types\/post"}],"author":[{"embeddable":true,"href":"https:\/\/www.burgosdeporte.com\/index.php?rest_route=\/wp\/v2\/users\/15"}],"replies":[{"embeddable":true,"href":"https:\/\/www.burgosdeporte.com\/index.php?rest_route=%2Fwp%2Fv2%2Fcomments&post=135203"}],"version-history":[{"count":1,"href":"https:\/\/www.burgosdeporte.com\/index.php?rest_route=\/wp\/v2\/posts\/135203\/revisions"}],"predecessor-version":[{"id":135205,"href":"https:\/\/www.burgosdeporte.com\/index.php?rest_route=\/wp\/v2\/posts\/135203\/revisions\/135205"}],"wp:featuredmedia":[{"embeddable":true,"href":"https:\/\/www.burgosdeporte.com\/index.php?rest_route=\/wp\/v2\/media\/135204"}],"wp:attachment":[{"href":"https:\/\/www.burgosdeporte.com\/index.php?rest_route=%2Fwp%2Fv2%2Fmedia&parent=135203"}],"wp:term":[{"taxonomy":"category","embeddable":true,"href":"https:\/\/www.burgosdeporte.com\/index.php?rest_route=%2Fwp%2Fv2%2Fcategories&post=135203"},{"taxonomy":"post_tag","embeddable":true,"href":"https:\/\/www.burgosdeporte.com\/index.php?rest_route=%2Fwp%2Fv2%2Ftags&post=135203"}],"curies":[{"name":"wp","href":"https:\/\/api.w.org\/{rel}","templated":true}]}}