{"id":134771,"date":"2025-02-13T17:04:33","date_gmt":"2025-02-13T15:04:33","guid":{"rendered":"https:\/\/www.burgosdeporte.com\/?p=134771"},"modified":"2025-02-14T15:29:56","modified_gmt":"2025-02-14T13:29:56","slug":"condenan-a-4-meses-de-carcel-a-cinco-ultras-del-burgos-por-una-pelea","status":"publish","type":"post","link":"https:\/\/www.burgosdeporte.com\/?p=134771","title":{"rendered":"Condenan a 4 meses de c\u00e1rcel a cinco ultras del Burgos por una pelea"},"content":{"rendered":"\n<h2 class=\"wp-block-heading\">Loos sucesos ocurrieron el 27 de noviembre de 2022 horas antes del partido que enfrent\u00f3 al Burgos y al Zaragoza en El Plant\u00edo.<\/h2>\n\n\n\n<p>Once ultras del Osasuna y el Burgos CF han sido condenados a cuatro meses y 15 d\u00edas de c\u00e1rcel, adem\u00e1s de la prohibici\u00f3n de aproximaci\u00f3n a eventos deportivos durante dos a\u00f1os, cuatro meses y 15 d\u00edas por un delito de des\u00f3rdenes p\u00fablicos, seg\u00fan ha informado LaLiga.<\/p>\n\n\n\n<p>La sentencia ha sido dictada por el Juzgado de lo Penal n\u00ba3 de Burgos y afecta a los once acusados, seis ultras del grupo Indar Gorri, seguidores de Osasuna, y cinco de Resaca Castellana, seguidores del Burgos CF, por protagonizar diversos actos de violencia el 27 de noviembre de 2022 horas antes del encuentro entre el Burgos Cf y el Real Zaragoza en El Plant\u00edo. Se les considera culpables de un delito de des\u00f3rdenes p\u00fablicos durante un evento deportivo, con el agravamiento de discriminaci\u00f3n por motivos ideol\u00f3gicos. <\/p>\n\n\n\n<p>En este procedimiento, LaLiga estaba personada como acusaci\u00f3n particular y durante la fase de instrucci\u00f3n impuso a los acusados medidas cautelares de prohibici\u00f3n de aproximaci\u00f3n a estadios. <\/p>\n\n\n\n<p>LaLiga consolida, seg\u00fan se\u00f1ala el comunicado, un mensaje contundente <em>\u00abcontra la impunidad de quienes protagonizan episodios violentos en el f\u00fatbol advirtiendo de sobre las consecuencias legales que estas acciones conllevan\u00bb<\/em><\/p>\n","protected":false},"excerpt":{"rendered":"<p>Loos sucesos ocurrieron el 27 de noviembre de 2022 horas antes del partido que enfrent\u00f3 al Burgos y al Zaragoza en El Plant\u00edo. Once ultras del Osasuna y el Burgos CF han sido condenados a cuatro meses y 15 d\u00edas de c\u00e1rcel, adem\u00e1s de la prohibici\u00f3n de aproximaci\u00f3n a eventos deportivos durante dos a\u00f1os, cuatro [&hellip;]<\/p>\n","protected":false},"author":10,"featured_media":134773,"comment_status":"closed","ping_status":"closed","sticky":false,"template":"","format":"standard","meta":{"_monsterinsights_skip_tracking":false,"_monsterinsights_sitenote_active":false,"_monsterinsights_sitenote_note":"","_monsterinsights_sitenote_category":0,"footnotes":""},"categories":[4],"tags":[1553,29],"class_list":{"0":"post-134771","1":"post","2":"type-post","3":"status-publish","4":"format-standard","5":"has-post-thumbnail","7":"category-futbol","8":"tag-actualidad-2","9":"tag-burgoscf"},"views":236,"_links":{"self":[{"href":"https:\/\/www.burgosdeporte.com\/index.php?rest_route=\/wp\/v2\/posts\/134771","targetHints":{"allow":["GET"]}}],"collection":[{"href":"https:\/\/www.burgosdeporte.com\/index.php?rest_route=\/wp\/v2\/posts"}],"about":[{"href":"https:\/\/www.burgosdeporte.com\/index.php?rest_route=\/wp\/v2\/types\/post"}],"author":[{"embeddable":true,"href":"https:\/\/www.burgosdeporte.com\/index.php?rest_route=\/wp\/v2\/users\/10"}],"replies":[{"embeddable":true,"href":"https:\/\/www.burgosdeporte.com\/index.php?rest_route=%2Fwp%2Fv2%2Fcomments&post=134771"}],"version-history":[{"count":1,"href":"https:\/\/www.burgosdeporte.com\/index.php?rest_route=\/wp\/v2\/posts\/134771\/revisions"}],"predecessor-version":[{"id":134774,"href":"https:\/\/www.burgosdeporte.com\/index.php?rest_route=\/wp\/v2\/posts\/134771\/revisions\/134774"}],"wp:featuredmedia":[{"embeddable":true,"href":"https:\/\/www.burgosdeporte.com\/index.php?rest_route=\/wp\/v2\/media\/134773"}],"wp:attachment":[{"href":"https:\/\/www.burgosdeporte.com\/index.php?rest_route=%2Fwp%2Fv2%2Fmedia&parent=134771"}],"wp:term":[{"taxonomy":"category","embeddable":true,"href":"https:\/\/www.burgosdeporte.com\/index.php?rest_route=%2Fwp%2Fv2%2Fcategories&post=134771"},{"taxonomy":"post_tag","embeddable":true,"href":"https:\/\/www.burgosdeporte.com\/index.php?rest_route=%2Fwp%2Fv2%2Ftags&post=134771"}],"curies":[{"name":"wp","href":"https:\/\/api.w.org\/{rel}","templated":true}]}}