{"id":134017,"date":"2025-01-31T13:11:24","date_gmt":"2025-01-31T11:11:24","guid":{"rendered":"https:\/\/www.burgosdeporte.com\/?p=134017"},"modified":"2025-02-01T12:28:26","modified_gmt":"2025-02-01T10:28:26","slug":"el-ubu-san-pablo-visita-santander-en-un-tramo-decisivo-de-la-temporada","status":"publish","type":"post","link":"https:\/\/www.burgosdeporte.com\/?p=134017","title":{"rendered":"El UBU San Pablo visita Santander en un tramo decisivo de la temporada"},"content":{"rendered":"\n<p><strong><em>La defensa cidiana, una de las mejores de la liga, se enfrenta al potente ataque de los locales<\/em><\/strong><\/p>\n\n\n\n<p class=\"has-text-align-right\">(<em>Fotograf\u00eda: Javier G\u00f3mez<\/em>)<\/p>\n\n\n<div class=\"wp-block-image\">\n<figure class=\"aligncenter size-full\"><a href=\"https:\/\/www.facebook.com\/MODA-HOMBRE-YOU-TOO-137135699641697\/\" target=\"_blank\" rel=\" noreferrer noopener\"><img loading=\"lazy\" decoding=\"async\" width=\"300\" height=\"250\" src=\"https:\/\/www.burgosdeporte.com\/wp-content\/uploads\/2023\/09\/youtoo.gif\" alt=\"\" class=\"wp-image-107987\"\/><\/a><\/figure>\n<\/div>\n\n\n<p>Este domingo, 2 de febrero, el UBU San Pablo Bm. Burgos afrontar\u00e1 un nuevo duelo en la Jornada 18 de la Divisi\u00f3n de Honor Plata. El partido, que tendr\u00e1 lugar a las 12:00 horas en el Polideportivo Exterior de La Albericia, enfrentar\u00e1 al tercer clasificado, el conjunto burgal\u00e9s, contra el sexto, el Blendio Sinf\u00edn Santander, en un encuentro con implicaciones directas para la lucha por los puestos altos de la tabla.<\/p>\n\n\n\n<p>Los cidianos llegan como uno de los equipos m\u00e1s s\u00f3lidos defensivamente de la temporada, con una media de 26,12 goles encajados por partido, mientras que el Sinf\u00edn destaca por su capacidad ofensiva, siendo uno de los conjuntos m\u00e1s goleadores de la categor\u00eda, con 30,18 goles por encuentro. Este contraste de estilos augura un partido vibrante, en el que la defensa burgalesa buscar\u00e1 contener las acometidas de figuras clave como Luis Gustavo Garc\u00eda \u2018Macap\u00e1\u2019, m\u00e1ximo artillero del Sinf\u00edn, Marcos Aguilella o Stjepan Jozinovic.<\/p>\n\n\n\n<p>El UBU San Pablo afronta este partido con ganas de redimirse tras la ajustada derrota sufrida en El Plant\u00edo en la primera vuelta (26-27), un encuentro que dej\u00f3 un sabor amargo a los burgaleses. Ahora, llegan en un momento positivo tras su victoria en casa contra el Proin Sevilla (29-26), donde un s\u00f3lido Javi Espinosa fue clave para completar una importante remontada. Por su parte, el Sinf\u00edn busca reencontrarse con la victoria tras caer la semana pasada frente al Fundaci\u00f3n Agustinos (30-28).<\/p>\n\n\n\n<p>Como ya es costumbre en la Divisi\u00f3n de Honor Plata, la igualdad en la parte alta de la tabla hace que cada punto sea crucial. El conjunto burgal\u00e9s ocupa el tercer puesto con 25 puntos, a tan solo dos del l\u00edder, el E\u00f3n Horneo Alicante, y a uno del ID Energy Caser\u00edo. El equipo santanderino, por su parte, con 21 puntos, est\u00e1 al acecho para reengancharse a la lucha por el podio.<\/p>\n\n\n\n<p>Cabe destacar que los cidianos estar\u00e1n arropados en Santander por m\u00e1s de medio centenar de seguidores burgaleses, que alentar\u00e1n al equipo en este partido decisivo. La presencia de su afici\u00f3n ofrecer\u00e1 al equipo no solo el apoyo necesario, sino tambi\u00e9n la motivaci\u00f3n extra para buscar una victoria que les permita mantenerse firmes en la lucha por los primeros puestos de la clasificaci\u00f3n.<\/p>\n\n\n\n<p>Adem\u00e1s, en el partido del domingo, los jugadores del primer equipo y del filial portar\u00e1n un brazalete verde en la manga de la camiseta con motivo de la celebraci\u00f3n el pr\u00f3ximo 4 de febrero del D\u00eda Mundial de la Lucha contra el C\u00e1ncer, para poner de manifiesto el apoyo del Club Balonmano Burgos a todas las personas que diariamente sufren por esta enfermedad, as\u00ed como a sus familias y amigos.<\/p>\n\n\n\n<p><strong>EL DATO<\/strong><\/p>\n\n\n\n<p>El portero cidiano \u00c9lcio Carvalho volver\u00e1 al pabell\u00f3n donde defendi\u00f3 los colores del Blendio Sinf\u00edn durante las temporadas 2019\/20 y 2020\/21. Su pasado en Santander convierte este partido en una experiencia especial para el guardameta, quien conoce bien el ambiente de La Albericia y la calidad del equipo local.<\/p>\n\n\n\n<p><strong>LAS CLAVES DE ROI S\u00c1NCHEZ:<\/strong><\/p>\n\n\n\n<p>\u201cCon muchas ganas de poder tomarnos la revancha con el Sinf\u00edn Santander por el partido de la primera vuelta. Es un rival directo en la lucha por el Playoff y vamos con much\u00edsima ilusi\u00f3n y moral\u201d.<\/p>\n\n\n\n<p>\u201cHay que tener much\u00edsimo cuidado con el Sinf\u00edn porque es un equipo que tiene much\u00edsima dinamita, mucho gol y juega a un ritmo alto de ataque. Tenemos que estar muy bien, sobre todo a nivel defensivo, para poder doblegarlos y traer los dos puntos a Burgos\u201d.<\/p>\n\n\n\n<p>\u201cEstamos muy ilusionados con el autob\u00fas que se va a desplazar a Santander con aficionados para apoyarnos. Va a ser un plus para nosotros, para poder dar un poquito m\u00e1s y podernos traer los puntos\u201d.<\/p>\n\n\n\n<p><strong>LAS CLAVES DE \u00c9LCIO CARVALHO:<\/strong><\/p>\n\n\n\n<p>\u201cCreo que va a ser un partido duro. Sinf\u00edn tiene un equipo muy competitivo, tiene buena plantilla y creo que nos van a poner problemas, pero nosotros tambi\u00e9n tenemos nuestros nuestras fortalezas y vamos a por todo\u201d.<\/p>\n\n\n\n<p>\u201cEn la clasificaci\u00f3n est\u00e1 todo muy igualado, muy justos los puntos, y no hay grandes distancias. Pero tampoco hay que fijarse mucho en eso. Nosotros tenemos que centrarnos en lo nuestro y seguir trabajando\u201d.<\/p>\n","protected":false},"excerpt":{"rendered":"<p>La defensa cidiana, una de las mejores de la liga, se enfrenta al potente ataque de los locales (Fotograf\u00eda: Javier G\u00f3mez) Este domingo, 2 de febrero, el UBU San Pablo Bm. Burgos afrontar\u00e1 un nuevo duelo en la Jornada 18 de la Divisi\u00f3n de Honor Plata. El partido, que tendr\u00e1 lugar a las 12:00 horas [&hellip;]<\/p>\n","protected":false},"author":10,"featured_media":134018,"comment_status":"closed","ping_status":"closed","sticky":false,"template":"","format":"standard","meta":{"_monsterinsights_skip_tracking":false,"_monsterinsights_sitenote_active":false,"_monsterinsights_sitenote_note":"","_monsterinsights_sitenote_category":0,"footnotes":""},"categories":[118],"tags":[1553,119,120,121],"class_list":{"0":"post-134017","1":"post","2":"type-post","3":"status-publish","4":"format-standard","5":"has-post-thumbnail","7":"category-balonmano","8":"tag-actualidad-2","9":"tag-balonmano","10":"tag-balonmanoburgos","11":"tag-ubusanpablo"},"views":178,"_links":{"self":[{"href":"https:\/\/www.burgosdeporte.com\/index.php?rest_route=\/wp\/v2\/posts\/134017","targetHints":{"allow":["GET"]}}],"collection":[{"href":"https:\/\/www.burgosdeporte.com\/index.php?rest_route=\/wp\/v2\/posts"}],"about":[{"href":"https:\/\/www.burgosdeporte.com\/index.php?rest_route=\/wp\/v2\/types\/post"}],"author":[{"embeddable":true,"href":"https:\/\/www.burgosdeporte.com\/index.php?rest_route=\/wp\/v2\/users\/10"}],"replies":[{"embeddable":true,"href":"https:\/\/www.burgosdeporte.com\/index.php?rest_route=%2Fwp%2Fv2%2Fcomments&post=134017"}],"version-history":[{"count":1,"href":"https:\/\/www.burgosdeporte.com\/index.php?rest_route=\/wp\/v2\/posts\/134017\/revisions"}],"predecessor-version":[{"id":134019,"href":"https:\/\/www.burgosdeporte.com\/index.php?rest_route=\/wp\/v2\/posts\/134017\/revisions\/134019"}],"wp:featuredmedia":[{"embeddable":true,"href":"https:\/\/www.burgosdeporte.com\/index.php?rest_route=\/wp\/v2\/media\/134018"}],"wp:attachment":[{"href":"https:\/\/www.burgosdeporte.com\/index.php?rest_route=%2Fwp%2Fv2%2Fmedia&parent=134017"}],"wp:term":[{"taxonomy":"category","embeddable":true,"href":"https:\/\/www.burgosdeporte.com\/index.php?rest_route=%2Fwp%2Fv2%2Fcategories&post=134017"},{"taxonomy":"post_tag","embeddable":true,"href":"https:\/\/www.burgosdeporte.com\/index.php?rest_route=%2Fwp%2Fv2%2Ftags&post=134017"}],"curies":[{"name":"wp","href":"https:\/\/api.w.org\/{rel}","templated":true}]}}