{"id":133749,"date":"2025-01-25T18:31:59","date_gmt":"2025-01-25T16:31:59","guid":{"rendered":"https:\/\/www.burgosdeporte.com\/?p=133749"},"modified":"2025-01-26T23:36:08","modified_gmt":"2025-01-26T21:36:08","slug":"agustin-vega-dice-adios-a-la-temporada-en-el-tubos-aranda","status":"publish","type":"post","link":"https:\/\/www.burgosdeporte.com\/?p=133749","title":{"rendered":"Agust\u00edn Vega dice adi\u00f3s a la temporada en el Tubos Aranda"},"content":{"rendered":"\n<h2 class=\"wp-block-heading\">El argentino sufre una rotura del ligamento cruzado anterior y menisco y deber\u00e1 pasar por el quir\u00f3fano. <\/h2>\n\n\n<div class=\"wp-block-image\">\n<figure class=\"aligncenter size-full\"><img loading=\"lazy\" decoding=\"async\" width=\"298\" height=\"84\" src=\"https:\/\/www.burgosdeporte.com\/wp-content\/uploads\/2023\/09\/ETTMiguel.jpg\" alt=\"\" class=\"wp-image-107990\" srcset=\"https:\/\/www.burgosdeporte.com\/wp-content\/uploads\/2023\/09\/ETTMiguel.jpg 298w, https:\/\/www.burgosdeporte.com\/wp-content\/uploads\/2023\/09\/ETTMiguel-150x42.jpg 150w\" sizes=\"auto, (max-width: 298px) 100vw, 298px\" \/><\/figure>\n<\/div>\n\n\n<p>Agust\u00edn Vega\u00a0no jugar\u00e1 en lo que resta de temporada con el\u00a0Tubos Aranda Villa de Aranda. El lateral argentino sufre una\u00a0rotura del ligamento cruzado anterior y menisco.<\/p>\n\n\n\n<p>Una p\u00e9sima noticia para equipo de Aranda de Duero, Con esta baja de larga duraci\u00f3n, el club ni confirma ni desmiente la posibilidad de que pueda llegar un nuevo jugador.\u00a0<em>\u201cYa lo dijimos, estamos viendo cosas, pero sino aparece algo realmente interesante no ficharemos\u201d,<\/em> apuntaba el t\u00e9cnico Javi M\u00e1rquez.<\/p>\n\n\n\n<figure class=\"wp-block-image size-large\"><img loading=\"lazy\" decoding=\"async\" width=\"1024\" height=\"646\" src=\"https:\/\/www.burgosdeporte.com\/wp-content\/uploads\/2025\/01\/Screenshot_2025-01-24-21-07-33-487_com.google.android.apps_.photos-1068x674-1-1024x646.png\" alt=\"\" class=\"wp-image-133750\" srcset=\"https:\/\/www.burgosdeporte.com\/wp-content\/uploads\/2025\/01\/Screenshot_2025-01-24-21-07-33-487_com.google.android.apps_.photos-1068x674-1-1024x646.png 1024w, https:\/\/www.burgosdeporte.com\/wp-content\/uploads\/2025\/01\/Screenshot_2025-01-24-21-07-33-487_com.google.android.apps_.photos-1068x674-1-300x189.png 300w, https:\/\/www.burgosdeporte.com\/wp-content\/uploads\/2025\/01\/Screenshot_2025-01-24-21-07-33-487_com.google.android.apps_.photos-1068x674-1-768x485.png 768w, https:\/\/www.burgosdeporte.com\/wp-content\/uploads\/2025\/01\/Screenshot_2025-01-24-21-07-33-487_com.google.android.apps_.photos-1068x674-1-150x95.png 150w, https:\/\/www.burgosdeporte.com\/wp-content\/uploads\/2025\/01\/Screenshot_2025-01-24-21-07-33-487_com.google.android.apps_.photos-1068x674-1-696x439.png 696w, https:\/\/www.burgosdeporte.com\/wp-content\/uploads\/2025\/01\/Screenshot_2025-01-24-21-07-33-487_com.google.android.apps_.photos-1068x674-1.png 1068w\" sizes=\"auto, (max-width: 1024px) 100vw, 1024px\" \/><\/figure>\n\n\n\n<p>Por otro lado, el conjunto arandino disput\u00f3 un nuevo encuentro de preparaci\u00f3n ante Logro\u00f1o al que se impuso por 39-38. <\/p>\n\n\n\n<p>Dominaron los amarillos en los primeros 30 minutos en el 40\u00d720 de las Tierras del Duero para llevar el partido a los\u00a022-17\u00a0en la que\u00a0Lander Sim\u00f3n\u00a0disfrut\u00f3 de sus primeros minutos como amarillo.<\/p>\n\n\n\n<p>Reaccion\u00f3 en la reanudaci\u00f3n la escuadra riojana que puso un\u00a0ritmo endiablado\u00a0para llevar el choque hasta casi los cuarenta tantos. Logr\u00f3 empatar la escuadra del Santiago Mangu\u00e1n a falta de un minuto.<\/p>\n\n\n\n<p>El final cay\u00f3 del lado amarillo tras un error de Logro\u00f1o en ataque.\u00a0Samu S\u00e1iz\u00a0aprovech\u00f3 el contragolpe para sentenciar el duelo (39-38)<\/p>\n\n\n\n<p>Segunda victoria en dos partidos en la preparaci\u00f3n tras doblegar a Valladolid y est\u00e1 noche a Logro\u00f1o. El equipo jugar\u00e1 ahora sus dos pr\u00f3ximo encuentros amistosos lejos de casa en\u00a0Guadalajara\u00a0y\u00a0Logro\u00f1o.<\/p>\n\n\n\n<p><\/p>\n","protected":false},"excerpt":{"rendered":"<p>El argentino sufre una rotura del ligamento cruzado anterior y menisco y deber\u00e1 pasar por el quir\u00f3fano. Agust\u00edn Vega\u00a0no jugar\u00e1 en lo que resta de temporada con el\u00a0Tubos Aranda Villa de Aranda. El lateral argentino sufre una\u00a0rotura del ligamento cruzado anterior y menisco. Una p\u00e9sima noticia para equipo de Aranda de Duero, Con esta baja [&hellip;]<\/p>\n","protected":false},"author":24,"featured_media":133751,"comment_status":"closed","ping_status":"closed","sticky":false,"template":"","format":"standard","meta":{"_monsterinsights_skip_tracking":false,"_monsterinsights_sitenote_active":false,"_monsterinsights_sitenote_note":"","_monsterinsights_sitenote_category":0,"footnotes":""},"categories":[118],"tags":[1553,249,1826,2242],"class_list":{"0":"post-133749","1":"post","2":"type-post","3":"status-publish","4":"format-standard","5":"has-post-thumbnail","7":"category-balonmano","8":"tag-actualidad-2","9":"tag-bmvilladearanda","10":"tag-duerodeporte","11":"tag-tubosarandavilladearanda"},"views":196,"_links":{"self":[{"href":"https:\/\/www.burgosdeporte.com\/index.php?rest_route=\/wp\/v2\/posts\/133749","targetHints":{"allow":["GET"]}}],"collection":[{"href":"https:\/\/www.burgosdeporte.com\/index.php?rest_route=\/wp\/v2\/posts"}],"about":[{"href":"https:\/\/www.burgosdeporte.com\/index.php?rest_route=\/wp\/v2\/types\/post"}],"author":[{"embeddable":true,"href":"https:\/\/www.burgosdeporte.com\/index.php?rest_route=\/wp\/v2\/users\/24"}],"replies":[{"embeddable":true,"href":"https:\/\/www.burgosdeporte.com\/index.php?rest_route=%2Fwp%2Fv2%2Fcomments&post=133749"}],"version-history":[{"count":1,"href":"https:\/\/www.burgosdeporte.com\/index.php?rest_route=\/wp\/v2\/posts\/133749\/revisions"}],"predecessor-version":[{"id":133752,"href":"https:\/\/www.burgosdeporte.com\/index.php?rest_route=\/wp\/v2\/posts\/133749\/revisions\/133752"}],"wp:featuredmedia":[{"embeddable":true,"href":"https:\/\/www.burgosdeporte.com\/index.php?rest_route=\/wp\/v2\/media\/133751"}],"wp:attachment":[{"href":"https:\/\/www.burgosdeporte.com\/index.php?rest_route=%2Fwp%2Fv2%2Fmedia&parent=133749"}],"wp:term":[{"taxonomy":"category","embeddable":true,"href":"https:\/\/www.burgosdeporte.com\/index.php?rest_route=%2Fwp%2Fv2%2Fcategories&post=133749"},{"taxonomy":"post_tag","embeddable":true,"href":"https:\/\/www.burgosdeporte.com\/index.php?rest_route=%2Fwp%2Fv2%2Ftags&post=133749"}],"curies":[{"name":"wp","href":"https:\/\/api.w.org\/{rel}","templated":true}]}}