{"id":133502,"date":"2025-01-21T17:45:24","date_gmt":"2025-01-21T15:45:24","guid":{"rendered":"https:\/\/www.burgosdeporte.com\/?p=133502"},"modified":"2025-01-22T14:19:41","modified_gmt":"2025-01-22T12:19:41","slug":"el-dominio-de-las-areas","status":"publish","type":"post","link":"https:\/\/www.burgosdeporte.com\/?p=133502","title":{"rendered":"El dominio de las \u00e1reas"},"content":{"rendered":"\n<h2 class=\"wp-block-heading\">Comentario de opini\u00f3n de Jairo Velasco sobre la actualidad del Burgos CF.<\/h2>\n\n\n\n<p>El f\u00fatbol ha pasado de ser un deporte a una ciencia. Se ha hablado durante innumerables horas, se han escrito miles de libros y su evoluci\u00f3n ya se estudia hasta en m\u00e1steres universitarios. La improvisaci\u00f3n pr\u00e1cticamente es residual y aunque todo ya parezca estar dibujado en las pizarras, hay un factor que suele ser determinante en la mayor\u00eda de los partidos: el dominio de las \u00e1reas.&nbsp;<\/p>\n\n\n\n<p>A la hora de confeccionar una plantilla parece que todas las piezas son igual de importantes; Tener dobladas todas las posiciones, jugadores polivalentes familiarizados con varias posiciones que eviten jugar con parches en determinados momentos de la temporada, e incluso tener canteranos de nivel para completar los entrenamientos son factores a tener en cuenta durante el mercado de verano.&nbsp;<\/p>\n\n\n\n<p>Pero hay dos posiciones cr\u00edticas en el devenir de cualquier conjunto: el portero y el delantero. Puede resultar una tremenda obviedad se\u00f1alar las posiciones a priori m\u00e1s determinantes en los resultados de los encuentros, pero por m\u00e1s afianzado que est\u00e9 el esquema o m\u00e1s rigor t\u00e1ctico que haya en el verde, siguen siendo los principales objetivos de un director deportivo para construir una plantilla.&nbsp;<\/p>\n\n\n\n<p>En ocasiones el trabajo del equipo oculta esas deficiencias y en nuestra vuelta a la m\u00e1xima competici\u00f3n hemos tenido la suerte de tener jugadores comprometidos y valerosos que supl\u00edan las carencias presupuestarias con trabajo y pundonor. No eran necesarias demasiadas oportunidades para dejar los tres puntos en casa y fuera \u00e9ramos lo suficientemente solventes para rascar los puntos necesarios para no sufrir durante la temporada.&nbsp;<\/p>\n\n\n\n<p>Ramis asumi\u00f3 esos principios para dar vida a un equipo descalabrado y la mejor\u00eda desde su llegada parece ser un aspecto de acuerdo general entre los aficionados. Y pese a haber obtenido positivos resultados y una meritoria racha sin perder, los tantos a favor nos lastran de tal modo que volvemos a marcar el l\u00edmite del abismo, el rival a superar para los que ahora mismo perder\u00edan la categor\u00eda.<\/p>\n\n\n\n<p>Dos delanteros, que si bien tampoco son surtidos de una cascada de oportunidades en cada partido, parecen estar negados de cara al gol, resultando ya casi inimaginable volver a celebrar un tanto suyo. A esto se suma una segunda l\u00ednea contagiada de esa falta de esperanza y que busca cualquier apoyo antes de sopesar un intento a puerta. Corners en corto que no dan resultado y faltas en las que tirar tampoco parece una buena opci\u00f3n resumen la falta de claridad en las jugadas m\u00e1s b\u00e1sicas del f\u00fatbol.&nbsp;<\/p>\n\n\n\n<p>El otro gran problema reside en la porter\u00eda. Todos respiramos con la llegada de Cantero tras la dura salida de Caro al equipo de su tierra natal; Un portero muy experimentado en Segunda Divisi\u00f3n y con grandes actuaciones a sus espaldas que parec\u00eda incluso mejorar lo que ten\u00edamos. Nada m\u00e1s lejos de la realidad sus actuaciones est\u00e1n dejando mucho que desear, y por suerte, sus abultados errores apenas nos han costado puntos. Y si Tomeu Nadal en su presentaci\u00f3n dijo que \u00e9l ven\u00eda a ayudar a Ander, quiz\u00e1s deba hacerlo pero como titular.&nbsp;<\/p>\n\n\n\n<p>Todos los blanquinegros pensamos que hay jugadores de sobra cualificados para empujar y generar m\u00e1s, necesitando que el equipo de un paso adelante tras la derrota de este fin de semana. Un herido Ferrol puede ser la v\u00edctima o el verdugo perfecto para un equipo sumido en constantes titubeos, pero si ya llevamos unas cuantas jornadas diciendo aquello de \u201cpartido vital\u201d, las letras estar\u00e1n escritas en may\u00fasculas en A Malata.&nbsp;<\/p>\n","protected":false},"excerpt":{"rendered":"<p>Comentario de opini\u00f3n de Jairo Velasco sobre la actualidad del Burgos CF. El f\u00fatbol ha pasado de ser un deporte a una ciencia. Se ha hablado durante innumerables horas, se han escrito miles de libros y su evoluci\u00f3n ya se estudia hasta en m\u00e1steres universitarios. La improvisaci\u00f3n pr\u00e1cticamente es residual y aunque todo ya parezca [&hellip;]<\/p>\n","protected":false},"author":15,"featured_media":133513,"comment_status":"closed","ping_status":"closed","sticky":false,"template":"","format":"standard","meta":{"_monsterinsights_skip_tracking":false,"_monsterinsights_sitenote_active":false,"_monsterinsights_sitenote_note":"","_monsterinsights_sitenote_category":0,"footnotes":""},"categories":[4,14],"tags":[1553,29,834,13],"class_list":{"0":"post-133502","1":"post","2":"type-post","3":"status-publish","4":"format-standard","5":"has-post-thumbnail","7":"category-futbol","8":"category-opinion","9":"tag-actualidad-2","10":"tag-burgoscf","11":"tag-jairovelasco","12":"tag-opinion"},"views":262,"_links":{"self":[{"href":"https:\/\/www.burgosdeporte.com\/index.php?rest_route=\/wp\/v2\/posts\/133502","targetHints":{"allow":["GET"]}}],"collection":[{"href":"https:\/\/www.burgosdeporte.com\/index.php?rest_route=\/wp\/v2\/posts"}],"about":[{"href":"https:\/\/www.burgosdeporte.com\/index.php?rest_route=\/wp\/v2\/types\/post"}],"author":[{"embeddable":true,"href":"https:\/\/www.burgosdeporte.com\/index.php?rest_route=\/wp\/v2\/users\/15"}],"replies":[{"embeddable":true,"href":"https:\/\/www.burgosdeporte.com\/index.php?rest_route=%2Fwp%2Fv2%2Fcomments&post=133502"}],"version-history":[{"count":1,"href":"https:\/\/www.burgosdeporte.com\/index.php?rest_route=\/wp\/v2\/posts\/133502\/revisions"}],"predecessor-version":[{"id":133516,"href":"https:\/\/www.burgosdeporte.com\/index.php?rest_route=\/wp\/v2\/posts\/133502\/revisions\/133516"}],"wp:featuredmedia":[{"embeddable":true,"href":"https:\/\/www.burgosdeporte.com\/index.php?rest_route=\/wp\/v2\/media\/133513"}],"wp:attachment":[{"href":"https:\/\/www.burgosdeporte.com\/index.php?rest_route=%2Fwp%2Fv2%2Fmedia&parent=133502"}],"wp:term":[{"taxonomy":"category","embeddable":true,"href":"https:\/\/www.burgosdeporte.com\/index.php?rest_route=%2Fwp%2Fv2%2Fcategories&post=133502"},{"taxonomy":"post_tag","embeddable":true,"href":"https:\/\/www.burgosdeporte.com\/index.php?rest_route=%2Fwp%2Fv2%2Ftags&post=133502"}],"curies":[{"name":"wp","href":"https:\/\/api.w.org\/{rel}","templated":true}]}}