{"id":132973,"date":"2025-01-13T16:04:44","date_gmt":"2025-01-13T14:04:44","guid":{"rendered":"https:\/\/www.burgosdeporte.com\/?p=132973"},"modified":"2025-01-14T22:13:13","modified_gmt":"2025-01-14T20:13:13","slug":"oficio","status":"publish","type":"post","link":"https:\/\/www.burgosdeporte.com\/?p=132973","title":{"rendered":"Oficio"},"content":{"rendered":"\n<h2 class=\"wp-block-heading\">Comentario de opini\u00f3n de Jairo Velasco sobre la actualidad del Burgos CF.<\/h2>\n\n\n\n<p>Dif\u00edcil labor a la que se enfrentaba nuestro equipo en la visita a Los C\u00e1rmenes, no solo por el escenario y por la plantilla de un Granada que remont\u00f3 el vuelo hacia el play off desde la llegada de Fran Escrib\u00e1 a su banquillo, si no por la falta de efectivos en nuestra expedici\u00f3n, sumado a las escasas y convulsas noticias que llegan desde el club en la etapa m\u00e1s inestable desde la llegada de la nueva propiedad.&nbsp;<\/p>\n\n\n\n<p>Es complicado afrontar un encuentro cuando se habla m\u00e1s de lo extradeportivo que lo del verde, pero Ramis con su planteamiento y con el desarrollo del partido mostr\u00f3 haberse aislado en su burbuja preparando un encuentro desde el rigor t\u00e1ctico, minimizando las armas de un rival tambi\u00e9n en horas complicadas tras el \u201cHurac\u00e1n Uzuni\u201d.<\/p>\n\n\n\n<p>A nadie que haya seguido la trayectoria del entrenador tarraconense le puede sorprender la evoluci\u00f3n t\u00e1ctica que hemos ido viendo en nuestros jugadores. En su llegada sab\u00eda que era necesario ponerse el mono de trabajo para fijar unos conceptos que nos permitieran dejar nuestra porter\u00eda a cero y a partir de ah\u00ed crecer. Sin excusas, independientemente de los efectivos disponibles y priorizando el trabajo grupal a qui\u00e9n ocupara los puestos.&nbsp;<\/p>\n\n\n\n<p>El partido en tierras nazar\u00edes fue pr\u00e1cticamente perfecto desde el punto de vista defensivo. Alternancia entre la altura de bloques seg\u00fan lo requer\u00edan los minutos, constantes ayudas de mediocentros y extremos para empeque\u00f1ecer las armas de un equipo que domina el juego tanto por fuera como por dentro y elevados niveles de concentraci\u00f3n que evitaron fallos infantiles que ya hemos visto en repetidas ocasiones esta temporada.<\/p>\n\n\n\n<p>Menci\u00f3n especial tambi\u00e9n a unos jugadores que han entendido que esta es la forma de salir de donde estamos, priorizando la actitud a la aptitud. Una defensa que empieza con el sacrificio de nuestros jugadores de ataque, facilitando la funci\u00f3n de nuestros centrales que impolutos en sus participaciones vuelven a n\u00fameros destacados dentro de la competici\u00f3n.&nbsp;<\/p>\n\n\n\n<p>El \u00fanico pero le debemos poner en las jugadas a bal\u00f3n parado, tanto en defensa como en ataque. En defensa seguimos sufriendo con cada falta lateral, quiz\u00e1s tambi\u00e9n por la inseguridad que muestra nuestro portero, resultando uno de los equipos a los que m\u00e1s nos rematan de la liga en este tipo de acciones, y en ataque no encontramos la tecla para sacar rendimiento a nuestras oportunidades. Nada m\u00e1s y nada menos son ciento veinte los corners a favor y \u00fanicamente el gol que nos dio la victoria contra el Eldense.<\/p>\n\n\n\n<p>El camino es el marcado, sin florituras ni alardes, apelando al pragmatismo y a la practicidad. F\u00fatbol que com\u00fanmente se llama \u201cde barro\u201d y que tanto ha gustado siempre a orillas del Arlanz\u00f3n, donde muchas veces es mas celebrada una acci\u00f3n defensiva que un ca\u00f1o o una bicicleta.&nbsp;<\/p>\n\n\n\n<p>Ahora solo falta seguir poniendo piedras sobre la buena base que se ha ido creando y el partido del pr\u00f3ximo domingo contra el hist\u00f3rico Deportivo de La Coru\u00f1a va a ser un duelo crucial para poder tomar un poco m\u00e1s de ox\u00edgeno clasificatorio si se consigue sacar el partido adelante.<\/p>\n\n\n\n<p>Trabajo, car\u00e1cter y oficio.&nbsp;<\/p>\n","protected":false},"excerpt":{"rendered":"<p>Comentario de opini\u00f3n de Jairo Velasco sobre la actualidad del Burgos CF. Dif\u00edcil labor a la que se enfrentaba nuestro equipo en la visita a Los C\u00e1rmenes, no solo por el escenario y por la plantilla de un Granada que remont\u00f3 el vuelo hacia el play off desde la llegada de Fran Escrib\u00e1 a su [&hellip;]<\/p>\n","protected":false},"author":15,"featured_media":132974,"comment_status":"closed","ping_status":"closed","sticky":false,"template":"","format":"standard","meta":{"_monsterinsights_skip_tracking":false,"_monsterinsights_sitenote_active":false,"_monsterinsights_sitenote_note":"","_monsterinsights_sitenote_category":0,"footnotes":""},"categories":[4,14],"tags":[1553,29,834,13],"class_list":{"0":"post-132973","1":"post","2":"type-post","3":"status-publish","4":"format-standard","5":"has-post-thumbnail","7":"category-futbol","8":"category-opinion","9":"tag-actualidad-2","10":"tag-burgoscf","11":"tag-jairovelasco","12":"tag-opinion"},"views":393,"_links":{"self":[{"href":"https:\/\/www.burgosdeporte.com\/index.php?rest_route=\/wp\/v2\/posts\/132973","targetHints":{"allow":["GET"]}}],"collection":[{"href":"https:\/\/www.burgosdeporte.com\/index.php?rest_route=\/wp\/v2\/posts"}],"about":[{"href":"https:\/\/www.burgosdeporte.com\/index.php?rest_route=\/wp\/v2\/types\/post"}],"author":[{"embeddable":true,"href":"https:\/\/www.burgosdeporte.com\/index.php?rest_route=\/wp\/v2\/users\/15"}],"replies":[{"embeddable":true,"href":"https:\/\/www.burgosdeporte.com\/index.php?rest_route=%2Fwp%2Fv2%2Fcomments&post=132973"}],"version-history":[{"count":1,"href":"https:\/\/www.burgosdeporte.com\/index.php?rest_route=\/wp\/v2\/posts\/132973\/revisions"}],"predecessor-version":[{"id":132975,"href":"https:\/\/www.burgosdeporte.com\/index.php?rest_route=\/wp\/v2\/posts\/132973\/revisions\/132975"}],"wp:featuredmedia":[{"embeddable":true,"href":"https:\/\/www.burgosdeporte.com\/index.php?rest_route=\/wp\/v2\/media\/132974"}],"wp:attachment":[{"href":"https:\/\/www.burgosdeporte.com\/index.php?rest_route=%2Fwp%2Fv2%2Fmedia&parent=132973"}],"wp:term":[{"taxonomy":"category","embeddable":true,"href":"https:\/\/www.burgosdeporte.com\/index.php?rest_route=%2Fwp%2Fv2%2Fcategories&post=132973"},{"taxonomy":"post_tag","embeddable":true,"href":"https:\/\/www.burgosdeporte.com\/index.php?rest_route=%2Fwp%2Fv2%2Ftags&post=132973"}],"curies":[{"name":"wp","href":"https:\/\/api.w.org\/{rel}","templated":true}]}}