{"id":132771,"date":"2025-01-09T18:46:54","date_gmt":"2025-01-09T16:46:54","guid":{"rendered":"https:\/\/www.burgosdeporte.com\/?p=132771"},"modified":"2025-01-10T14:07:48","modified_gmt":"2025-01-10T12:07:48","slug":"pablo-gomez-primer-burgales-convocado-con-los-hispanos-junior","status":"publish","type":"post","link":"https:\/\/www.burgosdeporte.com\/?p=132771","title":{"rendered":"Pablo G\u00f3mez, primer burgal\u00e9s convocado con los Hispanos J\u00fanior"},"content":{"rendered":"\n<p><strong><em>El jugador del UBU San Pablo recibe la llamada de Javier Fern\u00e1ndez para formar parte de la selecci\u00f3n espa\u00f1ola que disputar\u00e1 el IV Naciones en Portugal<\/em><\/strong><\/p>\n\n\n<div class=\"wp-block-image\">\n<figure class=\"aligncenter size-full\"><a href=\"https:\/\/www.ferroplas.com\/\" target=\"_blank\" rel=\" noreferrer noopener\"><img loading=\"lazy\" decoding=\"async\" width=\"300\" height=\"90\" src=\"https:\/\/www.burgosdeporte.com\/wp-content\/uploads\/2023\/10\/Ferroplas.fw_.png\" alt=\"\" class=\"wp-image-108432\" srcset=\"https:\/\/www.burgosdeporte.com\/wp-content\/uploads\/2023\/10\/Ferroplas.fw_.png 300w, https:\/\/www.burgosdeporte.com\/wp-content\/uploads\/2023\/10\/Ferroplas.fw_-150x45.png 150w\" sizes=\"auto, (max-width: 300px) 100vw, 300px\" \/><\/a><\/figure>\n<\/div>\n\n\n<p>El extremo burgal\u00e9s del UBU San Pablo Bm. Burgos, Pablo G\u00f3mez, ha recibido la llamada del seleccionador J\u00fanior, Javier Fern\u00e1ndez, para disputar los pr\u00f3ximos d\u00edas el torneo IV Naciones que se disputa en Portugal.<\/p>\n\n\n\n<p>De esta manera, el jugador se convierte en el primer deportista burgal\u00e9s en ser convocado por Espa\u00f1a para un equipo nacional de balonmano, lo que confirma el buen hacer y la progresi\u00f3n del extremo durante esta temporada en la que se ha consagrado como parte esencial de la primera plantilla.<\/p>\n\n\n\n<p>La primera de las oportunidades para el joven extremo de 19 a\u00f1os ser\u00e1 este jueves a las 22:00 horas frente a Portugal. El viernes, el combinado nacional se medir\u00e1 a Alemania a las 16:00 horas y el s\u00e1bado, la J\u00fanior tendr\u00e1 que jugar ante Francia a las 16:30 horas.<\/p>\n\n\n\n<p>El Club Balonmano Burgos se enorgullece de que uno de sus jugadores crecido y formado en la estructura de Academia llegue a vestir la camiseta de Espa\u00f1a, lo que sirve como reflejo del esfuerzo y trabajo realizado en categor\u00edas inferiores.<\/p>\n\n\n\n<p>Los partidos podr\u00e1n seguirse a trav\u00e9s de la p\u00e1gina web de la federaci\u00f3n portuguesa de balonmano.<\/p>\n","protected":false},"excerpt":{"rendered":"<p>El jugador del UBU San Pablo recibe la llamada de Javier Fern\u00e1ndez para formar parte de la selecci\u00f3n espa\u00f1ola que disputar\u00e1 el IV Naciones en Portugal El extremo burgal\u00e9s del UBU San Pablo Bm. Burgos, Pablo G\u00f3mez, ha recibido la llamada del seleccionador J\u00fanior, Javier Fern\u00e1ndez, para disputar los pr\u00f3ximos d\u00edas el torneo IV Naciones [&hellip;]<\/p>\n","protected":false},"author":10,"featured_media":132772,"comment_status":"closed","ping_status":"closed","sticky":false,"template":"","format":"standard","meta":{"_monsterinsights_skip_tracking":false,"_monsterinsights_sitenote_active":false,"_monsterinsights_sitenote_note":"","_monsterinsights_sitenote_category":0,"footnotes":""},"categories":[118],"tags":[1553,119,2280,121],"class_list":{"0":"post-132771","1":"post","2":"type-post","3":"status-publish","4":"format-standard","5":"has-post-thumbnail","7":"category-balonmano","8":"tag-actualidad-2","9":"tag-balonmano","10":"tag-pablogomez","11":"tag-ubusanpablo"},"views":271,"_links":{"self":[{"href":"https:\/\/www.burgosdeporte.com\/index.php?rest_route=\/wp\/v2\/posts\/132771","targetHints":{"allow":["GET"]}}],"collection":[{"href":"https:\/\/www.burgosdeporte.com\/index.php?rest_route=\/wp\/v2\/posts"}],"about":[{"href":"https:\/\/www.burgosdeporte.com\/index.php?rest_route=\/wp\/v2\/types\/post"}],"author":[{"embeddable":true,"href":"https:\/\/www.burgosdeporte.com\/index.php?rest_route=\/wp\/v2\/users\/10"}],"replies":[{"embeddable":true,"href":"https:\/\/www.burgosdeporte.com\/index.php?rest_route=%2Fwp%2Fv2%2Fcomments&post=132771"}],"version-history":[{"count":1,"href":"https:\/\/www.burgosdeporte.com\/index.php?rest_route=\/wp\/v2\/posts\/132771\/revisions"}],"predecessor-version":[{"id":132773,"href":"https:\/\/www.burgosdeporte.com\/index.php?rest_route=\/wp\/v2\/posts\/132771\/revisions\/132773"}],"wp:featuredmedia":[{"embeddable":true,"href":"https:\/\/www.burgosdeporte.com\/index.php?rest_route=\/wp\/v2\/media\/132772"}],"wp:attachment":[{"href":"https:\/\/www.burgosdeporte.com\/index.php?rest_route=%2Fwp%2Fv2%2Fmedia&parent=132771"}],"wp:term":[{"taxonomy":"category","embeddable":true,"href":"https:\/\/www.burgosdeporte.com\/index.php?rest_route=%2Fwp%2Fv2%2Fcategories&post=132771"},{"taxonomy":"post_tag","embeddable":true,"href":"https:\/\/www.burgosdeporte.com\/index.php?rest_route=%2Fwp%2Fv2%2Ftags&post=132771"}],"curies":[{"name":"wp","href":"https:\/\/api.w.org\/{rel}","templated":true}]}}