{"id":132701,"date":"2025-01-07T16:05:44","date_gmt":"2025-01-07T14:05:44","guid":{"rendered":"https:\/\/www.burgosdeporte.com\/?p=132701"},"modified":"2025-01-08T17:31:51","modified_gmt":"2025-01-08T15:31:51","slug":"francamente-mejorable","status":"publish","type":"post","link":"https:\/\/www.burgosdeporte.com\/?p=132701","title":{"rendered":"Francamente mejorable"},"content":{"rendered":"\n<h2 class=\"wp-block-heading\">Comentario de opini\u00f3n de Jairo Velasco sobre la actualidad del Burgos CF.<\/h2>\n\n\n\n<p>Resulta curiosa, por llamarlo de alguna manera, la forma a la que se trata hoy en d\u00eda al socio en la mayor\u00eda de los clubes de f\u00fatbol. Cuando hay que pasar por taquilla por el mes de agosto todos somos important\u00edsimos, la base de un proyecto que no se entender\u00eda sin su afici\u00f3n y de la que no se duda en sacar pecho cuando es galardonada como una de las mejores de la categor\u00eda.<\/p>\n\n\n\n<p>M\u00e1s all\u00e1 de eso todos sabemos que se nos tiene en cuenta entre cero y nada para el resto de decisiones. El que paga manda, y hasta ese punto todos somos conscientes, pero el que paga tambi\u00e9n tiene que saber que sin los que todos los fin de semana acuden a El Plant\u00edo, nada de su proyecto tiene sentido.\u00a0<\/p>\n\n\n\n<p>Esta directiva vino haciendo bandera de transparencia en contraste al oscurantismo que hab\u00edamos vivido en los a\u00f1os de los tan burgalesistas amigos de Yucon y por momentos parec\u00edan cumplirlo con sus numerosas apariciones p\u00fablicas explicando con detalle a los aficionados todas las decisiones que se iban tomando en el proyecto. Y a partir de aqu\u00ed viene mi dicotom\u00eda entre comprender al que pone el dinero y mi posici\u00f3n como aficionado.&nbsp;<\/p>\n\n\n\n<p>No pude comprender la grandilocuencia en la presentaci\u00f3n de la plantilla como una de las m\u00e1s competitivas para disputar el ascenso directo, en contraposici\u00f3n a lo que hasta entonces hab\u00edamos visto en las cautas palabras de la direcci\u00f3n deportiva en las temporadas que llevan en Burgos. Y m\u00e1s a sabiendas de la aleatoriedad de esta competici\u00f3n, en la cual tener la mejor plantilla no te asegura para nada el \u00e9xito por el mes de mayo.&nbsp;<\/p>\n\n\n\n<p>Tampoco comprend\u00ed la incorporaci\u00f3n de jugadores como Lisandro o Thomas, muy alejados del mercado que se sol\u00eda sondear en las \u00faltimas temporadas y con trayectorias deportivas en clara decadencia, demostrando el tiempo que su \u00e9xito era una posibilidad muy remota. Como resultado obtuvimos una plantilla poco compensada en la que en muchas posiciones depend\u00edamos de un solo jugador, teniendo \u201cover booking\u201d en otras parcelas del campo.<\/p>\n\n\n\n<p>Y por si a\u00fan alguien ten\u00eda dudas de si hab\u00eda que cambiar cosas de cara a la segunda vuelta, la propia presidencia se encarg\u00f3 de dar nombres y apellidos de los jugadores que saldr\u00edan antes del inicio del mercado de fichajes, esperando a lo que ofrezca el mercado para completar dichas vacantes.&nbsp;<\/p>\n\n\n\n<p>Loic se ausenta repetidamente de los entrenamientos y no hay explicaciones, Lisandro aparece con la ropa de su nuevo equipo en redes y nosotros a\u00fan no tenemos noticias por parte del nuestro, Alex Sancris pisa aisladamente el c\u00e9sped ante su m\u00e1s que l\u00f3gica y probable marcha y el aficionado no sabe nada. Sumamos una tras otra y tras otra y la lista de los asuntos sin explicaci\u00f3n cada vez se hace m\u00e1s grande.<\/p>\n\n\n\n<p>Me alarma que de repente nuestro mercado de fichajes haya pasado de lo conocido por Michu al inmenso continente sudamericano mientras el resto de equipos contra los que vamos a competir por el descenso se van reforzando con jugadores experimentados y con conocimiento de esos momentos cr\u00edticos en la categor\u00eda. Porque ojala se harte a marcar goles con nuestra camiseta, pero un delantero de la segunda divisi\u00f3n uruguaya no parece que sea la soluci\u00f3n a los problemas.<\/p>\n\n\n\n<p>Est\u00e1 faltando la l\u00f3gica que tanto hab\u00eda imperado desde la llegada del asturiano, y eso, no puede dejar de preocuparnos.<\/p>\n","protected":false},"excerpt":{"rendered":"<p>Comentario de opini\u00f3n de Jairo Velasco sobre la actualidad del Burgos CF. Resulta curiosa, por llamarlo de alguna manera, la forma a la que se trata hoy en d\u00eda al socio en la mayor\u00eda de los clubes de f\u00fatbol. Cuando hay que pasar por taquilla por el mes de agosto todos somos important\u00edsimos, la base [&hellip;]<\/p>\n","protected":false},"author":15,"featured_media":132703,"comment_status":"closed","ping_status":"closed","sticky":false,"template":"","format":"standard","meta":{"_monsterinsights_skip_tracking":false,"_monsterinsights_sitenote_active":false,"_monsterinsights_sitenote_note":"","_monsterinsights_sitenote_category":0,"footnotes":""},"categories":[4,14],"tags":[1553,29,834,13],"class_list":{"0":"post-132701","1":"post","2":"type-post","3":"status-publish","4":"format-standard","5":"has-post-thumbnail","7":"category-futbol","8":"category-opinion","9":"tag-actualidad-2","10":"tag-burgoscf","11":"tag-jairovelasco","12":"tag-opinion"},"views":772,"_links":{"self":[{"href":"https:\/\/www.burgosdeporte.com\/index.php?rest_route=\/wp\/v2\/posts\/132701","targetHints":{"allow":["GET"]}}],"collection":[{"href":"https:\/\/www.burgosdeporte.com\/index.php?rest_route=\/wp\/v2\/posts"}],"about":[{"href":"https:\/\/www.burgosdeporte.com\/index.php?rest_route=\/wp\/v2\/types\/post"}],"author":[{"embeddable":true,"href":"https:\/\/www.burgosdeporte.com\/index.php?rest_route=\/wp\/v2\/users\/15"}],"replies":[{"embeddable":true,"href":"https:\/\/www.burgosdeporte.com\/index.php?rest_route=%2Fwp%2Fv2%2Fcomments&post=132701"}],"version-history":[{"count":1,"href":"https:\/\/www.burgosdeporte.com\/index.php?rest_route=\/wp\/v2\/posts\/132701\/revisions"}],"predecessor-version":[{"id":132705,"href":"https:\/\/www.burgosdeporte.com\/index.php?rest_route=\/wp\/v2\/posts\/132701\/revisions\/132705"}],"wp:featuredmedia":[{"embeddable":true,"href":"https:\/\/www.burgosdeporte.com\/index.php?rest_route=\/wp\/v2\/media\/132703"}],"wp:attachment":[{"href":"https:\/\/www.burgosdeporte.com\/index.php?rest_route=%2Fwp%2Fv2%2Fmedia&parent=132701"}],"wp:term":[{"taxonomy":"category","embeddable":true,"href":"https:\/\/www.burgosdeporte.com\/index.php?rest_route=%2Fwp%2Fv2%2Fcategories&post=132701"},{"taxonomy":"post_tag","embeddable":true,"href":"https:\/\/www.burgosdeporte.com\/index.php?rest_route=%2Fwp%2Fv2%2Ftags&post=132701"}],"curies":[{"name":"wp","href":"https:\/\/api.w.org\/{rel}","templated":true}]}}