{"id":132457,"date":"2025-01-02T13:53:24","date_gmt":"2025-01-02T11:53:24","guid":{"rendered":"https:\/\/www.burgosdeporte.com\/?p=132457"},"modified":"2025-01-03T13:46:21","modified_gmt":"2025-01-03T11:46:21","slug":"cuatro-compromisos-del-tubos-aranda-para-preparar-el-regreso","status":"publish","type":"post","link":"https:\/\/www.burgosdeporte.com\/?p=132457","title":{"rendered":"Cuatro compromisos del Tubos Aranda para preparar el regreso"},"content":{"rendered":"\n<p><strong><em>La escuadra amarilla jugar\u00e1 los dos primeros partidos en el Santiago Mangu\u00e1n ante Valladolid y Logro\u00f1o<\/em><\/strong><\/p>\n\n\n\n<p class=\"has-text-align-right\">(<em>Fotograf\u00eda: Arcalle\/Villa de Aranda<\/em>)<\/p>\n\n\n<div class=\"wp-block-image\">\n<figure class=\"aligncenter size-full\"><a href=\"https:\/\/felixrubio.es\/\" target=\"_blank\" rel=\" noreferrer noopener\"><img loading=\"lazy\" decoding=\"async\" width=\"300\" height=\"90\" src=\"https:\/\/www.burgosdeporte.com\/wp-content\/uploads\/2023\/10\/Felix_rubio_2.gif\" alt=\"\" class=\"wp-image-108903\"\/><\/a><\/figure>\n<\/div>\n\n\n<p>El Tubos Aranda Villa de Aranda ha programado cuatro partidos para preparar su regreso a la competici\u00f3n. La escuadra amarilla jugar\u00e1 los dos primeros partidos en el Santiago Mangu\u00e1n ante Valladolid y Logro\u00f1o.<\/p>\n\n\n\n<p>M\u00e1s adelante, viaje a Guadalajara y Logro\u00f1o. El equipo regresa a los entrenamientos en 7 de enero. Fischer, en plena forma con Argentina en el Mundial. Y Samu Saiz, con los Hispanos J\u00fanior<\/p>\n\n\n\n<p>La pretemporada invernal de Tubos Aranda Villa de Aranda ya tiene fechas y rivales. El club anunciaba hace unas fechas el plan de trabajo para este tiempo de preparaci\u00f3n durante el obligado par\u00f3n de Liga Plenitude Asobal ante la celebraci\u00f3n del Mundial de balonmano.<\/p>\n\n\n\n<p>Finalmente, el equipo disputar\u00e1 un total de cuatro encuentros de preparaci\u00f3n. Dos se jugar\u00e1n en el Santiago Mangu\u00e1n y otros lejos del pabell\u00f3n de las tierras del Duero.<\/p>\n\n\n\n<p>Con el regreso al trabajo el pr\u00f3ximo martes 7 de enero, la plantilla de Javi M\u00e1rquez comenzar\u00e1 a preparar el primero de los encuentros, el 17 de enero ante Atl\u00e9tico Valladolid en casa. A continuaci\u00f3n, la escuadra amarilla se medir\u00e1 a Logro\u00f1o una semana m\u00e1s tarde el viernes 24 de enero, tambi\u00e9n ante su afici\u00f3n.<\/p>\n\n\n\n<p>Despu\u00e9s llegar\u00e1 el turno de los dos encuentros lejos del Santiago Mangu\u00e1n. As\u00ed, el equipo se desplazar\u00e1 a Guadalajara el viernes 31 de enero para medirse a la escuadra morada. Y finalmente, una semana m\u00e1s tarde, el 7 de febrero los arandinos devolver\u00e1n la visita a Logro\u00f1o. En la v\u00edspera de la jornada de regreso a Liga Plentiude.<\/p>\n\n\n\n<p><strong>Nombres propios: Fischer, Samu y Lander<\/strong><\/p>\n\n\n\n<p>En cuento al resto de la actualidad de la escuadra de las tierras del Duero tres son los nombres propios de presente y futuro. La presencia de Fischer en el Mundial comparte protagonismo con Samu Saiz en el Torneo IV Naciones.<\/p>\n\n\n\n<p>A ellos se sumar\u00e1, el esperado debut de Lander Sim\u00f3n con la escuadra amarilla. Un estreno que podr\u00eda llegar durante la preparaci\u00f3n invernal o m\u00e1s adelante ya en la 2\u00aa vuelta de competici\u00f3n en Liga Plenitude Asobal.<\/p>\n","protected":false},"excerpt":{"rendered":"<p>La escuadra amarilla jugar\u00e1 los dos primeros partidos en el Santiago Mangu\u00e1n ante Valladolid y Logro\u00f1o (Fotograf\u00eda: Arcalle\/Villa de Aranda) El Tubos Aranda Villa de Aranda ha programado cuatro partidos para preparar su regreso a la competici\u00f3n. La escuadra amarilla jugar\u00e1 los dos primeros partidos en el Santiago Mangu\u00e1n ante Valladolid y Logro\u00f1o. M\u00e1s adelante, [&hellip;]<\/p>\n","protected":false},"author":24,"featured_media":132458,"comment_status":"closed","ping_status":"closed","sticky":false,"template":"","format":"standard","meta":{"_monsterinsights_skip_tracking":false,"_monsterinsights_sitenote_active":false,"_monsterinsights_sitenote_note":"","_monsterinsights_sitenote_category":0,"footnotes":""},"categories":[118],"tags":[1553,119,249,250],"class_list":{"0":"post-132457","1":"post","2":"type-post","3":"status-publish","4":"format-standard","5":"has-post-thumbnail","7":"category-balonmano","8":"tag-actualidad-2","9":"tag-balonmano","10":"tag-bmvilladearanda","11":"tag-tubosaranda"},"views":207,"_links":{"self":[{"href":"https:\/\/www.burgosdeporte.com\/index.php?rest_route=\/wp\/v2\/posts\/132457","targetHints":{"allow":["GET"]}}],"collection":[{"href":"https:\/\/www.burgosdeporte.com\/index.php?rest_route=\/wp\/v2\/posts"}],"about":[{"href":"https:\/\/www.burgosdeporte.com\/index.php?rest_route=\/wp\/v2\/types\/post"}],"author":[{"embeddable":true,"href":"https:\/\/www.burgosdeporte.com\/index.php?rest_route=\/wp\/v2\/users\/24"}],"replies":[{"embeddable":true,"href":"https:\/\/www.burgosdeporte.com\/index.php?rest_route=%2Fwp%2Fv2%2Fcomments&post=132457"}],"version-history":[{"count":1,"href":"https:\/\/www.burgosdeporte.com\/index.php?rest_route=\/wp\/v2\/posts\/132457\/revisions"}],"predecessor-version":[{"id":132459,"href":"https:\/\/www.burgosdeporte.com\/index.php?rest_route=\/wp\/v2\/posts\/132457\/revisions\/132459"}],"wp:featuredmedia":[{"embeddable":true,"href":"https:\/\/www.burgosdeporte.com\/index.php?rest_route=\/wp\/v2\/media\/132458"}],"wp:attachment":[{"href":"https:\/\/www.burgosdeporte.com\/index.php?rest_route=%2Fwp%2Fv2%2Fmedia&parent=132457"}],"wp:term":[{"taxonomy":"category","embeddable":true,"href":"https:\/\/www.burgosdeporte.com\/index.php?rest_route=%2Fwp%2Fv2%2Fcategories&post=132457"},{"taxonomy":"post_tag","embeddable":true,"href":"https:\/\/www.burgosdeporte.com\/index.php?rest_route=%2Fwp%2Fv2%2Ftags&post=132457"}],"curies":[{"name":"wp","href":"https:\/\/api.w.org\/{rel}","templated":true}]}}