{"id":131997,"date":"2024-12-20T19:11:57","date_gmt":"2024-12-20T17:11:57","guid":{"rendered":"https:\/\/www.burgosdeporte.com\/?p=131997"},"modified":"2024-12-22T00:27:52","modified_gmt":"2024-12-21T22:27:52","slug":"huesca-ultimo-destino-del-ano-para-tubos-aranda","status":"publish","type":"post","link":"https:\/\/www.burgosdeporte.com\/?p=131997","title":{"rendered":"Huesca, \u00faltimo destino del a\u00f1o para Tubos Aranda"},"content":{"rendered":"\n<p><strong><em>Los arandinos visitan al colista este s\u00e1bado, a las 17:30 horas<\/em><\/strong><\/p>\n\n\n\n<p class=\"has-text-align-right\">(<em>Fotograf\u00eda: Arcalle\/Villa de Aranda<\/em>)<\/p>\n\n\n<div class=\"wp-block-image\">\n<figure class=\"aligncenter size-full\"><a href=\"https:\/\/felixrubio.es\/\" target=\"_blank\" rel=\" noreferrer noopener\"><img loading=\"lazy\" decoding=\"async\" width=\"300\" height=\"90\" src=\"https:\/\/www.burgosdeporte.com\/wp-content\/uploads\/2023\/10\/Felix_rubio_2.gif\" alt=\"\" class=\"wp-image-108903\"\/><\/a><\/figure>\n<\/div>\n\n\n<p>El Tubos Aranda visita al Huesca, colista de la clasificaci\u00f3n, este s\u00e1bado, a partir de las 17:30 horas. Los amarillos llegan con la idea de sumar nuevamente lejos del Santiago Mangu\u00e1n. M\u00e1rquez recupera a Pau Guitart y Juan Tamayo. Pino y Agust\u00edn Vega son baja. Los oscenses no han ganado ning\u00fan partido en casa y club decreta el \u2018D\u00eda del Abonado\u2019 para sumar mayor apoyo en las gradas.<\/p>\n\n\n\n<p>La 15\u00aa jornada cierra el 2024 y la primera vuelta en Liga Plenitude Asobal. Tubos Aranda Villa de Aranda (12\u00ba, 10 puntos) cierra otro ciclo de tres partidos en apenas siete d\u00edas con su visita al Municipal de Huesca para medirse al colista, Bada Huesca (16\u00ba, 5 puntos)<\/p>\n\n\n\n<p>El punto en Cuenca y la derrota ante el Bar\u00e7a, bagaje amarillo frente a la p\u00edrrica racha de resultados de los de Nolasco \u2013tres derrotas en ese mismo ciclo semanal-. No se podr\u00e1n lanzar las campanas al vuelo, pero el devenir de la competici\u00f3n sit\u00faa un punto por encima a los de las tierras del Duero como m\u00e1s favorito en la capital oscense.<\/p>\n\n\n\n<p><strong>Javi M\u00e1rquez muestra prudencia<\/strong><\/p>\n\n\n\n<p>M\u00e1rquez que mantiene la prudencia, apunta que \u201cjugar en Asobal como visitante no te hace favorito\u201d y resalta que \u201chay que hacer un partido serio y s\u00f3lido en defensa\u201d.<\/p>\n\n\n\n<p>Si bien es cierto, que en las \u00faltimas jornadas Nolasco ha recuperado efectivos y el equipo oscense ha demostrado una mejor\u00eda en su juego. Circunstancia que puede igualar fuerzas, m\u00e1s a\u00fan si atendemos a las bajas amarillas para el encuentro: Pino y Agus, lesionados. Por contra, regresan a la citaci\u00f3n Pau Guitart, en porter\u00eda, y Tamayo, en el extremo, tras superar sendos procesos gripales.<\/p>\n\n\n\n<p><strong>El an\u00e1lisis del rival por \u00c1ngel Magdaleno<\/strong><\/p>\n\n\n\n<p>Mientras, y como todas las semanas, DUERO Deporte analiza al rival de los amarillos. En esta ocasi\u00f3n la perspectiva de \u00c1ngel Magdaleno nos habla de un rival que \u201cno ser\u00e1 f\u00e1cil\u201d y que se ha visto \u201caquejado por las lesiones\u201d y que ya ha recuperado recientemente a Ignacio Su\u00e1rez y \u00d3scar Garc\u00eda. Adem\u00e1s, destaca en cubano \u00c1ngel Malo (84 goles en 14 jornadas) para ser el cuarto m\u00e1ximo anotador de la competici\u00f3n. Una escuadra que por calidad ha de reaccionar y que tiene capacidad para \u201csorprender en cualquier momento como ya hizo en Le\u00f3n ante Ademar\u201d.<\/p>\n\n\n\n<p><strong>Samu, convocado con los Hispanos J\u00fanior<\/strong><\/p>\n\n\n\n<p>En la actualidad amarilla otros dos nombres son noticia. Samu Saiz. El lateral izquierdo valenciano del Villa de Aranda ha recibido la llamada de la selecci\u00f3n espa\u00f1ola J\u00fanior para disputar del 9 al 11 de enero el Torneo IV Naciones que se va a disputar en Pinhel (Portugal)<\/p>\n\n\n\n<p><strong>Agust\u00edn Vega sufre un esguince del ligamento cruzado anterior<\/strong><\/p>\n\n\n\n<p>Mientras, este viernes el club ha conocido el diagn\u00f3stico m\u00e9dico final de la lesi\u00f3n de rodilla de Agust\u00edn Vega. El lateral derecho argentino se lesion\u00f3 en el reciente partido ante el Bar\u00e7a en el Santaigo Mangu\u00e1n y tras la resonancia que se le realizaba el mi\u00e9rcoles sufre un esguince del ligamento cruzado anterior en su rodilla derecha.<\/p>\n\n\n\n<p>Dicha lesi\u00f3n no requerir\u00e1 intervenci\u00f3n quir\u00fargica alguna y comenzar\u00e1 en los pr\u00f3ximos d\u00edas su correspondiente proceso de recuperaci\u00f3n con el objetivo de llegar en plenas facultades al regreso de la competici\u00f3n liguera de febrero.<\/p>\n\n\n\n<p>Hay que recordar que Vega estaba preseleccionado con Argentina para el Mundial del pr\u00f3ximo mes de enero, al igual que su compa\u00f1ero en las filas amarillas, Fischer.<\/p>\n","protected":false},"excerpt":{"rendered":"<p>Los arandinos visitan al colista este s\u00e1bado, a las 17:30 horas (Fotograf\u00eda: Arcalle\/Villa de Aranda) El Tubos Aranda visita al Huesca, colista de la clasificaci\u00f3n, este s\u00e1bado, a partir de las 17:30 horas. Los amarillos llegan con la idea de sumar nuevamente lejos del Santiago Mangu\u00e1n. M\u00e1rquez recupera a Pau Guitart y Juan Tamayo. Pino [&hellip;]<\/p>\n","protected":false},"author":24,"featured_media":131998,"comment_status":"closed","ping_status":"closed","sticky":false,"template":"","format":"standard","meta":{"_monsterinsights_skip_tracking":false,"_monsterinsights_sitenote_active":false,"_monsterinsights_sitenote_note":"","_monsterinsights_sitenote_category":0,"footnotes":""},"categories":[118],"tags":[119,250,593],"class_list":{"0":"post-131997","1":"post","2":"type-post","3":"status-publish","4":"format-standard","5":"has-post-thumbnail","7":"category-balonmano","8":"tag-balonmano","9":"tag-tubosaranda","10":"tag-villadearanda"},"views":180,"_links":{"self":[{"href":"https:\/\/www.burgosdeporte.com\/index.php?rest_route=\/wp\/v2\/posts\/131997","targetHints":{"allow":["GET"]}}],"collection":[{"href":"https:\/\/www.burgosdeporte.com\/index.php?rest_route=\/wp\/v2\/posts"}],"about":[{"href":"https:\/\/www.burgosdeporte.com\/index.php?rest_route=\/wp\/v2\/types\/post"}],"author":[{"embeddable":true,"href":"https:\/\/www.burgosdeporte.com\/index.php?rest_route=\/wp\/v2\/users\/24"}],"replies":[{"embeddable":true,"href":"https:\/\/www.burgosdeporte.com\/index.php?rest_route=%2Fwp%2Fv2%2Fcomments&post=131997"}],"version-history":[{"count":1,"href":"https:\/\/www.burgosdeporte.com\/index.php?rest_route=\/wp\/v2\/posts\/131997\/revisions"}],"predecessor-version":[{"id":131999,"href":"https:\/\/www.burgosdeporte.com\/index.php?rest_route=\/wp\/v2\/posts\/131997\/revisions\/131999"}],"wp:featuredmedia":[{"embeddable":true,"href":"https:\/\/www.burgosdeporte.com\/index.php?rest_route=\/wp\/v2\/media\/131998"}],"wp:attachment":[{"href":"https:\/\/www.burgosdeporte.com\/index.php?rest_route=%2Fwp%2Fv2%2Fmedia&parent=131997"}],"wp:term":[{"taxonomy":"category","embeddable":true,"href":"https:\/\/www.burgosdeporte.com\/index.php?rest_route=%2Fwp%2Fv2%2Fcategories&post=131997"},{"taxonomy":"post_tag","embeddable":true,"href":"https:\/\/www.burgosdeporte.com\/index.php?rest_route=%2Fwp%2Fv2%2Ftags&post=131997"}],"curies":[{"name":"wp","href":"https:\/\/api.w.org\/{rel}","templated":true}]}}