{"id":131780,"date":"2024-12-16T19:35:08","date_gmt":"2024-12-16T17:35:08","guid":{"rendered":"https:\/\/www.burgosdeporte.com\/?p=131780"},"modified":"2024-12-17T17:57:04","modified_gmt":"2024-12-17T15:57:04","slug":"insulso-punto","status":"publish","type":"post","link":"https:\/\/www.burgosdeporte.com\/?p=131780","title":{"rendered":"Insulso punto"},"content":{"rendered":"\n<h2 class=\"wp-block-heading\">Art\u00edculo de opini\u00f3n de Jairo Velasco sobre la actualidad del Burgos CF.<\/h2>\n\n\n\n<p>Es mejor ganar un punto que arriesgarse a que el rival se lleve tres. Es una afirmaci\u00f3n dif\u00edcil de entender desde el punto de vista del aficionado pero muy comprensible en la cabeza del entrenador en una liga de cuarenta y dos jornadas que puede parecer eterna, pero en la que son peque\u00f1os detalles los que marcan la diferencia en las posiciones all\u00e1 en el mes de junio.&nbsp;&nbsp;<\/p>\n\n\n\n<p>Lo que parece seguro ya, aunque a\u00fan no hayamos cruzado la l\u00ednea del ecuador de la competici\u00f3n, es que este equipo va a sufrir hasta el final. Mucho tienen que cambiar las cosas y muy acertado ha de estar nuestro director deportivo en el mercado de invierno para alejarnos de unas posiciones a las que parecemos estar condenados por mucho que rememos.&nbsp;<\/p>\n\n\n\n<p>No se puede negar el esfuerzo de la mayor parte de los jugadores que siguen muy lastrados por un componente mental que no les deja rendir al m\u00e1ximo exponente de sus cualidades, convirti\u00e9ndoles en futbolistas del mont\u00f3n e incapaces de dar la vuelta a una situaci\u00f3n que se empez\u00f3 a torcer hace m\u00e1s de diez jornadas atr\u00e1s.<\/p>\n\n\n\n<p>Queda demostrado que \u00fanicamente con \u00edmpetu no basta en una categor\u00eda que premia m\u00e1s la ausencia de errores que los aciertos, y en la que arriesgar tiene m\u00e1s posibilidades de ser infructuoso que de todo lo contrario. Ramis esto lo sabe a la perfecci\u00f3n y los dos \u00faltimos partidos de casa plasman que para empezar a crecer debemos aprender a tener la porter\u00eda a cero, aunque eso signifique que nosotros tampoco seamos capaces de inquietar al rival en demas\u00eda.&nbsp;<\/p>\n\n\n\n<p>Un entrenador claro, quiz\u00e1s m\u00e1s emp\u00e1tico con el aficionado que con la plantilla y al que no le tiembla el pulso para un toque de atenci\u00f3n p\u00fablico al que considera que est\u00e1 dando un nivel por debajo de lo que espera. Un arma del doble filo que puede apuntillar el orgullo de una plantilla ya de por si mermada, pero de la que \u00e9l espera mucho m\u00e1s, porque de quien no esperas nada, tampoco le exiges.&nbsp;<\/p>\n\n\n\n<p>A la afici\u00f3n le pedir\u00eda paciencia y compresi\u00f3n, entendiendo esta mala racha como algo natural, un proceso vital que necesita espacio para respirar y en el que los que se acerquen sirvan de apoyo m\u00e1s que de castigo. Porque todos ofrecer\u00edamos la mano a un amigo que lo est\u00e1 pasando mal, y con m\u00e1s firmeza lo har\u00edamos si en sus intentonas de salir de la crisis, se hundiera un poco m\u00e1s.&nbsp;<\/p>\n\n\n\n<p>Es imposible irse contento con las sensaciones de un partido en la que volvimos a no ser protagonistas, acumulando de nuevo m\u00e1s de un centenar de p\u00e9rdidas de pelota que nos acercan m\u00e1s a los registros de un equipo semiprofesional que a ese conjunto que optar\u00eda al play off desde septiembre y del que ya no parece quedar nada. Un punto que a\u00fan sabiendo que no es malo y que puede ser positivo en el futuro, nos deja con la sensaci\u00f3n de una oportunidad perdida.&nbsp;<\/p>\n\n\n\n<p>Primera parada en una semana que despedir\u00e1 un a\u00f1o dos mil veinticuatro en el que hemos tenido de todo. \u00daltimo esfuerzo antes de unas vacaciones que se antojan necesarias como un reset en las cabezas de todos pero a las que estamos obligados a llegar con cierto ox\u00edgeno sobre las posiciones de descenso para que el adviento no se convierta en penitencia.<\/p>\n","protected":false},"excerpt":{"rendered":"<p>Art\u00edculo de opini\u00f3n de Jairo Velasco sobre la actualidad del Burgos CF. Es mejor ganar un punto que arriesgarse a que el rival se lleve tres. Es una afirmaci\u00f3n dif\u00edcil de entender desde el punto de vista del aficionado pero muy comprensible en la cabeza del entrenador en una liga de cuarenta y dos jornadas [&hellip;]<\/p>\n","protected":false},"author":15,"featured_media":131789,"comment_status":"closed","ping_status":"closed","sticky":false,"template":"","format":"standard","meta":{"_monsterinsights_skip_tracking":false,"_monsterinsights_sitenote_active":false,"_monsterinsights_sitenote_note":"","_monsterinsights_sitenote_category":0,"footnotes":""},"categories":[4,14],"tags":[1553,29,834],"class_list":{"0":"post-131780","1":"post","2":"type-post","3":"status-publish","4":"format-standard","5":"has-post-thumbnail","7":"category-futbol","8":"category-opinion","9":"tag-actualidad-2","10":"tag-burgoscf","11":"tag-jairovelasco"},"views":266,"_links":{"self":[{"href":"https:\/\/www.burgosdeporte.com\/index.php?rest_route=\/wp\/v2\/posts\/131780","targetHints":{"allow":["GET"]}}],"collection":[{"href":"https:\/\/www.burgosdeporte.com\/index.php?rest_route=\/wp\/v2\/posts"}],"about":[{"href":"https:\/\/www.burgosdeporte.com\/index.php?rest_route=\/wp\/v2\/types\/post"}],"author":[{"embeddable":true,"href":"https:\/\/www.burgosdeporte.com\/index.php?rest_route=\/wp\/v2\/users\/15"}],"replies":[{"embeddable":true,"href":"https:\/\/www.burgosdeporte.com\/index.php?rest_route=%2Fwp%2Fv2%2Fcomments&post=131780"}],"version-history":[{"count":1,"href":"https:\/\/www.burgosdeporte.com\/index.php?rest_route=\/wp\/v2\/posts\/131780\/revisions"}],"predecessor-version":[{"id":131786,"href":"https:\/\/www.burgosdeporte.com\/index.php?rest_route=\/wp\/v2\/posts\/131780\/revisions\/131786"}],"wp:featuredmedia":[{"embeddable":true,"href":"https:\/\/www.burgosdeporte.com\/index.php?rest_route=\/wp\/v2\/media\/131789"}],"wp:attachment":[{"href":"https:\/\/www.burgosdeporte.com\/index.php?rest_route=%2Fwp%2Fv2%2Fmedia&parent=131780"}],"wp:term":[{"taxonomy":"category","embeddable":true,"href":"https:\/\/www.burgosdeporte.com\/index.php?rest_route=%2Fwp%2Fv2%2Fcategories&post=131780"},{"taxonomy":"post_tag","embeddable":true,"href":"https:\/\/www.burgosdeporte.com\/index.php?rest_route=%2Fwp%2Fv2%2Ftags&post=131780"}],"curies":[{"name":"wp","href":"https:\/\/api.w.org\/{rel}","templated":true}]}}