{"id":131373,"date":"2024-12-09T16:59:16","date_gmt":"2024-12-09T14:59:16","guid":{"rendered":"https:\/\/www.burgosdeporte.com\/?p=131373"},"modified":"2024-12-10T15:45:30","modified_gmt":"2024-12-10T13:45:30","slug":"milagro-bajo-la-nieve","status":"publish","type":"post","link":"https:\/\/www.burgosdeporte.com\/?p=131373","title":{"rendered":"Milagro bajo la nieve"},"content":{"rendered":"\n<h2 class=\"wp-block-heading\">Comentario de opini\u00f3n de Jairo Velasco sobre la actualidad del Burgos CF. <\/h2>\n\n\n\n<p>Esto es el puro sentimiento, como un gol en el descuento, que naci\u00f3 de las entra\u00f1as y te llega al coraz\u00f3n; Pocas maneras de definirlo mejor que como lo hacen los burgaleses de La MODA en su canci\u00f3n \u201cColectivo Nostalgia\u201d. Un instante que lo cambia todo, en el que lo ocurrido hasta ese momento se relativiza y la alegr\u00eda desborda hasta rozar la enajenaci\u00f3n.&nbsp;<\/p>\n\n\n\n<p>Y si pocas maneras mejores hay de definirlo, tambi\u00e9n hay pocas maneras mejores de dibujarlo. Tarde de diciembre, de fr\u00edo y nieve, a la que la imaginaci\u00f3n de cualquier aficionado al f\u00fatbol puede llevarle si piensa en Burgos y en El Plant\u00edo. Porque lo durante noventa y dos minutos hab\u00eda sido enfado y desilusi\u00f3n, pas\u00f3 a no importar con la incontenible explosi\u00f3n de emociones que nos ten\u00eda guardada la tarde.&nbsp;<\/p>\n\n\n\n<p>Un gol de ox\u00edgeno que significa mucho m\u00e1s de tres puntos. Olvidar un partido de Copa del Rey en el que la actitud de los jugadores fue irrespetuosa con el escudo y con la competici\u00f3n de los aficionados, en la que el azar puede cruzarte con uno de esos equipos a los que estamos acostumbrados a ver \u00fanicamente por la televisi\u00f3n. Se puede perder de muchas formas y la de Marbella fue la peor de todas.<\/p>\n\n\n\n<p>Una nueva final se nos planteaba en la jornada dieciocho y el escenario sigue atenazando a unos jugadores que no parecen adaptarse a una situaci\u00f3n sobrevenida pero a la que mentalmente no est\u00e1n preparados. Continua concatenaci\u00f3n de errores y malas decisiones fruto de la tensi\u00f3n negativa que debilita las cualidades de quienes hemos visto rendir a mucho m\u00e1s nivel.&nbsp;<\/p>\n\n\n\n<p>Madurez y sobriedad que parece difuminarse en algunos pero que sobresalen en otros que a priori no parec\u00edan ser los se\u00f1alados como l\u00edderes pero que en las malas se convierten en los soportes del equipo. Hablo de David L\u00f3pez, protagonista en un d\u00eda de heroicidad patria como la festividad de la Inmaculada, y que llegando sin hacer ruido y con un papel secundario, suma destacadas actuaciones desde la discreci\u00f3n, porque cuando est\u00e1 el sobre el c\u00e9sped, el equipo suele sufrir bastante menos, disimulando ser uno de los jugadores m\u00e1s j\u00f3venes del plantel.&nbsp;<\/p>\n\n\n\n<p>Pese al resultado y al buen sabor de boca con el que salimos todos del municipal, no podemos ser ajenos al bache que sigue atravesando el equipo. Sin automatismos ni ideas predefinidas, confiando nuestra suerte a las individualidades de unos jugadores que no se reencuentran con la inspiraci\u00f3n por m\u00e1s jornadas que pasen. Falta de continuidad y soluciones insuficientes que de seguir as\u00ed probablemente nos condenen al sufrimiento en lo que queda de temporada.&nbsp;<\/p>\n\n\n\n<p>Esto no para y este \u00faltimo mes del a\u00f1o trae consigo enfrentamientos directos con rivales por el descenso en los que los errores probablemente tengan mucho m\u00e1s peso que los aciertos. Ese sigue siendo nuestro d\u00e9ficit y donde Ramis ha de aunar todos sus esfuerzos porque, como ya he comentado de manera recurrente en cada comentario, por ah\u00ed pasa nuestra mejor\u00eda.&nbsp;<\/p>\n\n\n\n<p>Un mes de inflexi\u00f3n clave para afrontar con necesidad pero sin urgencias ni precipitaci\u00f3n un mercado de invierno necesario para solventar los problemas de confecci\u00f3n de una plantilla que se han hecho evidentes con el paso de las jornadas. Trabajo y responsabilidad para conseguir que esta situaci\u00f3n simplemente sea una an\u00e9cdota al final de temporada.&nbsp;<\/p>\n","protected":false},"excerpt":{"rendered":"<p>Comentario de opini\u00f3n de Jairo Velasco sobre la actualidad del Burgos CF. Esto es el puro sentimiento, como un gol en el descuento, que naci\u00f3 de las entra\u00f1as y te llega al coraz\u00f3n; Pocas maneras de definirlo mejor que como lo hacen los burgaleses de La MODA en su canci\u00f3n \u201cColectivo Nostalgia\u201d. Un instante que [&hellip;]<\/p>\n","protected":false},"author":15,"featured_media":131348,"comment_status":"closed","ping_status":"closed","sticky":false,"template":"","format":"standard","meta":{"_monsterinsights_skip_tracking":false,"_monsterinsights_sitenote_active":false,"_monsterinsights_sitenote_note":"","_monsterinsights_sitenote_category":0,"footnotes":""},"categories":[4,14],"tags":[1553,29,834],"class_list":{"0":"post-131373","1":"post","2":"type-post","3":"status-publish","4":"format-standard","5":"has-post-thumbnail","7":"category-futbol","8":"category-opinion","9":"tag-actualidad-2","10":"tag-burgoscf","11":"tag-jairovelasco"},"views":350,"_links":{"self":[{"href":"https:\/\/www.burgosdeporte.com\/index.php?rest_route=\/wp\/v2\/posts\/131373","targetHints":{"allow":["GET"]}}],"collection":[{"href":"https:\/\/www.burgosdeporte.com\/index.php?rest_route=\/wp\/v2\/posts"}],"about":[{"href":"https:\/\/www.burgosdeporte.com\/index.php?rest_route=\/wp\/v2\/types\/post"}],"author":[{"embeddable":true,"href":"https:\/\/www.burgosdeporte.com\/index.php?rest_route=\/wp\/v2\/users\/15"}],"replies":[{"embeddable":true,"href":"https:\/\/www.burgosdeporte.com\/index.php?rest_route=%2Fwp%2Fv2%2Fcomments&post=131373"}],"version-history":[{"count":1,"href":"https:\/\/www.burgosdeporte.com\/index.php?rest_route=\/wp\/v2\/posts\/131373\/revisions"}],"predecessor-version":[{"id":131374,"href":"https:\/\/www.burgosdeporte.com\/index.php?rest_route=\/wp\/v2\/posts\/131373\/revisions\/131374"}],"wp:featuredmedia":[{"embeddable":true,"href":"https:\/\/www.burgosdeporte.com\/index.php?rest_route=\/wp\/v2\/media\/131348"}],"wp:attachment":[{"href":"https:\/\/www.burgosdeporte.com\/index.php?rest_route=%2Fwp%2Fv2%2Fmedia&parent=131373"}],"wp:term":[{"taxonomy":"category","embeddable":true,"href":"https:\/\/www.burgosdeporte.com\/index.php?rest_route=%2Fwp%2Fv2%2Fcategories&post=131373"},{"taxonomy":"post_tag","embeddable":true,"href":"https:\/\/www.burgosdeporte.com\/index.php?rest_route=%2Fwp%2Fv2%2Ftags&post=131373"}],"curies":[{"name":"wp","href":"https:\/\/api.w.org\/{rel}","templated":true}]}}