{"id":130699,"date":"2024-11-28T00:32:51","date_gmt":"2024-11-27T22:32:51","guid":{"rendered":"https:\/\/www.burgosdeporte.com\/?p=130699"},"modified":"2024-11-28T14:32:29","modified_gmt":"2024-11-28T12:32:29","slug":"32-24-el-tubos-aranda-villa-de-aranda-resurge-ante-benidorm","status":"publish","type":"post","link":"https:\/\/www.burgosdeporte.com\/?p=130699","title":{"rendered":"32-24 El Tubos Aranda Villa de Aranda resurge ante Benidorm"},"content":{"rendered":"\n<h2 class=\"wp-block-heading\">Importante triunfo de los amarillos tras una gran primera parte (15-7) Los de M\u00e1rquez maduraron el encuentro para sumar la tercera victoria del curso.<\/h2>\n\n\n<div class=\"wp-block-image\">\n<figure class=\"aligncenter size-full\"><img loading=\"lazy\" decoding=\"async\" width=\"320\" height=\"250\" src=\"https:\/\/www.burgosdeporte.com\/wp-content\/uploads\/2023\/09\/CajaViva320x250Banner_Comprometidos_Desarrollo.gif\" alt=\"\" class=\"wp-image-107972\"\/><\/figure>\n<\/div>\n\n\n<p><em>Mi gran noche<\/em>\u2026 como la canci\u00f3n de Raphael, el\u00a0Tubos Aranda Villa de Aranda\u00a0se regal\u00f3 el mejor partido de la temporada. Un partido que lleg\u00f3 en el momento m\u00e1s oportuno para la escuadra amarilla que apareci\u00f3 en todas las fases para desarbolar y doblegar con justicia a un\u00a0Benidorm\u00a0que sufri\u00f3 las consecuencias (32-24) La tercera victoria del curso saca del descenso a los de Javi M\u00e1rquez antes de recibir este s\u00e1bado a Logro\u00f1o (16:00 h) en la 11\u00aa jornada de Liga Plenitude ASOBAL.<\/p>\n\n\n\n<p>El Tubos Aranda se despojar\u00eda de la presi\u00f3n a los tres minutos de partido. Del\u00a00-1\u00a0valenciano llegar\u00eda el primero de la noche de Dalmau. Preludio de un parcial fant\u00e1stico (5-0) que encarrilaba la primera parte y provocaba el\u00a0tiempo muerto de Carballeira. Mejor arranque imposible para afianzar los conceptos en la escuadra amarilla y aliviarse de la presi\u00f3n.<\/p>\n\n\n\n<p>La t\u00f3nica positiva no cesar\u00eda para mandar un partido impensable a los siete goles de diferencia (9-2) con la inestimable aportaci\u00f3n de una porter\u00eda en la\u00a0Guitart\u00a0y\u00a0Teij\u00f3n\u00a0frenaron los intentos de reacci\u00f3n levantina. Fant\u00e1stico. Una t\u00f3nica triunfal que no cesar\u00eda en lo que iba a restar de primera parte, porque sobrepasado el ecuador segu\u00edan el aplastante dominio amarillo con un\u00a011-3\u00a0en el marcador que sorprend\u00eda a propios y extra\u00f1os.<\/p>\n\n\n\n<p>Nada cambi\u00f3 hasta al cierre del primer acto en el 40\u00d720 arandino con un marcador elocuente (15-7)<\/p>\n\n\n\n<h3 class=\"wp-block-heading\"><strong>Confirmaci\u00f3n sin sobresaltos<\/strong><\/h3>\n\n\n\n<p>En la reanudaci\u00f3n, un comentario se escuchaba en la grada\u2026\u00a0<em>\u201cvamos a esperar la caraja\u201d<\/em>,\u00a0pero en esta noche, NO. En la jornada perfecta del Villa de Aranda, el apag\u00f3n no iba a tener lugar. Con un equipo al alza y otro desaparecido, el partido estaba en el bolsillo arandino. La renta m\u00e1s all\u00e1 de reducirse a ampli\u00f3 a los diez goles tras el primer parcial (19-9) Aunque tras una\u00a0tibia reacci\u00f3n valenciana\u00a0(20-14) el\u00a0partido regres\u00f3 al orden natural\u00a0de una noche excelsa (24-14) tras otro parcial demoledor de los amarillos. As\u00ed se lleg\u00f3 a la mitad de la segunda parte esperando que el plan no fallara y que sin contratiempos se cerrar\u00e1 la tercera victoria del curso. Y no hubo lugar a la duda y si a la confirmaci\u00f3n de una\u00a0victoria total\u00a0por\u00a032-24.<\/p>\n\n\n\n<p>Ahora esperar\u00e1 Logro\u00f1o el s\u00e1bado (16:00 horas) nuevamente en el Santiago Mangu\u00e1n. Una 11\u00aa jornada que los amarillos afrontar\u00e1n sin complejos tras la gran noche vivida este mi\u00e9rcoles que hace tomar impulso a los de M\u00e1rquez<\/p>\n\n\n\n<p><\/p>\n","protected":false},"excerpt":{"rendered":"<p>Importante triunfo de los amarillos tras una gran primera parte (15-7) Los de M\u00e1rquez maduraron el encuentro para sumar la tercera victoria del curso. Mi gran noche\u2026 como la canci\u00f3n de Raphael, el\u00a0Tubos Aranda Villa de Aranda\u00a0se regal\u00f3 el mejor partido de la temporada. Un partido que lleg\u00f3 en el momento m\u00e1s oportuno para la [&hellip;]<\/p>\n","protected":false},"author":24,"featured_media":130700,"comment_status":"closed","ping_status":"closed","sticky":false,"template":"","format":"standard","meta":{"_monsterinsights_skip_tracking":false,"_monsterinsights_sitenote_active":false,"_monsterinsights_sitenote_note":"","_monsterinsights_sitenote_category":0,"footnotes":""},"categories":[118],"tags":[1553,249,1826,1999],"class_list":{"0":"post-130699","1":"post","2":"type-post","3":"status-publish","4":"format-standard","5":"has-post-thumbnail","7":"category-balonmano","8":"tag-actualidad-2","9":"tag-bmvilladearanda","10":"tag-duerodeporte","11":"tag-tubosvilladearanda"},"views":218,"_links":{"self":[{"href":"https:\/\/www.burgosdeporte.com\/index.php?rest_route=\/wp\/v2\/posts\/130699","targetHints":{"allow":["GET"]}}],"collection":[{"href":"https:\/\/www.burgosdeporte.com\/index.php?rest_route=\/wp\/v2\/posts"}],"about":[{"href":"https:\/\/www.burgosdeporte.com\/index.php?rest_route=\/wp\/v2\/types\/post"}],"author":[{"embeddable":true,"href":"https:\/\/www.burgosdeporte.com\/index.php?rest_route=\/wp\/v2\/users\/24"}],"replies":[{"embeddable":true,"href":"https:\/\/www.burgosdeporte.com\/index.php?rest_route=%2Fwp%2Fv2%2Fcomments&post=130699"}],"version-history":[{"count":1,"href":"https:\/\/www.burgosdeporte.com\/index.php?rest_route=\/wp\/v2\/posts\/130699\/revisions"}],"predecessor-version":[{"id":130701,"href":"https:\/\/www.burgosdeporte.com\/index.php?rest_route=\/wp\/v2\/posts\/130699\/revisions\/130701"}],"wp:featuredmedia":[{"embeddable":true,"href":"https:\/\/www.burgosdeporte.com\/index.php?rest_route=\/wp\/v2\/media\/130700"}],"wp:attachment":[{"href":"https:\/\/www.burgosdeporte.com\/index.php?rest_route=%2Fwp%2Fv2%2Fmedia&parent=130699"}],"wp:term":[{"taxonomy":"category","embeddable":true,"href":"https:\/\/www.burgosdeporte.com\/index.php?rest_route=%2Fwp%2Fv2%2Fcategories&post=130699"},{"taxonomy":"post_tag","embeddable":true,"href":"https:\/\/www.burgosdeporte.com\/index.php?rest_route=%2Fwp%2Fv2%2Ftags&post=130699"}],"curies":[{"name":"wp","href":"https:\/\/api.w.org\/{rel}","templated":true}]}}