{"id":130624,"date":"2024-11-25T18:16:54","date_gmt":"2024-11-25T16:16:54","guid":{"rendered":"https:\/\/www.burgosdeporte.com\/?p=130624"},"modified":"2024-11-26T15:08:19","modified_gmt":"2024-11-26T13:08:19","slug":"nuestro-dia-d","status":"publish","type":"post","link":"https:\/\/www.burgosdeporte.com\/?p=130624","title":{"rendered":"Nuestro D\u00eda D"},"content":{"rendered":"\n<h2 class=\"wp-block-heading\">Comentario de opini\u00f3n de Jairo Velasco sobre la actualidad del Burgos CF.<\/h2>\n\n\n\n<p>Una final. Por mucho que quisi\u00e9ramos blanquear la situaci\u00f3n de nuestro equipo por aquello de quitar presi\u00f3n sobre los jugadores, todo el que sea seguidor del Burgos Club de F\u00fatbol sab\u00eda a la perfecci\u00f3n que el partido contra el Eibar no se pod\u00eda definir de otra manera. Rival mundano, en lo m\u00e1s puramente sem\u00e1ntico de la palabra, despu\u00e9s de un mes de dur\u00edsimos encuentros que hab\u00edan rebajado tanto nuestra posici\u00f3n como nuestros \u00e1nimos a la m\u00ednima expresi\u00f3n.<\/p>\n\n\n\n<p>Una mezcla entre incredulidad y resignaci\u00f3n envolv\u00eda el encuentro del s\u00e1bado. Incredulidad porque pese a haber tomado consciencia de que las aspiraciones a playoff que se nos prometieron desde pretemporada no eran reales ni por plantilla ni por f\u00fatbol, haber ca\u00eddo a puestos de descenso tambi\u00e9n es una circunstancia irreal. Y resignaci\u00f3n, porque aunque todos sabemos que no es nuestro sitio, pocas razones nos quedaban para asirnos a una mejor\u00eda que parec\u00eda que no llegaba por m\u00e1s est\u00edmulos que se dieran.&nbsp;<\/p>\n\n\n\n<p>Un c\u00famulo de dudas que no mejoraba durante la semana llenando la enfermer\u00eda de m\u00e1s jugadores tocados y sin poder recuperar a\u00fan a ninguno de los ca\u00eddos. Pero no val\u00edan las excusas, por muchas a la que nos pudi\u00e9ramos aferrar, para afrontar un partido clave sin fijarnos demasiado en lo que no pudi\u00e9ramos cambiar con nuestro esfuerzo, car\u00e1cter y coraje.&nbsp;<\/p>\n\n\n\n<p>Hablaba la semana pasada de que nuestra mejor\u00eda pasaba por la simplicidad, fuera de exuberancias y florituras. F\u00fatbol pr\u00e1ctico, sin necesidad de maravillar con lo vistoso, porque el momento requiere eso. Pragmatismo y sencillez: esas m\u00e1ximas del f\u00fatbol que se han convertido en obviedades, siendo rechazadas por muchos intentando inventar algo nuevo bajo su firma, pero que no dejan de ser la base de todo lo dem\u00e1s.&nbsp;<\/p>\n\n\n\n<p>El cambio pasaba por ah\u00ed, y as\u00ed sucedi\u00f3. Porter\u00eda a cero y aprovechar las que tengamos. F\u00e1cil de exponer pero dif\u00edcil de mantener en un equipo cuyo principal tal\u00f3n de Aquiles hab\u00eda sido la falta de concentraci\u00f3n, sin la cual es imposible la consecuci\u00f3n de tan axiom\u00e1tico enunciado. Dia de brega, de llegar antes y m\u00e1s fuerte, de estar atentos a sus fallos y de no mostrar nuestras debilidades.<\/p>\n\n\n\n<p>El objetivo se cumpli\u00f3 y la manera de conseguirlo roza la nimiedad. No es el momento de criticar el juego, el esquema, las sustituciones o pensar en el mercado de invierno. Es tiempo de depurar las cabezas, hacer un nuevo comienzo en la jornada diecis\u00e9is y no dejarnos arrastrar por una racha de la que ya hemos sacado un pie hacia un desv\u00edo de caminos.&nbsp;<\/p>\n\n\n\n<p>Enhorabuena a todos los que desde la grada, sin dejarse llevar por la situaci\u00f3n ni el aburrimiento que roz\u00f3 el partido en muchos momentos, pr\u00e1cticamente perdieron el alma animando a un equipo que lo necesitaba para seguir en pie y as\u00ed lo mostr\u00f3 en la celebraci\u00f3n del gol. Eso tambi\u00e9n es car\u00e1cter, saber afrontar los momentos dif\u00edciles en grupo, aportando cada uno lo que pueda para el bien com\u00fan.&nbsp;<\/p>\n\n\n\n<p>Porque si es bonito estar en las buenas, estar en las malas fortalece y crea algo que \u00fanicamente los que lo viven pueden entenderlo. El d\u00eda del cambio.&nbsp;<\/p>\n","protected":false},"excerpt":{"rendered":"<p>Comentario de opini\u00f3n de Jairo Velasco sobre la actualidad del Burgos CF. Una final. Por mucho que quisi\u00e9ramos blanquear la situaci\u00f3n de nuestro equipo por aquello de quitar presi\u00f3n sobre los jugadores, todo el que sea seguidor del Burgos Club de F\u00fatbol sab\u00eda a la perfecci\u00f3n que el partido contra el Eibar no se pod\u00eda [&hellip;]<\/p>\n","protected":false},"author":15,"featured_media":130627,"comment_status":"closed","ping_status":"closed","sticky":false,"template":"","format":"standard","meta":{"_monsterinsights_skip_tracking":false,"_monsterinsights_sitenote_active":false,"_monsterinsights_sitenote_note":"","_monsterinsights_sitenote_category":0,"footnotes":""},"categories":[4,14],"tags":[1553,29,834,13],"class_list":{"0":"post-130624","1":"post","2":"type-post","3":"status-publish","4":"format-standard","5":"has-post-thumbnail","7":"category-futbol","8":"category-opinion","9":"tag-actualidad-2","10":"tag-burgoscf","11":"tag-jairovelasco","12":"tag-opinion"},"views":353,"_links":{"self":[{"href":"https:\/\/www.burgosdeporte.com\/index.php?rest_route=\/wp\/v2\/posts\/130624","targetHints":{"allow":["GET"]}}],"collection":[{"href":"https:\/\/www.burgosdeporte.com\/index.php?rest_route=\/wp\/v2\/posts"}],"about":[{"href":"https:\/\/www.burgosdeporte.com\/index.php?rest_route=\/wp\/v2\/types\/post"}],"author":[{"embeddable":true,"href":"https:\/\/www.burgosdeporte.com\/index.php?rest_route=\/wp\/v2\/users\/15"}],"replies":[{"embeddable":true,"href":"https:\/\/www.burgosdeporte.com\/index.php?rest_route=%2Fwp%2Fv2%2Fcomments&post=130624"}],"version-history":[{"count":1,"href":"https:\/\/www.burgosdeporte.com\/index.php?rest_route=\/wp\/v2\/posts\/130624\/revisions"}],"predecessor-version":[{"id":130625,"href":"https:\/\/www.burgosdeporte.com\/index.php?rest_route=\/wp\/v2\/posts\/130624\/revisions\/130625"}],"wp:featuredmedia":[{"embeddable":true,"href":"https:\/\/www.burgosdeporte.com\/index.php?rest_route=\/wp\/v2\/media\/130627"}],"wp:attachment":[{"href":"https:\/\/www.burgosdeporte.com\/index.php?rest_route=%2Fwp%2Fv2%2Fmedia&parent=130624"}],"wp:term":[{"taxonomy":"category","embeddable":true,"href":"https:\/\/www.burgosdeporte.com\/index.php?rest_route=%2Fwp%2Fv2%2Fcategories&post=130624"},{"taxonomy":"post_tag","embeddable":true,"href":"https:\/\/www.burgosdeporte.com\/index.php?rest_route=%2Fwp%2Fv2%2Ftags&post=130624"}],"curies":[{"name":"wp","href":"https:\/\/api.w.org\/{rel}","templated":true}]}}