{"id":130267,"date":"2024-11-18T00:27:10","date_gmt":"2024-11-17T22:27:10","guid":{"rendered":"https:\/\/www.burgosdeporte.com\/?p=130267"},"modified":"2024-11-19T12:47:54","modified_gmt":"2024-11-19T10:47:54","slug":"en-descenso","status":"publish","type":"post","link":"https:\/\/www.burgosdeporte.com\/?p=130267","title":{"rendered":"En descenso"},"content":{"rendered":"\n<h2 class=\"wp-block-heading\">Comentario de opini\u00f3n de Jairo Velasco sobre la actualidad del Burgos CF.<\/h2>\n\n\n\n<p>Se ha hablado mucho sobre la imprevisibilidad de este deporte, m\u00faltiples factores que desaf\u00edan a la l\u00f3gica y hacen quedar de ignorante a cualquiera que se atreva a hacer un vaticinio por m\u00e1s horas y horas de f\u00fatbol que haya consumido en su vida. Una aleatoriedad que nos est\u00e1 tocando vivir esta temporada, con sensaciones enfrentadas y dif\u00edciles de asimilar, en las que cada jornada nos hundimos un poquito m\u00e1s en nuestros errores.&nbsp;<\/p>\n\n\n\n<p>Qui\u00e9n nos iba a decir tras esa sexta jornada en la que logramos aquella hist\u00f3rica victoria en Riazor casi medio siglo despu\u00e9s y nos situ\u00e1bamos en la zona de ascenso directo, que apenas nueve jornadas m\u00e1s tarde ocupar\u00edamos puestos de descenso de categor\u00eda, sufriendo una sangrante racha de puntuaci\u00f3n no comparable con ninguna otra sufrida por nuestro club en el f\u00fatbol profesional desde nuestra vuelta.&nbsp;<\/p>\n\n\n\n<p>Cien por ciento fe, cero por ciento posibilidades en nuestra visita a Santander. La corriente positivista en torno al \u201cSardinerazo\u201d que surgi\u00f3 para levantar el \u00e1nimo de nuestros jugadores emanaba mas del coraz\u00f3n que de la cabeza, y a los diez minutos de partido, por si hab\u00eda alguna duda, se confirm\u00f3. Duele escribir esto, pero fuimos un rival de entrenamiento para un Racing con la ideas muy bien interiorizadas, frente a un equipo dubitativo y nervioso, t\u00edtere ante un escenario que le qued\u00f3 grande y que afortunadamente la expulsi\u00f3n nos salv\u00f3 de lo que pod\u00eda haber sido un resultado sonrojante.&nbsp;<\/p>\n\n\n\n<p>Espejismo quedarse con las sensaciones de que en la segunda parte pudimos hacer algo m\u00e1s, cayendo una y otra vez en las trampas que nos planteaba el equipo c\u00e1ntabro. Lecci\u00f3n de personalidad y fidelidad a sus principios aunque el desarrollo de partido te ponga dificultades a\u00f1adidas. Un conjunto trabajado para estar arriba, guiados por un entrenador que, sin demasiados focos, muestra argumentos que no se ven en el resto de equipos y elaborando una plantilla conforme a lo que necesita.&nbsp;&nbsp;<\/p>\n\n\n\n<p>Ramis ped\u00eda profesionalidad, yo apelaba m\u00e1s por la dignidad, respeto hacia aquellos que no dudaron en remover Roma con Santiago para hacerse con una entrada para animar a su equipo por muy dif\u00edcil que pareciera la gesta de volver con algo positivo. Un d\u00eda m\u00e1s ellos son los \u00fanicos que dan la talla por el Burgos.&nbsp;<\/p>\n\n\n\n<p>Se suele decir mucho eso de que en el f\u00fatbol la memoria de poco importa, pero nosotros parece que salimos con un lastre mental a cada partido que cada vez es m\u00e1s grande. El aire fresco que aport\u00f3 con su llegada el entrenador tarraconense pareci\u00f3 esfumarse con la brisa del cant\u00e1brico, y a\u00fan siendo cr\u00edtico en sus declaraciones, tambi\u00e9n aparecieron las primeras disculpas acord\u00e1ndose de la suerte.&nbsp;<\/p>\n\n\n\n<p>Lo pongo semana tras semana, pero no queda otra opci\u00f3n que levantarse y tiempo hay m\u00e1s que suficiente para hacerlo. Estoy convencido de que no tenemos plantilla ni esquema para pelearnos con los gallos de la categor\u00eda, pero tampoco la tenemos para mirar con v\u00e9rtigo a la primera federaci\u00f3n.&nbsp;<\/p>\n\n\n\n<p>Volvemos a El Plant\u00edo para enfrentarnos a un Eibar que tampoco llega en su mejor momento y en el que debemos fijarnos para saber lo que es dar la vuelta a una situaci\u00f3n complicada. El a\u00f1o pasado tambi\u00e9n nos visit\u00f3 en el primer tercio de temporada en una situaci\u00f3n similar a la nuestra y optando por un modelo sin demasiadas florituras acab\u00f3 tercero.&nbsp;<\/p>\n\n\n\n<p>Porque cuando las cosas no van bien, lo mas sensato es optar por lo simple y a partir de ah\u00ed ir creciendo con una buena base. Ese ha de ser nuestro patr\u00f3n para salir de esta situaci\u00f3n complicada, porque si hemos disfrutado juntos en las buenas, juntos tambi\u00e9n debemos de estar en las malas.&nbsp;<\/p>\n","protected":false},"excerpt":{"rendered":"<p>Comentario de opini\u00f3n de Jairo Velasco sobre la actualidad del Burgos CF. Se ha hablado mucho sobre la imprevisibilidad de este deporte, m\u00faltiples factores que desaf\u00edan a la l\u00f3gica y hacen quedar de ignorante a cualquiera que se atreva a hacer un vaticinio por m\u00e1s horas y horas de f\u00fatbol que haya consumido en su [&hellip;]<\/p>\n","protected":false},"author":15,"featured_media":130208,"comment_status":"closed","ping_status":"closed","sticky":false,"template":"","format":"standard","meta":{"_monsterinsights_skip_tracking":false,"_monsterinsights_sitenote_active":false,"_monsterinsights_sitenote_note":"","_monsterinsights_sitenote_category":0,"footnotes":""},"categories":[4,14],"tags":[1553,29,834,13],"class_list":{"0":"post-130267","1":"post","2":"type-post","3":"status-publish","4":"format-standard","5":"has-post-thumbnail","7":"category-futbol","8":"category-opinion","9":"tag-actualidad-2","10":"tag-burgoscf","11":"tag-jairovelasco","12":"tag-opinion"},"views":393,"_links":{"self":[{"href":"https:\/\/www.burgosdeporte.com\/index.php?rest_route=\/wp\/v2\/posts\/130267","targetHints":{"allow":["GET"]}}],"collection":[{"href":"https:\/\/www.burgosdeporte.com\/index.php?rest_route=\/wp\/v2\/posts"}],"about":[{"href":"https:\/\/www.burgosdeporte.com\/index.php?rest_route=\/wp\/v2\/types\/post"}],"author":[{"embeddable":true,"href":"https:\/\/www.burgosdeporte.com\/index.php?rest_route=\/wp\/v2\/users\/15"}],"replies":[{"embeddable":true,"href":"https:\/\/www.burgosdeporte.com\/index.php?rest_route=%2Fwp%2Fv2%2Fcomments&post=130267"}],"version-history":[{"count":1,"href":"https:\/\/www.burgosdeporte.com\/index.php?rest_route=\/wp\/v2\/posts\/130267\/revisions"}],"predecessor-version":[{"id":130268,"href":"https:\/\/www.burgosdeporte.com\/index.php?rest_route=\/wp\/v2\/posts\/130267\/revisions\/130268"}],"wp:featuredmedia":[{"embeddable":true,"href":"https:\/\/www.burgosdeporte.com\/index.php?rest_route=\/wp\/v2\/media\/130208"}],"wp:attachment":[{"href":"https:\/\/www.burgosdeporte.com\/index.php?rest_route=%2Fwp%2Fv2%2Fmedia&parent=130267"}],"wp:term":[{"taxonomy":"category","embeddable":true,"href":"https:\/\/www.burgosdeporte.com\/index.php?rest_route=%2Fwp%2Fv2%2Fcategories&post=130267"},{"taxonomy":"post_tag","embeddable":true,"href":"https:\/\/www.burgosdeporte.com\/index.php?rest_route=%2Fwp%2Fv2%2Ftags&post=130267"}],"curies":[{"name":"wp","href":"https:\/\/api.w.org\/{rel}","templated":true}]}}