{"id":129925,"date":"2024-11-11T23:29:49","date_gmt":"2024-11-11T21:29:49","guid":{"rendered":"https:\/\/www.burgosdeporte.com\/?p=129925"},"modified":"2024-11-13T01:19:08","modified_gmt":"2024-11-12T23:19:08","slug":"responsabilidad-profesional","status":"publish","type":"post","link":"https:\/\/www.burgosdeporte.com\/?p=129925","title":{"rendered":"Responsabilidad profesional"},"content":{"rendered":"\n<h2 class=\"wp-block-heading\">Comentario de opini\u00f3n de Jairo Velasco sobre la actualidad del Burgos CF.<\/h2>\n\n\n\n<p>Ser futbolista es una profesi\u00f3n muy diferente al resto, incluso dentro de los deportistas son una especialidad extra\u00f1a. No destacando en ninguna cualidad en concreto, ni entrenando al l\u00edmite de sus capacidades f\u00edsicas, ni siendo estudiosos de la estrategia, pero llevando a sus espaldas los sentimientos de miles de aficionados que ponen en sus pies su estado an\u00edmico del fin de semana.&nbsp;<\/p>\n\n\n\n<p>Es por eso que es un deporte en el que la atm\u00f3sfera pesa mucho m\u00e1s que en el resto. Ya no solo en lo que a n\u00famero de aficionados se refiere, si no en que la prensa, redes sociales y dem\u00e1s entorno extradeportivo tiene mucha influencia en el d\u00eda a d\u00eda de unos jugadores, que por suerte o desgracia de la profesi\u00f3n tienen mucho tiempo libre para empaparse de todo lo que se comenta.&nbsp;<\/p>\n\n\n\n<p>Es ah\u00ed donde entra la profesionalidad. Esa capacidad de evadirse de todo lo que no depende directamente de alguien, para dejar esa influencia a un lado y centrarse en lo que se puede de verdad cambiar con trabajo. No todo el mundo vale para eso, porque cada cabeza funciona de una manera, y la fuerza del grupo ha de ser providencial para proteger a aquellos que no consiguen abstraerse de todas esas distracciones con facilidad.<\/p>\n\n\n\n<p>A todos nos extra\u00f1\u00f3 la dureza de las palabras de Ramis en su segunda comparecencia post partido como entrenador del Burgos. Proclama de responsabilidad y orgullo a unos jugadores que parecen rendirse con cada golpe en contra que les da el rival, pese a que el trabajo hasta ese momento haya rozado el excelente.&nbsp;<\/p>\n\n\n\n<p>Nombres y apellidos de los que \u00e9l considera parte fundamental del cambio de rumbo, esos que no se pueden esconder cuando la carretera se pone en pendiente, porque los grandes jugadores lo demuestran en las grandes ocasiones, y esta, aunque en una posici\u00f3n que no era la esperada en el inicio de campa\u00f1a, lo es.&nbsp;&nbsp;<\/p>\n\n\n\n<p>Nuevas ideas del preparador tarraconense que parecen estar teniendo resultado mientras el gui\u00f3n del partido no cambia por errores propios. Seguimos siendo v\u00edctimas de nuestros propios fallos, cavando un pozo mental en el que el miedo parece apoderarse de unos jugadores que no parecen querer enfrentarse al momento, y que ya no son capaces ni de refugiarse en su gente para sacar la situaci\u00f3n adelante.&nbsp;<\/p>\n\n\n\n<p>Hartazgo tambi\u00e9n en los de siempre, en los que abarrotan las gradas jornada tras jornada, se juegue en El Plant\u00edo o como visitantes, y a los que cada vez se les pone m\u00e1s dif\u00edcil seguir a su equipo. Primera vez en mucho tiempo en el que eso de \u201csomos hijos del fr\u00edo, hinchas del Arlanz\u00f3n\u201d no sonaba al un\u00edsono en la conclusi\u00f3n del encuentro y que muestra la inconformidad con una plantilla que no se est\u00e1 mirando lo suficiente al escudo.&nbsp;<\/p>\n\n\n\n<p>En mi opini\u00f3n, una bronca de vez en cuando, siempre y cuando sea despu\u00e9s del pitido final del colegiado, viene bien. Debemos comportarnos como lo que se nos ha vendido, porque ese aumento del precio del abono estaba asociado a una plantilla de mayor calidad, que ser\u00eda protagonista en el devenir de la competici\u00f3n, y hasta ahora la tendencia es m\u00e1s bien hacia lo contrario.&nbsp;<\/p>\n\n\n\n<p>La sucesi\u00f3n de etapas de monta\u00f1a no para y la visita a Santander, el imparable l\u00edder, no parece, a priori, el mejor momento como para dar la vuelta a una situaci\u00f3n que parece enquistarse un poco m\u00e1s cada jornada. Pero en las grandes plazas es cuando los grandes toreros se consagran en el escalaf\u00f3n, y ahora mismo no hay mejor lugar que El Sardinero para que el discurso de Ramis haga despertar a una plantilla en la que sumar puntos ya ha de ser una cuesti\u00f3n de dignidad.&nbsp;<\/p>\n","protected":false},"excerpt":{"rendered":"<p>Comentario de opini\u00f3n de Jairo Velasco sobre la actualidad del Burgos CF. Ser futbolista es una profesi\u00f3n muy diferente al resto, incluso dentro de los deportistas son una especialidad extra\u00f1a. No destacando en ninguna cualidad en concreto, ni entrenando al l\u00edmite de sus capacidades f\u00edsicas, ni siendo estudiosos de la estrategia, pero llevando a sus [&hellip;]<\/p>\n","protected":false},"author":15,"featured_media":129814,"comment_status":"closed","ping_status":"closed","sticky":false,"template":"","format":"standard","meta":{"_monsterinsights_skip_tracking":false,"_monsterinsights_sitenote_active":false,"_monsterinsights_sitenote_note":"","_monsterinsights_sitenote_category":0,"footnotes":""},"categories":[4,14],"tags":[1553,29,834,13],"class_list":{"0":"post-129925","1":"post","2":"type-post","3":"status-publish","4":"format-standard","5":"has-post-thumbnail","7":"category-futbol","8":"category-opinion","9":"tag-actualidad-2","10":"tag-burgoscf","11":"tag-jairovelasco","12":"tag-opinion"},"views":382,"_links":{"self":[{"href":"https:\/\/www.burgosdeporte.com\/index.php?rest_route=\/wp\/v2\/posts\/129925","targetHints":{"allow":["GET"]}}],"collection":[{"href":"https:\/\/www.burgosdeporte.com\/index.php?rest_route=\/wp\/v2\/posts"}],"about":[{"href":"https:\/\/www.burgosdeporte.com\/index.php?rest_route=\/wp\/v2\/types\/post"}],"author":[{"embeddable":true,"href":"https:\/\/www.burgosdeporte.com\/index.php?rest_route=\/wp\/v2\/users\/15"}],"replies":[{"embeddable":true,"href":"https:\/\/www.burgosdeporte.com\/index.php?rest_route=%2Fwp%2Fv2%2Fcomments&post=129925"}],"version-history":[{"count":1,"href":"https:\/\/www.burgosdeporte.com\/index.php?rest_route=\/wp\/v2\/posts\/129925\/revisions"}],"predecessor-version":[{"id":129926,"href":"https:\/\/www.burgosdeporte.com\/index.php?rest_route=\/wp\/v2\/posts\/129925\/revisions\/129926"}],"wp:featuredmedia":[{"embeddable":true,"href":"https:\/\/www.burgosdeporte.com\/index.php?rest_route=\/wp\/v2\/media\/129814"}],"wp:attachment":[{"href":"https:\/\/www.burgosdeporte.com\/index.php?rest_route=%2Fwp%2Fv2%2Fmedia&parent=129925"}],"wp:term":[{"taxonomy":"category","embeddable":true,"href":"https:\/\/www.burgosdeporte.com\/index.php?rest_route=%2Fwp%2Fv2%2Fcategories&post=129925"},{"taxonomy":"post_tag","embeddable":true,"href":"https:\/\/www.burgosdeporte.com\/index.php?rest_route=%2Fwp%2Fv2%2Ftags&post=129925"}],"curies":[{"name":"wp","href":"https:\/\/api.w.org\/{rel}","templated":true}]}}