{"id":129526,"date":"2024-11-05T13:56:13","date_gmt":"2024-11-05T11:56:13","guid":{"rendered":"https:\/\/www.burgosdeporte.com\/?p=129526"},"modified":"2024-11-06T15:13:14","modified_gmt":"2024-11-06T13:13:14","slug":"la-jornada-de-la-verguenza","status":"publish","type":"post","link":"https:\/\/www.burgosdeporte.com\/?p=129526","title":{"rendered":"La jornada de la verg\u00fcenza"},"content":{"rendered":"\n<h2 class=\"wp-block-heading\">Comentario de opini\u00f3n de Jairo Velasco sobre la actualidad futbol\u00edstica. <\/h2>\n\n\n\n<p>Se antoja muy complicado hablar de f\u00fatbol en una semana como esta. Una situaci\u00f3n que deber\u00eda cambiar no solo el presente, si no tambi\u00e9n el futuro de un pa\u00eds que una vez m\u00e1s se manifiesta muy por encima de la forma en la que nuestros gobernantes act\u00faan.&nbsp;<\/p>\n\n\n\n<p>Tan solo hace unas pocas horas que finaliz\u00f3 la decimotercera jornada de la Liga Hypermotion y no creo que casi nadie tenga recuerdo de lo que pas\u00f3 en ella. Un oasis que transcurri\u00f3 paralelo a la realidad que azotaba nuestra naci\u00f3n, porque las cabezas estaban en otro lugar, muy lejos de los terrenos de juego, llevando todos dentro el dolor de una escenario evitable.&nbsp;<\/p>\n\n\n\n<p>Y a\u00fan m\u00e1s duele ver una naci\u00f3n volcada, remando por fin en la misma direcci\u00f3n, de una manera tan solidaria mientras otros \u00fanicamente piensan en seguir llen\u00e1ndose los bolsillos. Porque la eliminatoria de copa a\u00fan nos pill\u00f3 por sorpresa, sin saber muy bien lo que estaba ocurriendo, pero no habr\u00e1 nadie en desacuerdo en que en este fin de semana no se deber\u00eda haber disputado ning\u00fan encuentro.<\/p>\n\n\n\n<p>Porque el deporte adem\u00e1s de competici\u00f3n, ha de ser celebraci\u00f3n. Y no tenemos nada que celebrar mientras los vecinos valencianos siguen buscando familiares entre el lodo.<\/p>\n\n\n\n<p>Una vez m\u00e1s falla la sensatez, esa ausencia de l\u00f3gica que hace sobrepasar el rid\u00edculo y que convierte todo en un gran sinsentido.&nbsp;<\/p>\n\n\n\n<p>Solo dar de nuevo las gracias a una ciudadan\u00eda que responde cuando hay que responder, porque sin esperanzas en los de arriba, solo el pueblo salva al pueblo. Este es el verdadero patriotismo, el de la solidaridad hacia el pr\u00f3jimo, por mucho que nos intenten enfrentar a unos con otros mientras a ellos \u00fanicamente les importa su supervivencia.&nbsp;<\/p>\n","protected":false},"excerpt":{"rendered":"<p>Comentario de opini\u00f3n de Jairo Velasco sobre la actualidad futbol\u00edstica. Se antoja muy complicado hablar de f\u00fatbol en una semana como esta. Una situaci\u00f3n que deber\u00eda cambiar no solo el presente, si no tambi\u00e9n el futuro de un pa\u00eds que una vez m\u00e1s se manifiesta muy por encima de la forma en la que nuestros [&hellip;]<\/p>\n","protected":false},"author":15,"featured_media":129527,"comment_status":"closed","ping_status":"closed","sticky":false,"template":"","format":"standard","meta":{"_monsterinsights_skip_tracking":false,"_monsterinsights_sitenote_active":false,"_monsterinsights_sitenote_note":"","_monsterinsights_sitenote_category":0,"footnotes":""},"categories":[4,14],"tags":[1553,32,834,13],"class_list":{"0":"post-129526","1":"post","2":"type-post","3":"status-publish","4":"format-standard","5":"has-post-thumbnail","7":"category-futbol","8":"category-opinion","9":"tag-actualidad-2","10":"tag-futbol","11":"tag-jairovelasco","12":"tag-opinion"},"views":286,"_links":{"self":[{"href":"https:\/\/www.burgosdeporte.com\/index.php?rest_route=\/wp\/v2\/posts\/129526","targetHints":{"allow":["GET"]}}],"collection":[{"href":"https:\/\/www.burgosdeporte.com\/index.php?rest_route=\/wp\/v2\/posts"}],"about":[{"href":"https:\/\/www.burgosdeporte.com\/index.php?rest_route=\/wp\/v2\/types\/post"}],"author":[{"embeddable":true,"href":"https:\/\/www.burgosdeporte.com\/index.php?rest_route=\/wp\/v2\/users\/15"}],"replies":[{"embeddable":true,"href":"https:\/\/www.burgosdeporte.com\/index.php?rest_route=%2Fwp%2Fv2%2Fcomments&post=129526"}],"version-history":[{"count":1,"href":"https:\/\/www.burgosdeporte.com\/index.php?rest_route=\/wp\/v2\/posts\/129526\/revisions"}],"predecessor-version":[{"id":129528,"href":"https:\/\/www.burgosdeporte.com\/index.php?rest_route=\/wp\/v2\/posts\/129526\/revisions\/129528"}],"wp:featuredmedia":[{"embeddable":true,"href":"https:\/\/www.burgosdeporte.com\/index.php?rest_route=\/wp\/v2\/media\/129527"}],"wp:attachment":[{"href":"https:\/\/www.burgosdeporte.com\/index.php?rest_route=%2Fwp%2Fv2%2Fmedia&parent=129526"}],"wp:term":[{"taxonomy":"category","embeddable":true,"href":"https:\/\/www.burgosdeporte.com\/index.php?rest_route=%2Fwp%2Fv2%2Fcategories&post=129526"},{"taxonomy":"post_tag","embeddable":true,"href":"https:\/\/www.burgosdeporte.com\/index.php?rest_route=%2Fwp%2Fv2%2Ftags&post=129526"}],"curies":[{"name":"wp","href":"https:\/\/api.w.org\/{rel}","templated":true}]}}