{"id":129233,"date":"2024-10-31T12:23:46","date_gmt":"2024-10-31T10:23:46","guid":{"rendered":"https:\/\/www.burgosdeporte.com\/?p=129233"},"modified":"2024-11-01T01:16:33","modified_gmt":"2024-10-31T23:16:33","slug":"el-ubu-san-pablo-burgos-afronta-un-reto-de-nivel-en-antequera","status":"publish","type":"post","link":"https:\/\/www.burgosdeporte.com\/?p=129233","title":{"rendered":"El UBU San Pablo Burgos afronta un reto de nivel en Antequera"},"content":{"rendered":"\n<p><strong><em>El conjunto cidiano debe sobreponerse al exceso de partidos y kil\u00f3metros en tierras andaluzas para conseguir dos puntos ante el D\u00f3lmenes que le permitan afianzarse en los puestos altos de la clasificaci\u00f3n<\/em><\/strong><\/p>\n\n\n\n<p class=\"has-text-align-right\">(<em>Fotograf\u00eda: Javier G\u00f3mez<\/em>)<\/p>\n\n\n<div class=\"wp-block-image\">\n<figure class=\"aligncenter size-full\"><a href=\"https:\/\/www.ferroplas.com\/\" target=\"_blank\" rel=\"noreferrer noopener\"><img loading=\"lazy\" decoding=\"async\" width=\"300\" height=\"90\" src=\"https:\/\/www.burgosdeporte.com\/wp-content\/uploads\/2023\/10\/Ferroplas.fw_.png\" alt=\"\" class=\"wp-image-108432\" srcset=\"https:\/\/www.burgosdeporte.com\/wp-content\/uploads\/2023\/10\/Ferroplas.fw_.png 300w, https:\/\/www.burgosdeporte.com\/wp-content\/uploads\/2023\/10\/Ferroplas.fw_-150x45.png 150w\" sizes=\"auto, (max-width: 300px) 100vw, 300px\" \/><\/a><\/figure>\n<\/div>\n\n\n<p>El UBU San Pablo BM. Burgos se prepara para emprender su viaje a tierras malague\u00f1as este 2 de noviembre, donde se enfrentar\u00e1 al D\u00f3lmenes Antequera en la octava jornada de la Divisi\u00f3n de Honor Plata 2024\/25. Este apasionante encuentro comenzar\u00e1 a las 18:30 horas en el Pabell\u00f3n Municipal Fernando Arg\u00fcelles. En esta ocasi\u00f3n, los cidianos buscar\u00e1n consolidar su posici\u00f3n en la tabla al medirse contra el equipo colista de la tabla, lo que a\u00f1ade un nivel extra de competitividad a este partido tras el viaje copero entre semana a Lanzarote.<\/p>\n\n\n\n<p><br>El conjunto burgal\u00e9s se enfrenta a este crucial partido tras haber logrado una victoria ajustada en liga regular ante el Trops M\u00e1laga (29-26) y haber superado al Amenabar Zarautz ZKE en un re\u00f1ido partido en el Aritzbatalde Udal Kiroldegia (25-26). Cabe destacar que el UBU San Pablo BM. Burgos llegar\u00e1 a este duelo con el desgaste de llevar a sus espaldas diferentes viajes acumulados y una intensa carga de partidos recientes, lo que podr\u00eda influir en su rendimiento.<\/p>\n\n\n\n<p>Los de Roi S\u00e1nchez suman ya 12 puntos, empatados con el E\u00f3n Horneo Alicante, que ocupa la primera posici\u00f3n. Por su parte, el Blendio Sinf\u00edn Santander se sit\u00faa en tercer lugar con 10 puntos, tras una derrota sufrida en Sevilla en la \u00faltima jornada.<\/p>\n\n\n\n<p>Los malague\u00f1os reciben a los burgaleses en su casa, con un sabor de boca agridulce, al haber conseguido ganar solo uno de los partidos, contra el Bar\u00e7a-Atleti y haber empatado otro contra el Amenabar Zarautz ZKE. Los cidianos les har\u00e1n frente echando mano de la polivalencia de Javi Domingo y Javi Rodr\u00edguez, utilizando sus armas defensivas, las cuales les han dado tantas alegr\u00edas en los \u00faltimos encuentros.<\/p>\n\n\n\n<p>En su \u00faltimo partido, los burgaleses lograron una victoria muy trabajada contra el Trops M\u00e1laga, gracias a la inspiraci\u00f3n goleadora de Javi Domingo y a la aportaci\u00f3n ofensiva de \u00c1lex Chan, Jaime Gonz\u00e1lez y Javi Rodr\u00edguez, los cuales fueron decisivos para conseguir la victoria por 29-26.<\/p>\n\n\n\n<p>Aunque la diferencia de puntos entre ambas escuadras en esta jornada 8 es notable, la acumulaci\u00f3n de kil\u00f3metros para el UBU San Pablo Bm. Burgos puede pasarles factura a la hora de conseguir su objetivo tras el desplazamiento a Lanzarote para disputar la primera eliminatoria de la Copa del Rey, donde consiguieron una contundente victoria ante el Bm. Lanzarote Ciudad de Arrecife (18-29).<\/p>\n\n\n\n<p><strong>LAS TRES CLAVES DE ROI S\u00c1NCHEZ:<\/strong><\/p>\n\n\n\n<p>\u201cVamos a intentar imprimir nuestro juego, llevar el partido a ritmos altos, porque en posicional ellos tienen una buena defensa y nosotros necesitamos que el bal\u00f3n se mueva para aprovechar los espacios libres y seguir con la l\u00ednea defensiva de esta temporada, que seguro que nos da buenos resultados\u201d.<\/p>\n\n\n\n<p>\u201cEl Antequera es un equipo en el que Nico L\u00f3pez es el aut\u00e9ntico jefe en el centro del ataque, de operaciones, tiene jugadores que tienen buen lanzamiento como Delgado, como Jeremy Figueredo, que son bastante f\u00edsicos y luego unos buenos extremos, entonces hay que intentar sobre todo atacarles bien en transici\u00f3n, evitar mucho posicional y estar bien atr\u00e1s para poder correr\u201d.<\/p>\n\n\n\n<p>\u201cVamos con toda la ilusi\u00f3n del mundo para seguir sumando y seguir estando en la zona alta, que es el objetivo que tenemos\u201d.<\/p>\n\n\n\n<p><strong>LAS TRES CLAVES DE \u00c1LEX CHAN:<\/strong><\/p>\n\n\n\n<p>\u201cDespu\u00e9s de una semana un poco distinta, donde hemos tenido desplazamiento en Lanzarote, quiz\u00e1 eso hace que el partido se complique un poco, porque no estamos acostumbrados a hacer viajes entre semana y sobre todo un viaje tan largo\u201d.<\/p>\n\n\n\n<p>\u201cHay que hacer valer los puntos conseguidos la semana pasada y si queremos estar arriba hay que ganar la mayor\u00eda de todos los partidos y este es un partido que tenemos que ganar\u201d.<\/p>\n\n\n\n<p>\u201cNo tenemos que olvidar que el a\u00f1o pasado esta salida fue una de las que nos atragant\u00f3. No pudimos ganar en la Antequera y aunque s\u00ed que han cambiado alg\u00fan jugador, sabemos que all\u00ed ellos son un equipo fuerte\u201d.<\/p>\n","protected":false},"excerpt":{"rendered":"<p>El conjunto cidiano debe sobreponerse al exceso de partidos y kil\u00f3metros en tierras andaluzas para conseguir dos puntos ante el D\u00f3lmenes que le permitan afianzarse en los puestos altos de la clasificaci\u00f3n (Fotograf\u00eda: Javier G\u00f3mez) El UBU San Pablo BM. Burgos se prepara para emprender su viaje a tierras malague\u00f1as este 2 de noviembre, donde [&hellip;]<\/p>\n","protected":false},"author":10,"featured_media":129234,"comment_status":"closed","ping_status":"closed","sticky":false,"template":"","format":"standard","meta":{"_monsterinsights_skip_tracking":false,"_monsterinsights_sitenote_active":false,"_monsterinsights_sitenote_note":"","_monsterinsights_sitenote_category":0,"footnotes":""},"categories":[118],"tags":[1553,119,120,121],"class_list":{"0":"post-129233","1":"post","2":"type-post","3":"status-publish","4":"format-standard","5":"has-post-thumbnail","7":"category-balonmano","8":"tag-actualidad-2","9":"tag-balonmano","10":"tag-balonmanoburgos","11":"tag-ubusanpablo"},"views":197,"_links":{"self":[{"href":"https:\/\/www.burgosdeporte.com\/index.php?rest_route=\/wp\/v2\/posts\/129233","targetHints":{"allow":["GET"]}}],"collection":[{"href":"https:\/\/www.burgosdeporte.com\/index.php?rest_route=\/wp\/v2\/posts"}],"about":[{"href":"https:\/\/www.burgosdeporte.com\/index.php?rest_route=\/wp\/v2\/types\/post"}],"author":[{"embeddable":true,"href":"https:\/\/www.burgosdeporte.com\/index.php?rest_route=\/wp\/v2\/users\/10"}],"replies":[{"embeddable":true,"href":"https:\/\/www.burgosdeporte.com\/index.php?rest_route=%2Fwp%2Fv2%2Fcomments&post=129233"}],"version-history":[{"count":2,"href":"https:\/\/www.burgosdeporte.com\/index.php?rest_route=\/wp\/v2\/posts\/129233\/revisions"}],"predecessor-version":[{"id":129236,"href":"https:\/\/www.burgosdeporte.com\/index.php?rest_route=\/wp\/v2\/posts\/129233\/revisions\/129236"}],"wp:featuredmedia":[{"embeddable":true,"href":"https:\/\/www.burgosdeporte.com\/index.php?rest_route=\/wp\/v2\/media\/129234"}],"wp:attachment":[{"href":"https:\/\/www.burgosdeporte.com\/index.php?rest_route=%2Fwp%2Fv2%2Fmedia&parent=129233"}],"wp:term":[{"taxonomy":"category","embeddable":true,"href":"https:\/\/www.burgosdeporte.com\/index.php?rest_route=%2Fwp%2Fv2%2Fcategories&post=129233"},{"taxonomy":"post_tag","embeddable":true,"href":"https:\/\/www.burgosdeporte.com\/index.php?rest_route=%2Fwp%2Fv2%2Ftags&post=129233"}],"curies":[{"name":"wp","href":"https:\/\/api.w.org\/{rel}","templated":true}]}}