{"id":129100,"date":"2024-10-28T13:44:50","date_gmt":"2024-10-28T11:44:50","guid":{"rendered":"https:\/\/www.burgosdeporte.com\/?p=129100"},"modified":"2024-10-28T21:32:15","modified_gmt":"2024-10-28T19:32:15","slug":"pesadilla-antes-de-halloween","status":"publish","type":"post","link":"https:\/\/www.burgosdeporte.com\/?p=129100","title":{"rendered":"Pesadilla antes de Halloween"},"content":{"rendered":"\n<h2 class=\"wp-block-heading\">Comentario de opini\u00f3n de Jairo Velasco sobre la actualidad del Burgos CF. <\/h2>\n\n\n\n<p>Se anunciaba una semana crucial; Tres partidos en siete d\u00edas que marcar\u00edan un antes y un despu\u00e9s en el devenir de una temporada que aunque no ha arrancado hace mucho, ya est\u00e1 en un punto donde aquello de la adaptaci\u00f3n de las piezas no sirve como excusa; Ese punto donde las ideas del proyecto futbol\u00edstico deben dejar de vislumbrarse para empezar a ser reconocibles, un eje sobre el que giren todas la decisiones.<\/p>\n\n\n\n<p>Nos enfrentamos a un equipo antag\u00f3nico, un equipo con un sistema muy claro e irrenunciable, en el que los nueve cambios en el once inicial realizados respecto a su partido en la jornada intersemanal no desdibujaron su ideario, porque principales y suplentes se rigen por una filosof\u00eda marcada y comandada por su entrenador, que all\u00ed donde va busca piezas que encajen a la perfecci\u00f3n en su puzzle mental.&nbsp;<\/p>\n\n\n\n<p>Dos d\u00edas para metamorfosear un equipo hundido despu\u00e9s del decepcionante partido frente al Racing de Ferrol, donde la oportunidad que se nos planteaba de dar la vuelta a la tortilla solo nos gener\u00f3 m\u00e1s dudas que las que ya de por s\u00ed trajimos de Albacete. Dos d\u00edas en los que las escasas pinceladas de lo que pod\u00eda ser el credo bolista cambiaron radicalmente para mostrar un giro de ciento ochenta grados en el planteamiento.&nbsp;<\/p>\n\n\n\n<p>Muchos comprender\u00e1n la decisi\u00f3n de un entrenador que no ha dado con la tecla en lo que va de campa\u00f1a y que intenta protegerse ante un oponente muy especial. Pero no valen de nada los cambios sin convicci\u00f3n, sin esa capacidad de creer a ciegas un mensaje que se convierte en dogma y que cuando lo f\u00edsico se agota, lo mental sea m\u00e1s fuerte que cualquier agotamiento corporal.&nbsp;<\/p>\n\n\n\n<p>Lo reflejado en el campo no deja de ser fruto de lo mencionado en el p\u00e1rrafo anterior. Una primera parte que no hace dignidad de la categor\u00eda en la que estamos, a merced de un Elche que no encontraba oposici\u00f3n ante la descoordinaci\u00f3n burgalesista, que por m\u00e1s que se empe\u00f1aba en acumular hombres en el \u00faltimo tercio de campo no era capaz de frenar el abuso al que se estaba viendo sometido.&nbsp;<\/p>\n\n\n\n<p>Un punto en todo el mes de octubre deja constancia de lo que no es una casualidad. La plantilla no es mala como ya se est\u00e1 empezando a plantear, pero mientras nuestros rivales van aumentando el nivel grupal, nosotros seguimos confiando el resultado a chispazos de nuestros mejores jugadores. Una cuesta abajo en la que cada vez la pendiente va siendo mayor y los medios para salir de all\u00ed cada vez son m\u00e1s limitados.<\/p>\n\n\n\n<p>Muy recomendable escuchar la rueda de prensa post partido para ser conscientes de la situaci\u00f3n real. Un Bolo con la voz rota, en el que las mismas dudas e incoherencias plasmadas en el verde respondieron a las primeras preguntas, pasando a un alegato introspectivo compungido por las cr\u00edticas hacia la eficacia de su trabajo al frente de un proyecto anunciado para mirar a la parte alta de la clasificaci\u00f3n y que ha acabado como colista en la tabla parcial de este mes.&nbsp;&nbsp;<\/p>\n\n\n\n<p>Ya suenan abiertamente nombres de sustitutos y la afici\u00f3n tambi\u00e9n muestra la necesidad de un cambio. Pero ya sabemos que el f\u00fatbol puede dar un vuelco de una semana a otra, y aunque ahora parezca altamente improbable, el temible calendario que tenemos por delante puede aumentar un nivel de exigencia que parece haberse perdido en las \u00faltimas fechas. Entre medias un partido de Copa del Rey en el que estamos obligados a pasar de ronda, pero que de perderse, teniendo en cuenta rival y situaci\u00f3n, deber\u00eda poner fin a una era.<\/p>\n","protected":false},"excerpt":{"rendered":"<p>Comentario de opini\u00f3n de Jairo Velasco sobre la actualidad del Burgos CF. Se anunciaba una semana crucial; Tres partidos en siete d\u00edas que marcar\u00edan un antes y un despu\u00e9s en el devenir de una temporada que aunque no ha arrancado hace mucho, ya est\u00e1 en un punto donde aquello de la adaptaci\u00f3n de las piezas [&hellip;]<\/p>\n","protected":false},"author":15,"featured_media":129060,"comment_status":"closed","ping_status":"closed","sticky":false,"template":"","format":"standard","meta":{"_monsterinsights_skip_tracking":false,"_monsterinsights_sitenote_active":false,"_monsterinsights_sitenote_note":"","_monsterinsights_sitenote_category":0,"footnotes":""},"categories":[4,14],"tags":[1553,29,834,13],"class_list":{"0":"post-129100","1":"post","2":"type-post","3":"status-publish","4":"format-standard","5":"has-post-thumbnail","7":"category-futbol","8":"category-opinion","9":"tag-actualidad-2","10":"tag-burgoscf","11":"tag-jairovelasco","12":"tag-opinion"},"views":316,"_links":{"self":[{"href":"https:\/\/www.burgosdeporte.com\/index.php?rest_route=\/wp\/v2\/posts\/129100","targetHints":{"allow":["GET"]}}],"collection":[{"href":"https:\/\/www.burgosdeporte.com\/index.php?rest_route=\/wp\/v2\/posts"}],"about":[{"href":"https:\/\/www.burgosdeporte.com\/index.php?rest_route=\/wp\/v2\/types\/post"}],"author":[{"embeddable":true,"href":"https:\/\/www.burgosdeporte.com\/index.php?rest_route=\/wp\/v2\/users\/15"}],"replies":[{"embeddable":true,"href":"https:\/\/www.burgosdeporte.com\/index.php?rest_route=%2Fwp%2Fv2%2Fcomments&post=129100"}],"version-history":[{"count":1,"href":"https:\/\/www.burgosdeporte.com\/index.php?rest_route=\/wp\/v2\/posts\/129100\/revisions"}],"predecessor-version":[{"id":129104,"href":"https:\/\/www.burgosdeporte.com\/index.php?rest_route=\/wp\/v2\/posts\/129100\/revisions\/129104"}],"wp:featuredmedia":[{"embeddable":true,"href":"https:\/\/www.burgosdeporte.com\/index.php?rest_route=\/wp\/v2\/media\/129060"}],"wp:attachment":[{"href":"https:\/\/www.burgosdeporte.com\/index.php?rest_route=%2Fwp%2Fv2%2Fmedia&parent=129100"}],"wp:term":[{"taxonomy":"category","embeddable":true,"href":"https:\/\/www.burgosdeporte.com\/index.php?rest_route=%2Fwp%2Fv2%2Fcategories&post=129100"},{"taxonomy":"post_tag","embeddable":true,"href":"https:\/\/www.burgosdeporte.com\/index.php?rest_route=%2Fwp%2Fv2%2Ftags&post=129100"}],"curies":[{"name":"wp","href":"https:\/\/api.w.org\/{rel}","templated":true}]}}