{"id":126228,"date":"2024-09-04T23:03:42","date_gmt":"2024-09-04T21:03:42","guid":{"rendered":"https:\/\/www.burgosdeporte.com\/?p=126228"},"modified":"2024-09-06T16:15:59","modified_gmt":"2024-09-06T14:15:59","slug":"otra-medalla-de-bronce-para-marta-fernandez-en-50-metros-braza","status":"publish","type":"post","link":"https:\/\/www.burgosdeporte.com\/?p=126228","title":{"rendered":"Otra medalla de Bronce para Marta Fern\u00e1ndez en 50 metros braza"},"content":{"rendered":"\n<h2 class=\"wp-block-heading\">La nadadora burgalesa consigue su tercera medalla y prosigue su buena marcha en los Juegos Paral\u00edmpicos de Paris 2024 a falta todav\u00eda de afrontar m\u00e1s pruebas con opci\u00f3n de medalla.<\/h2>\n\n\n<div class=\"wp-block-image\">\n<figure class=\"aligncenter size-full\"><img loading=\"lazy\" decoding=\"async\" width=\"235\" height=\"180\" src=\"https:\/\/www.burgosdeporte.com\/wp-content\/uploads\/2023\/09\/Ferroplas.gif\" alt=\"\" class=\"wp-image-107975\"\/><\/figure>\n<\/div>\n\n\n<p>La burgalesa Marta Fern\u00e1ndez\u00a0volvi\u00f3 a subir este mi\u00e9rcoles al podio por tercera jornada consecutiva en Par\u00eds 2024, para recoger el\u00a0bronce paral\u00edmpico en los 50 metros braza de la clase SB3, al parar el crono en 58\u2019\u201963.<\/p>\n\n\n\n<p>En una final apasionante, con las gradas abarrotadas de p\u00fablico y la presencia de la infanta do\u00f1a Elena y representantes de empresas patrocinadoras del equipo espa\u00f1ol, Fern\u00e1ndez tuvo una salida lenta siendo cuarta a mitad de la piscina. En los 25 metros finales hizo gala de su fortaleza f\u00edsica para rebasar a la ucraniana Maryna Verbova (cuarta final) y quedarse a 32 cent\u00e9simas del segundo escal\u00f3n del podio.<\/p>\n\n\n\n<figure class=\"wp-block-image size-large\"><img loading=\"lazy\" decoding=\"async\" width=\"1024\" height=\"682\" src=\"https:\/\/www.burgosdeporte.com\/wp-content\/uploads\/2024\/09\/Foto-1_1-1024x682.jpeg\" alt=\"\" class=\"wp-image-126230\" srcset=\"https:\/\/www.burgosdeporte.com\/wp-content\/uploads\/2024\/09\/Foto-1_1-1024x682.jpeg 1024w, https:\/\/www.burgosdeporte.com\/wp-content\/uploads\/2024\/09\/Foto-1_1-300x200.jpeg 300w, https:\/\/www.burgosdeporte.com\/wp-content\/uploads\/2024\/09\/Foto-1_1-768x512.jpeg 768w, https:\/\/www.burgosdeporte.com\/wp-content\/uploads\/2024\/09\/Foto-1_1-1536x1023.jpeg 1536w, https:\/\/www.burgosdeporte.com\/wp-content\/uploads\/2024\/09\/Foto-1_1-150x100.jpeg 150w, https:\/\/www.burgosdeporte.com\/wp-content\/uploads\/2024\/09\/Foto-1_1-696x464.jpeg 696w, https:\/\/www.burgosdeporte.com\/wp-content\/uploads\/2024\/09\/Foto-1_1-1068x712.jpeg 1068w, https:\/\/www.burgosdeporte.com\/wp-content\/uploads\/2024\/09\/Foto-1_1.jpeg 1600w\" sizes=\"auto, (max-width: 1024px) 100vw, 1024px\" \/><figcaption class=\"wp-element-caption\">Marta Fern\u00e1ndez durante la competici\u00f3n.- Foto: Paral\u00edmpicos .<\/figcaption><\/figure>\n\n\n\n<p>La espa\u00f1ola, que fue tercera en las clasificatorias de la ma\u00f1ana (59\u2019\u201935) en La D\u00e8fense Arena, estuvo acompa\u00f1ada en el podio por la italiana M\u00f3nica Boggioni, medalla de oro con r\u00e9cord paral\u00edmpico (53\u2019\u201925) y la brasile\u00f1a Patricia Pereira que obtuvo la plata con un tiempo de 58\u2019\u201931.<\/p>\n\n\n\n<figure class=\"wp-block-image size-large\"><img loading=\"lazy\" decoding=\"async\" width=\"1024\" height=\"625\" src=\"https:\/\/www.burgosdeporte.com\/wp-content\/uploads\/2024\/09\/marta-fernandez-bronce-rtve--1024x625.jpg\" alt=\"\" class=\"wp-image-126234\" srcset=\"https:\/\/www.burgosdeporte.com\/wp-content\/uploads\/2024\/09\/marta-fernandez-bronce-rtve--1024x625.jpg 1024w, https:\/\/www.burgosdeporte.com\/wp-content\/uploads\/2024\/09\/marta-fernandez-bronce-rtve--300x183.jpg 300w, https:\/\/www.burgosdeporte.com\/wp-content\/uploads\/2024\/09\/marta-fernandez-bronce-rtve--768x469.jpg 768w, https:\/\/www.burgosdeporte.com\/wp-content\/uploads\/2024\/09\/marta-fernandez-bronce-rtve--150x92.jpg 150w, https:\/\/www.burgosdeporte.com\/wp-content\/uploads\/2024\/09\/marta-fernandez-bronce-rtve--696x425.jpg 696w, https:\/\/www.burgosdeporte.com\/wp-content\/uploads\/2024\/09\/marta-fernandez-bronce-rtve--1068x652.jpg 1068w, https:\/\/www.burgosdeporte.com\/wp-content\/uploads\/2024\/09\/marta-fernandez-bronce-rtve-.jpg 1075w\" sizes=\"auto, (max-width: 1024px) 100vw, 1024px\" \/><figcaption class=\"wp-element-caption\">La burgalesa en el podio con sus rivales y compa\u00f1eras.- RTVE<\/figcaption><\/figure>\n\n\n\n<p>La presea de la burgalesa supuso la medalla n\u00famero 30 para el Equipo Paral\u00edmpico Espa\u00f1ol en los Juegos de Par\u00eds 2024 (7 de oro, 8 de plata y 15 de bronce).<\/p>\n\n\n\n<p><strong>Marta Fern\u00e1ndez: \u00abSe nota el cansancio de d\u00edas anteriores\u00bb<\/strong><\/p>\n\n\n\n<p>En declaraciones a los medios de comunicaci\u00f3n, Marta Fern\u00e1ndez, se mostr\u00f3 <em>\u201cmuy contenta con el bronce<\/em>\u201d, pero reconoci\u00f3 que <em>\u201cse nota mogoll\u00f3n el cansancio de los dos d\u00edas anteriores\u201d<\/em>. <em>\u201cMe he dejado todo lo que ten\u00eda, pero s\u00e9 que si hubiera tenido d\u00edas de descanso entre medias se pod\u00eda luchar por un poco m\u00e1s\u201d,<\/em> lament\u00f3.<\/p>\n\n\n\n<figure class=\"wp-block-image size-full\"><img loading=\"lazy\" decoding=\"async\" width=\"1005\" height=\"640\" src=\"https:\/\/www.burgosdeporte.com\/wp-content\/uploads\/2024\/09\/marta-rtve-podio.jpg\" alt=\"\" class=\"wp-image-126232\" srcset=\"https:\/\/www.burgosdeporte.com\/wp-content\/uploads\/2024\/09\/marta-rtve-podio.jpg 1005w, https:\/\/www.burgosdeporte.com\/wp-content\/uploads\/2024\/09\/marta-rtve-podio-300x191.jpg 300w, https:\/\/www.burgosdeporte.com\/wp-content\/uploads\/2024\/09\/marta-rtve-podio-768x489.jpg 768w, https:\/\/www.burgosdeporte.com\/wp-content\/uploads\/2024\/09\/marta-rtve-podio-150x96.jpg 150w, https:\/\/www.burgosdeporte.com\/wp-content\/uploads\/2024\/09\/marta-rtve-podio-696x443.jpg 696w\" sizes=\"auto, (max-width: 1005px) 100vw, 1005px\" \/><figcaption class=\"wp-element-caption\">Recibiendo la medalla de bronce.- RTVE<\/figcaption><\/figure>\n\n\n\n<p>La espa\u00f1ola, que suma su tercera medalla en Par\u00eds y la sexta en su carrera, explic\u00f3 que <em>\u201ccuando so\u00f1aba con Par\u00eds me parec\u00eda casi imposible repetir Tokio\u201d<\/em> y, aunque de momento no ha subido al primer caj\u00f3n del podio <em>\u201cyo lo luchar\u00e9 y me dejar\u00e9 el alma\u201d <\/em>en las dos pruebas que a\u00fan tiene que nadar. \u201c<em>Al final son tres medallas en unos Juegos Paral\u00edmpicos\u201d, <\/em>celebr\u00f3.<\/p>\n\n\n\n<p>Marta Fern\u00e1ndez debut\u00f3 en Par\u00eds en la jornada del lunes donde consigui\u00f3 el bronce en 50 espalda S3, y en la del martes plata en 100 libres.\u00a0A la burgalesa todav\u00eda la quedan dos opciones m\u00e1s de seguir sumando medallas, quien sabe si alguna de oro. <\/p>\n","protected":false},"excerpt":{"rendered":"<p>La nadadora burgalesa consigue su tercera medalla y prosigue su buena marcha en los Juegos Paral\u00edmpicos de Paris 2024 a falta todav\u00eda de afrontar m\u00e1s pruebas con opci\u00f3n de medalla. La burgalesa Marta Fern\u00e1ndez\u00a0volvi\u00f3 a subir este mi\u00e9rcoles al podio por tercera jornada consecutiva en Par\u00eds 2024, para recoger el\u00a0bronce paral\u00edmpico en los 50 metros [&hellip;]<\/p>\n","protected":false},"author":10,"featured_media":126231,"comment_status":"closed","ping_status":"closed","sticky":false,"template":"","format":"standard","meta":{"_monsterinsights_skip_tracking":false,"_monsterinsights_sitenote_active":false,"_monsterinsights_sitenote_note":"","_monsterinsights_sitenote_category":0,"footnotes":""},"categories":[205],"tags":[1553,2136,1071],"class_list":{"0":"post-126228","1":"post","2":"type-post","3":"status-publish","4":"format-standard","5":"has-post-thumbnail","7":"category-natacion","8":"tag-actualidad-2","9":"tag-juegosparalimpicos","10":"tag-martafernandez-2"},"views":271,"_links":{"self":[{"href":"https:\/\/www.burgosdeporte.com\/index.php?rest_route=\/wp\/v2\/posts\/126228","targetHints":{"allow":["GET"]}}],"collection":[{"href":"https:\/\/www.burgosdeporte.com\/index.php?rest_route=\/wp\/v2\/posts"}],"about":[{"href":"https:\/\/www.burgosdeporte.com\/index.php?rest_route=\/wp\/v2\/types\/post"}],"author":[{"embeddable":true,"href":"https:\/\/www.burgosdeporte.com\/index.php?rest_route=\/wp\/v2\/users\/10"}],"replies":[{"embeddable":true,"href":"https:\/\/www.burgosdeporte.com\/index.php?rest_route=%2Fwp%2Fv2%2Fcomments&post=126228"}],"version-history":[{"count":1,"href":"https:\/\/www.burgosdeporte.com\/index.php?rest_route=\/wp\/v2\/posts\/126228\/revisions"}],"predecessor-version":[{"id":126235,"href":"https:\/\/www.burgosdeporte.com\/index.php?rest_route=\/wp\/v2\/posts\/126228\/revisions\/126235"}],"wp:featuredmedia":[{"embeddable":true,"href":"https:\/\/www.burgosdeporte.com\/index.php?rest_route=\/wp\/v2\/media\/126231"}],"wp:attachment":[{"href":"https:\/\/www.burgosdeporte.com\/index.php?rest_route=%2Fwp%2Fv2%2Fmedia&parent=126228"}],"wp:term":[{"taxonomy":"category","embeddable":true,"href":"https:\/\/www.burgosdeporte.com\/index.php?rest_route=%2Fwp%2Fv2%2Fcategories&post=126228"},{"taxonomy":"post_tag","embeddable":true,"href":"https:\/\/www.burgosdeporte.com\/index.php?rest_route=%2Fwp%2Fv2%2Ftags&post=126228"}],"curies":[{"name":"wp","href":"https:\/\/api.w.org\/{rel}","templated":true}]}}