{"id":125175,"date":"2024-08-01T13:35:54","date_gmt":"2024-08-01T11:35:54","guid":{"rendered":"https:\/\/www.burgosdeporte.com\/?p=125175"},"modified":"2024-08-02T11:12:12","modified_gmt":"2024-08-02T09:12:12","slug":"nairo-quintana-retorna-a-la-vuelta-a-burgos","status":"publish","type":"post","link":"https:\/\/www.burgosdeporte.com\/?p=125175","title":{"rendered":"Nairo Quintana retorna a la Vuelta a Burgos"},"content":{"rendered":"\n<p><strong><em>El corredor ser\u00e1 la principal baza del Movistar en la ronda ciclista burgalesa<\/em><\/strong><\/p>\n\n\n\n<p class=\"has-text-align-right\">(<em>Fotograf\u00eda: Cxcling Creative Agency<\/em>)<\/p>\n\n\n<div class=\"wp-block-image\">\n<figure class=\"aligncenter size-full\"><a href=\"https:\/\/www.tandemgyd.com\/\" target=\"_blank\" rel=\"noreferrer noopener\"><img loading=\"lazy\" decoding=\"async\" width=\"200\" height=\"183\" src=\"https:\/\/www.burgosdeporte.com\/wp-content\/uploads\/2023\/09\/Logo_Tandem.jpg\" alt=\"\" class=\"wp-image-107992\" srcset=\"https:\/\/www.burgosdeporte.com\/wp-content\/uploads\/2023\/09\/Logo_Tandem.jpg 200w, https:\/\/www.burgosdeporte.com\/wp-content\/uploads\/2023\/09\/Logo_Tandem-150x137.jpg 150w\" sizes=\"auto, (max-width: 200px) 100vw, 200px\" \/><\/a><\/figure>\n<\/div>\n\n\n<p>El corredor del Movistar, Nairo Quintana, ser\u00e1 la principal baza del equipo espa\u00f1ol para llevarse la general de la ronda castellana que se disputar\u00e1 del 5 al 9 de agosto, prueba en la que ha vestido por dos veces el maillot morado (2013 y 2014), adem\u00e1s de vencer en las m\u00edticas Lagunas de Neila por partida doble tambi\u00e9n.<\/p>\n\n\n\n<p>El escalador colombiano, que todo apunta a que seguir\u00e1 una temporada m\u00e1s en el Movistar, tiene un extenso palmar\u00e9s, destacando La Vuelta a Espa\u00f1a (2016) y el Giro de Italia (2014). Entre otras pruebas, tambi\u00e9n se ha llevado la Volta a Catalunya (2016), la Vuelta Ciclista al Pa\u00eds Vasco (2013) y el Tour de Romand\u00eda (2016).<\/p>\n\n\n\n<p>Estar\u00e1 acompa\u00f1ado por el espa\u00f1ol Javier Romo, maillot blanco al mejor joven la pasada edici\u00f3n de la Vuelta a Burgos, Jorge Arcas (ESP), Jon Barrenetxea (ESP), Iv\u00e1n Jos\u00e9 Garc\u00eda (ESP), Rub\u00e9n Guerreiro (POR) e Iv\u00e1n Romeo (ESP).<\/p>\n\n\n\n<p>El UAE Team Emirates, que actualmente ocupa la primera posici\u00f3n en el ranking por equipos de la UCI de la temporada 2024, presenta al polaco Rafal Majka como principal opci\u00f3n del equipo de cara a la general. Majka, experto en la monta\u00f1a, se llev\u00f3 dos veces consecutivas el maillot de la especialidad en el Tour de Francia las ediciones de 2014 y 2016.<\/p>\n\n\n\n<p>El resto de corredores que formar\u00e1n parte de la escuadra emirat\u00ed son la joven promesa espa\u00f1ola de 21 a\u00f1os, Igor Arrieta, Finn Fisher-Black (NZL), \u00c1lvaro Hodeg (COL), Duarte Marivoet (BEL), Ivo Emanuel Oliveira (POR) y Jay Vine (AUS), vencedor de dos etapas de monta\u00f1a en La Vuelta a Espa\u00f1a (2022) y que podr\u00e1 aportar su experiencia en la Vuelta a Burgos ya ha participado en dos ediciones.<\/p>\n\n\n\n<p>Otro de los equipos UCI World Team que ha presentado a sus pre-inscritos ha sido el Ineos Grenadiers, con el joven holand\u00e9s Thymen Aransman de 24 a\u00f1os a la cabeza. Tiene en su haber una etapa en La Vuelta a Espa\u00f1a (2022), venciendo en Sierra Nevada, y otra etapa de 11,8 km de contrarreloj de monta\u00f1a en el Tour de Polonia (2022). Este a\u00f1o ha quedado como 2\u00ba mejor joven en el Giro de Italia.<\/p>\n\n\n\n<p>Le acompa\u00f1ar\u00e1n Andrew August (USA), Omar Fraile (ESP), otro especialista en monta\u00f1a con etapas en el Tour de Francia y el Giro de Italia, adem\u00e1s de dos veces el maillot de la monta\u00f1a en La Vuelta a Espa\u00f1a, Kim Heiduk (GER), Michael Leonard (CAN), Brandon Rivera (COL) y \u00d3scar Rodr\u00edguez (ESP).<\/p>\n\n\n\n<p><strong>Equipos UCI ProTeam<\/strong><\/p>\n\n\n\n<p>El Euskaltel Euskadi ha presentado lista de corredores entre los que destacan Jon Aberasturi, que ya sabe lo que es vencer en la ronda burgalesa y Enekoitz Azparren. El resto de componentes de la escuadra vasca son Xabier Isasa (ESP), Txomin Juaristi (ESP), V\u00edctor de la Parte (ESP), Gotzon Mart\u00edn (ESP) e Iker Mintegi (ESP).<\/p>\n\n\n\n<p>Pre \u2013 inscritos del equipo suizo Tudor Procyling Team: Marco Brenner (GER), Alois Charrin (FRA), Mika Heming (GER), Marius Mayrhofer (GER), Sebastien Reichenbach (SUI), Michael Storer (AUS) y Hannes Wilksch (GER).<\/p>\n","protected":false},"excerpt":{"rendered":"<p>El corredor ser\u00e1 la principal baza del Movistar en la ronda ciclista burgalesa (Fotograf\u00eda: Cxcling Creative Agency) El corredor del Movistar, Nairo Quintana, ser\u00e1 la principal baza del equipo espa\u00f1ol para llevarse la general de la ronda castellana que se disputar\u00e1 del 5 al 9 de agosto, prueba en la que ha vestido por dos [&hellip;]<\/p>\n","protected":false},"author":10,"featured_media":125176,"comment_status":"closed","ping_status":"closed","sticky":false,"template":"","format":"standard","meta":{"_monsterinsights_skip_tracking":false,"_monsterinsights_sitenote_active":false,"_monsterinsights_sitenote_note":"","_monsterinsights_sitenote_category":0,"footnotes":""},"categories":[63],"tags":[1553,64,2089,479,691],"class_list":{"0":"post-125175","1":"post","2":"type-post","3":"status-publish","4":"format-standard","5":"has-post-thumbnail","7":"category-ciclismo","8":"tag-actualidad-2","9":"tag-ciclismo","10":"tag-nairoquintana","11":"tag-vueltaaburgos","12":"tag-vueltaburgos"},"views":365,"_links":{"self":[{"href":"https:\/\/www.burgosdeporte.com\/index.php?rest_route=\/wp\/v2\/posts\/125175","targetHints":{"allow":["GET"]}}],"collection":[{"href":"https:\/\/www.burgosdeporte.com\/index.php?rest_route=\/wp\/v2\/posts"}],"about":[{"href":"https:\/\/www.burgosdeporte.com\/index.php?rest_route=\/wp\/v2\/types\/post"}],"author":[{"embeddable":true,"href":"https:\/\/www.burgosdeporte.com\/index.php?rest_route=\/wp\/v2\/users\/10"}],"replies":[{"embeddable":true,"href":"https:\/\/www.burgosdeporte.com\/index.php?rest_route=%2Fwp%2Fv2%2Fcomments&post=125175"}],"version-history":[{"count":2,"href":"https:\/\/www.burgosdeporte.com\/index.php?rest_route=\/wp\/v2\/posts\/125175\/revisions"}],"predecessor-version":[{"id":125178,"href":"https:\/\/www.burgosdeporte.com\/index.php?rest_route=\/wp\/v2\/posts\/125175\/revisions\/125178"}],"wp:featuredmedia":[{"embeddable":true,"href":"https:\/\/www.burgosdeporte.com\/index.php?rest_route=\/wp\/v2\/media\/125176"}],"wp:attachment":[{"href":"https:\/\/www.burgosdeporte.com\/index.php?rest_route=%2Fwp%2Fv2%2Fmedia&parent=125175"}],"wp:term":[{"taxonomy":"category","embeddable":true,"href":"https:\/\/www.burgosdeporte.com\/index.php?rest_route=%2Fwp%2Fv2%2Fcategories&post=125175"},{"taxonomy":"post_tag","embeddable":true,"href":"https:\/\/www.burgosdeporte.com\/index.php?rest_route=%2Fwp%2Fv2%2Ftags&post=125175"}],"curies":[{"name":"wp","href":"https:\/\/api.w.org\/{rel}","templated":true}]}}