{"id":124516,"date":"2024-07-10T14:27:52","date_gmt":"2024-07-10T12:27:52","guid":{"rendered":"https:\/\/www.burgosdeporte.com\/?p=124516"},"modified":"2024-07-11T19:01:44","modified_gmt":"2024-07-11T17:01:44","slug":"captacion-de-jugadoras-para-el-burgos-cf-femenino","status":"publish","type":"post","link":"https:\/\/www.burgosdeporte.com\/?p=124516","title":{"rendered":"Captaci\u00f3n de jugadoras para el Burgos CF Femenino"},"content":{"rendered":"\n<h2 class=\"wp-block-heading\">La campa\u00f1a est\u00e1 especialmente dirigida a las ni\u00f1as nacidas entre los a\u00f1os 2013 y 2018<\/h2>\n\n\n<div class=\"wp-block-image\">\n<figure class=\"aligncenter size-full\"><img loading=\"lazy\" decoding=\"async\" width=\"300\" height=\"250\" src=\"https:\/\/www.burgosdeporte.com\/wp-content\/uploads\/2024\/07\/Nissan_Qashqai_300x250_Julio24.jpg\" alt=\"\" class=\"wp-image-124333\" srcset=\"https:\/\/www.burgosdeporte.com\/wp-content\/uploads\/2024\/07\/Nissan_Qashqai_300x250_Julio24.jpg 300w, https:\/\/www.burgosdeporte.com\/wp-content\/uploads\/2024\/07\/Nissan_Qashqai_300x250_Julio24-150x125.jpg 150w\" sizes=\"auto, (max-width: 300px) 100vw, 300px\" \/><\/figure>\n<\/div>\n\n\n<p>El Burgos Club de F\u00fatbol Femenino comienza el per\u00edodo de captaci\u00f3n de jugadoras para su cantera. El f\u00fatbol femenino en Burgos est\u00e1 experimentando su mejor momento y desde el Burgos CF apuestan por crear tambi\u00e9n una infraestructura de f\u00fatbol femenino acorde con el crecimiento dela pr\u00e1ctica futbol\u00edstica femenina. Esta temporada El Plant\u00edo alberg\u00f3 un partido internacional de la Selecci\u00f3n Espa\u00f1ola Absoluta y tambi\u00e9n vivi\u00f3 el \u00faltimo encuentro del equipo blanquinegro femenino de la temporada, con muy buena acogida de p\u00fablico.<\/p>\n\n\n\n<p>Desde la entidad blanquinegra destacan la apuesta por mejorar esta estructura en un proyecto que quieren comenzar desde la base, considerando que la formaci\u00f3n en valores de las m\u00e1s peque\u00f1as cimenta grandes jugadoras.<\/p>\n\n\n\n<p>El Burgos CF busca ni\u00f1as para incorporarse a la cantera nacidas en los a\u00f1os\u00a02013, 2014, 2015, 2016, 2017 y 2018.<\/p>\n\n\n\n<p>Se proporciona m\u00e1s informaci\u00f3n en la tienda del Burgos CF (en El Plant\u00edo), as\u00ed como a trav\u00e9s de la siguiente direcci\u00f3n de correo electr\u00f3nico:&nbsp;<a href=\"mailto:futbolbase@burgoscf.es\"><strong>futbolbase@burgoscf.es<\/strong><\/a>.<\/p>\n","protected":false},"excerpt":{"rendered":"<p>La campa\u00f1a est\u00e1 especialmente dirigida a las ni\u00f1as nacidas entre los a\u00f1os 2013 y 2018 El Burgos Club de F\u00fatbol Femenino comienza el per\u00edodo de captaci\u00f3n de jugadoras para su cantera. El f\u00fatbol femenino en Burgos est\u00e1 experimentando su mejor momento y desde el Burgos CF apuestan por crear tambi\u00e9n una infraestructura de f\u00fatbol femenino [&hellip;]<\/p>\n","protected":false},"author":10,"featured_media":124518,"comment_status":"closed","ping_status":"closed","sticky":false,"template":"","format":"standard","meta":{"_monsterinsights_skip_tracking":false,"_monsterinsights_sitenote_active":false,"_monsterinsights_sitenote_note":"","_monsterinsights_sitenote_category":0,"footnotes":""},"categories":[4],"tags":[1553,29,77],"class_list":{"0":"post-124516","1":"post","2":"type-post","3":"status-publish","4":"format-standard","5":"has-post-thumbnail","7":"category-futbol","8":"tag-actualidad-2","9":"tag-burgoscf","10":"tag-burgoscffemenino"},"views":768,"_links":{"self":[{"href":"https:\/\/www.burgosdeporte.com\/index.php?rest_route=\/wp\/v2\/posts\/124516","targetHints":{"allow":["GET"]}}],"collection":[{"href":"https:\/\/www.burgosdeporte.com\/index.php?rest_route=\/wp\/v2\/posts"}],"about":[{"href":"https:\/\/www.burgosdeporte.com\/index.php?rest_route=\/wp\/v2\/types\/post"}],"author":[{"embeddable":true,"href":"https:\/\/www.burgosdeporte.com\/index.php?rest_route=\/wp\/v2\/users\/10"}],"replies":[{"embeddable":true,"href":"https:\/\/www.burgosdeporte.com\/index.php?rest_route=%2Fwp%2Fv2%2Fcomments&post=124516"}],"version-history":[{"count":1,"href":"https:\/\/www.burgosdeporte.com\/index.php?rest_route=\/wp\/v2\/posts\/124516\/revisions"}],"predecessor-version":[{"id":124519,"href":"https:\/\/www.burgosdeporte.com\/index.php?rest_route=\/wp\/v2\/posts\/124516\/revisions\/124519"}],"wp:featuredmedia":[{"embeddable":true,"href":"https:\/\/www.burgosdeporte.com\/index.php?rest_route=\/wp\/v2\/media\/124518"}],"wp:attachment":[{"href":"https:\/\/www.burgosdeporte.com\/index.php?rest_route=%2Fwp%2Fv2%2Fmedia&parent=124516"}],"wp:term":[{"taxonomy":"category","embeddable":true,"href":"https:\/\/www.burgosdeporte.com\/index.php?rest_route=%2Fwp%2Fv2%2Fcategories&post=124516"},{"taxonomy":"post_tag","embeddable":true,"href":"https:\/\/www.burgosdeporte.com\/index.php?rest_route=%2Fwp%2Fv2%2Ftags&post=124516"}],"curies":[{"name":"wp","href":"https:\/\/api.w.org\/{rel}","templated":true}]}}